{"id":290110,"date":"2025-12-15T21:17:08","date_gmt":"2025-12-15T21:17:08","guid":{"rendered":"https:\/\/www.europesays.com\/es\/290110\/"},"modified":"2025-12-15T21:17:08","modified_gmt":"2025-12-15T21:17:08","slug":"sorpresa-mayuscula-en-la-convocatoria-de-la-real-sociedad-con-la-vuelta-del-capitan","status":"publish","type":"post","link":"https:\/\/www.europesays.com\/es\/290110\/","title":{"rendered":"Sorpresa may\u00fascula en la convocatoria de la Real Sociedad con la vuelta del capit\u00e1n"},"content":{"rendered":"<p data-gtm-element-container=\"modulo-texto-link\" class=\"paragraph\">La Real Sociedad ha hecho oficial la convocatoria para el partido de dieciseisavos de final de la Copa del Rey frente al Eldense y lo ha hecho con una sorpresa may\u00fascula. <strong>Mikel Oyarzabal<\/strong> entra en la lista pese a no haberse entrenado con el grupo desde su lesi\u00f3n, una decisi\u00f3n que no deja de llamar la atenci\u00f3n. El capit\u00e1n, que apur\u00f3 sus opciones hasta el final, viajar\u00e1 con el equipo a Elda y ser\u00e1 Jon Ansotegi quien decida, en funci\u00f3n de sus sensaciones, si cuenta o no con \u00e9l durante el encuentro. Ser\u00eda raro.<\/p>\n<p>    Lee tambi\u00e9n<\/p>\n<p data-gtm-element-container=\"modulo-texto-link\" class=\"paragraph\">En el apartado de ausencias, la convocatoria presenta tambi\u00e9n novedades relevantes. Se caen finalmente de la lista <strong>Umar Sadiq y \u00c1lvaro Odriozola<\/strong>, ambos por no encontrarse al cien por cien en el apartado f\u00edsico y tras haber generado dudas en los \u00faltimos entrenamientos. Aun as\u00ed, ambos estuvieron en el \u00faltimo entrenamiento antes del viaje. El motivo de la no convocatoria del lateral es la sanci\u00f3n de Aramburu en liga. A ellos se suman las bajas ya conocidas de <strong>Ander Barrenetxea, \u00d3skarsson, Yangel Herrera y Rup\u00e9rez<\/strong>, todos ellos fuera de combate y sin opciones de entrar en la din\u00e1mica del equipo para este compromiso copero.\u00a0<\/p>\n<p data-gtm-element-container=\"modulo-texto-link\" class=\"paragraph\">Precisamente en ese contexto aparecen los futbolistas del filial, que vuelven a tener protagonismo en una convocatoria del primer equipo. Desde el Sanse entran en la lista <strong>Mariezkurrena <\/strong>y <strong>Astiazar\u00e1n<\/strong>, dos jugadores habituales en las din\u00e1micas recientes y que cuentan con la confianza del t\u00e9cnico, adem\u00e1s del guardameta <strong>Aitor Fraga<\/strong>, que completa el grupo de porteros para el desplazamiento.<\/p>\n","protected":false},"excerpt":{"rendered":"La Real Sociedad ha hecho oficial la convocatoria para el partido de dieciseisavos de final de la Copa&hellip;\n","protected":false},"author":2,"featured_media":290111,"comment_status":"","ping_status":"","sticky":false,"template":"","format":"standard","meta":{"footnotes":""},"categories":[268],"tags":[168,25,24,280,282,281,23,167],"class_list":{"0":"post-290110","1":"post","2":"type-post","3":"status-publish","4":"format-standard","5":"has-post-thumbnail","7":"category-futbol","8":"tag-deportes","9":"tag-es","10":"tag-espana","11":"tag-football","12":"tag-futbol","13":"tag-soccer","14":"tag-spain","15":"tag-sports"},"share_on_mastodon":{"url":"https:\/\/pubeurope.com\/@es\/115725667293878294","error":""},"_links":{"self":[{"href":"https:\/\/www.europesays.com\/es\/wp-json\/wp\/v2\/posts\/290110","targetHints":{"allow":["GET"]}}],"collection":[{"href":"https:\/\/www.europesays.com\/es\/wp-json\/wp\/v2\/posts"}],"about":[{"href":"https:\/\/www.europesays.com\/es\/wp-json\/wp\/v2\/types\/post"}],"author":[{"embeddable":true,"href":"https:\/\/www.europesays.com\/es\/wp-json\/wp\/v2\/users\/2"}],"replies":[{"embeddable":true,"href":"https:\/\/www.europesays.com\/es\/wp-json\/wp\/v2\/comments?post=290110"}],"version-history":[{"count":0,"href":"https:\/\/www.europesays.com\/es\/wp-json\/wp\/v2\/posts\/290110\/revisions"}],"wp:featuredmedia":[{"embeddable":true,"href":"https:\/\/www.europesays.com\/es\/wp-json\/wp\/v2\/media\/290111"}],"wp:attachment":[{"href":"https:\/\/www.europesays.com\/es\/wp-json\/wp\/v2\/media?parent=290110"}],"wp:term":[{"taxonomy":"category","embeddable":true,"href":"https:\/\/www.europesays.com\/es\/wp-json\/wp\/v2\/categories?post=290110"},{"taxonomy":"post_tag","embeddable":true,"href":"https:\/\/www.europesays.com\/es\/wp-json\/wp\/v2\/tags?post=290110"}],"curies":[{"name":"wp","href":"https:\/\/api.w.org\/{rel}","templated":true}]}}