{"id":290114,"date":"2025-12-15T21:19:45","date_gmt":"2025-12-15T21:19:45","guid":{"rendered":"https:\/\/www.europesays.com\/es\/290114\/"},"modified":"2025-12-15T21:19:45","modified_gmt":"2025-12-15T21:19:45","slug":"la-artista-plastica-diana-bustamante-presenta-la-exposicion-marines-en-el-club-nautic-sant-antoni","status":"publish","type":"post","link":"https:\/\/www.europesays.com\/es\/290114\/","title":{"rendered":"La artista pl\u00e1stica Diana Bustamante presenta la exposici\u00f3n &#8216;Marines&#8217; en el Club N\u00e0utic Sant Antoni"},"content":{"rendered":"<p>El <strong>Club N\u00e0utic Sant Antoni<\/strong> acoger\u00e1 a partir del <strong>jueves 18 de diciembre<\/strong> la exposici\u00f3n <strong>&#8216;Marines&#8217;, una muestra de obras in\u00e9ditas de la artista ibicenca Diana Bustamante<\/strong>, centradas en los paisajes mar\u00edtimos y los islotes de la costa oeste de Ibiza.<\/p>\n<p>El acto inaugural tendr\u00e1 lugar en el<strong> sal\u00f3n social del Club N\u00e0utic Sant Antoni, a las 19:30 horas,<\/strong> donde la propia pintora mantendr\u00e1 una charla p\u00fablica acompa\u00f1ada por <strong>el periodista Xescu Prats<\/strong>. La exposici\u00f3n permanecer\u00e1 abierta al p\u00fablico<strong> hasta el 15 de marzo.<\/strong><\/p>\n<p><strong>La exposici\u00f3n &#8216;Marines&#8217; re\u00fane representaciones del litoral ibicenco y sus islotes, incluyendo vistas de Sant Antoni y parajes como sa Conillera, s\u2019Espartar, es Vedr\u00e0 y es Vedranell, plasmadas a trav\u00e9s del caracter\u00edstico estilo de Diana Bustamante, reconocible por sus mezclas de acr\u00edlico, collage de papel japon\u00e9s y texturas con polvo de m\u00e1rmol<\/strong>. Esta iniciativa surge tras la donaci\u00f3n en verano de 2023, con motivo del 50 aniversario del CNSA, de una obra simb\u00f3lica de Bustamante: una panor\u00e1mica de los <strong>Illots de Ponent<\/strong>, que motiv\u00f3 al club a organizar esta monogr\u00e1fica.<\/p>\n<p><img loading=\"lazy\" decoding=\"async\" src=\"https:\/\/www.europesays.com\/es\/wp-content\/uploads\/2025\/12\/3597367.jpg\" border=\"0\" alt=\"Diana Bustamante\" width=\"1400\" height=\"933\"\/>&#13;<br \/>\nLa artista Diana Bustamante.&#13;<\/p>\n<p><strong>Diana Bustamante, madrile\u00f1a de nacimiento y residente en Santa Eul\u00e0ria desde su infancia, est\u00e1 licenciada en Bellas Artes por la Universidad Complutense de Madrid y formada en Artes Gr\u00e1ficas en la Escuela Oficial Islas Filipinas<\/strong>. Su dedicaci\u00f3n a las artes visuales durante m\u00e1s de tres d\u00e9cadas le ha llevado a participar en exposiciones individuales y colectivas en toda Espa\u00f1a y en el extranjero. Sus trabajos han recibido reconocimientos, como el Premi Vuit d\u2019Agost del Consell Insular d\u2019Eivissa en 2019 y el primer premio en el Concurso de Pintura de la Autoridad Portuaria Balear.<\/p>\n<p><strong>La exposici\u00f3n de Diana Bustamante podr\u00e1 visitarse de manera gratuita en el sal\u00f3n social del Club N\u00e0utic Sant Antoni durante tres meses, hasta el 15 de marzo de 2026<\/strong>. Las obras seleccionadas muestran una t\u00e9cnica propia, en la que destacan manchas envolventes, el uso de materiales mixtos y un enfoque a medio camino entre la abstracci\u00f3n y el paisaje figurativo tradicional. Los asistentes a la inauguraci\u00f3n, adem\u00e1s de recorrer la muestra, podr\u00e1n participar en el coloquio con la autora.<\/p>\n","protected":false},"excerpt":{"rendered":"El Club N\u00e0utic Sant Antoni acoger\u00e1 a partir del jueves 18 de diciembre la exposici\u00f3n &#8216;Marines&#8217;, una muestra&hellip;\n","protected":false},"author":2,"featured_media":290115,"comment_status":"","ping_status":"","sticky":false,"template":"","format":"standard","meta":{"footnotes":""},"categories":[173],"tags":[6081,5738,229,233,231,230,232,234,146,147,25,24,54664,6082,6083,23],"class_list":{"0":"post-290114","1":"post","2":"type-post","3":"status-publish","4":"format-standard","5":"has-post-thumbnail","7":"category-arte-y-diseno","8":"tag-actualidad-ibiza","9":"tag-al-dia","10":"tag-arte","11":"tag-arte-y-diseno","12":"tag-arts","13":"tag-arts-and-design","14":"tag-design","15":"tag-diseno","16":"tag-entertainment","17":"tag-entretenimiento","18":"tag-es","19":"tag-espana","20":"tag-ia-news-lite","21":"tag-informacion-ibiza","22":"tag-lugares-ibiza","23":"tag-spain"},"share_on_mastodon":{"url":"https:\/\/pubeurope.com\/@es\/115725675050682446","error":""},"_links":{"self":[{"href":"https:\/\/www.europesays.com\/es\/wp-json\/wp\/v2\/posts\/290114","targetHints":{"allow":["GET"]}}],"collection":[{"href":"https:\/\/www.europesays.com\/es\/wp-json\/wp\/v2\/posts"}],"about":[{"href":"https:\/\/www.europesays.com\/es\/wp-json\/wp\/v2\/types\/post"}],"author":[{"embeddable":true,"href":"https:\/\/www.europesays.com\/es\/wp-json\/wp\/v2\/users\/2"}],"replies":[{"embeddable":true,"href":"https:\/\/www.europesays.com\/es\/wp-json\/wp\/v2\/comments?post=290114"}],"version-history":[{"count":0,"href":"https:\/\/www.europesays.com\/es\/wp-json\/wp\/v2\/posts\/290114\/revisions"}],"wp:featuredmedia":[{"embeddable":true,"href":"https:\/\/www.europesays.com\/es\/wp-json\/wp\/v2\/media\/290115"}],"wp:attachment":[{"href":"https:\/\/www.europesays.com\/es\/wp-json\/wp\/v2\/media?parent=290114"}],"wp:term":[{"taxonomy":"category","embeddable":true,"href":"https:\/\/www.europesays.com\/es\/wp-json\/wp\/v2\/categories?post=290114"},{"taxonomy":"post_tag","embeddable":true,"href":"https:\/\/www.europesays.com\/es\/wp-json\/wp\/v2\/tags?post=290114"}],"curies":[{"name":"wp","href":"https:\/\/api.w.org\/{rel}","templated":true}]}}