{"id":290151,"date":"2025-12-15T21:51:10","date_gmt":"2025-12-15T21:51:10","guid":{"rendered":"https:\/\/www.europesays.com\/es\/290151\/"},"modified":"2025-12-15T21:51:10","modified_gmt":"2025-12-15T21:51:10","slug":"los-leoneses-podran-ver-avatar-3-con-la-calidad-premium-exigida-por-el-director","status":"publish","type":"post","link":"https:\/\/www.europesays.com\/es\/290151\/","title":{"rendered":"Los leoneses podr\u00e1n ver &#8216;Avatar 3&#8217; con la calidad premium exigida por el director"},"content":{"rendered":"<p class=\"v-mdl-ath__p v-mdl-ath__p--6\">\nLunes, 15 de diciembre 2025, 19:04<\/p>\n<p class=\"v-p\">Cuando James Cameron se imagin\u00f3 c\u00f3mo quer\u00eda que el p\u00fablico viese en el cine la nueva entrega de Avatar: Fuego y Ceniza, pens\u00f3 en el mejor formato de proyecci\u00f3n dise\u00f1ado hasta el momento: la tecnolog\u00eda Cinity. Un sistema de origen chino que integra por primera vez las mejores cualidades de la tecnolog\u00eda cinematogr\u00e1fica actual, con resoluci\u00f3n 4K, 3D, alto brillo, alta frecuencia de imagen (HFR), alto rango din\u00e1mico (HDR), amplia gama de colores y sonido envolvente. Es decir, hasta siete tecnolog\u00edas que conforman la mejor calidad de imagen y sonido jam\u00e1s vista que proporciona una experiencia inmersiva \u00fanica para el espectador, extremadamente realista.<\/p>\n<p class=\"v-p\">Pero hay un importante h\u00e1ndicap para que Cameron pueda cumplir con sus expectativas de alcanzar semejante nivel de detalle: la tecnolog\u00eda Cinity todav\u00eda no ha llegado a todos los rincones del mundo ni mucho menos. De hecho, pocos son los pa\u00edses que tendr\u00e1n esa suerte. Espa\u00f1a es l\u00edder y enclave estrat\u00e9gico, no solo en Europa, sino a nivel global, gracias al empe\u00f1o de Odeon Multicines, que ha adaptado desde junio de 2023 hasta cinco salas en Alicante, Nar\u00f3n (La Coru\u00f1a), Gerona, Le\u00f3n y Legan\u00e9s (Madrid). <\/p>\n<p class=\"v-p\">Desde entonces, en estas salas se han proyectado en calidad Cinity m\u00e1s de setenta t\u00edtulos, grandes producciones como la recientemente estrenada Wicked: Parte 2, Predator Badlands, Blancanieves, Mufasa, Capit\u00e1n Am\u00e9rica o Indiana Jones, entre muchas otras. Este no es el techo, el objetivo es ambicioso y Odeon Multicines tendr\u00e1 a punto otras seis salas con tecnolog\u00eda Cinity para este esperado estreno: en Madrid capital y Tres Cantos, en Vilanova (Barcelona), Portugalete (Vizcaya), Algeciras (C\u00e1diz) y Avil\u00e9s (Asturias).<\/p>\n<p class=\"v-p\">M\u00e1s all\u00e1 de China, donde este sistema revolucionario est\u00e1 ya presente en multitud de salas, esta calidad de cine premium solo se puede ver en dos salas de Alemania, tres de Suiza y en tan solo un cine en todo EEUU, en el estado de Wisconsin. As\u00ed, Espa\u00f1a, de la mano de esta cadena de cines de origen y capital espa\u00f1ol, se sit\u00faa a la vanguardia de la integraci\u00f3n del innovador sistema asi\u00e1tico con once salas, teniendo por delante solo al propio pa\u00eds donde se ide\u00f3. Los espectadores espa\u00f1oles ser\u00e1n de los pocos privilegiados del mundo en poder disfrutar de esta experiencia que ofrece en exclusiva Odeon Multicines, empresa reconocida por su firme apuesta en innovaci\u00f3n tecnol\u00f3gica que acerca y hace accesible al p\u00fablico la forma m\u00e1s espectacular de vivir el cine.<\/p>\n<p class=\"v-p\">Seg\u00fan explica Luis Carlos Mill\u00e1n, CEO y fundador de Odeon Multicines, \u00abAvatar: Fuego y Ceniza es una pel\u00edcula que se disfruta de verdad cuando la tecnolog\u00eda est\u00e1 a la altura de su ambici\u00f3n visual. Con Cinity conseguimos una imagen extremadamente n\u00edtida, brillante y fluida, con un 3D m\u00e1s profundo con movimientos muy suaves y naturales, colores m\u00e1s vivos y precisos, y contrastes que la hacen parecer m\u00e1s real que nunca. Eso, junto con un sonido que envuelve al espectador desde todos los \u00e1ngulos le llevar\u00e1 a sumergirse por completo en el universo de Pandora\u00bb.<\/p>\n<p>Reporta un error<\/p>\n","protected":false},"excerpt":{"rendered":"Lunes, 15 de diciembre 2025, 19:04 Cuando James Cameron se imagin\u00f3 c\u00f3mo quer\u00eda que el p\u00fablico viese en&hellip;\n","protected":false},"author":2,"featured_media":290152,"comment_status":"","ping_status":"","sticky":false,"template":"","format":"standard","meta":{"footnotes":""},"categories":[169],"tags":[181,1435,177,411,146,147,25,24,69642,176,15521,175,14698,24542,23,809],"class_list":{"0":"post-290151","1":"post","2":"type-post","3":"status-publish","4":"format-standard","5":"has-post-thumbnail","7":"category-cine","8":"tag-avatar","9":"tag-calidad","10":"tag-cine","11":"tag-director","12":"tag-entertainment","13":"tag-entretenimiento","14":"tag-es","15":"tag-espana","16":"tag-exigida","17":"tag-film","18":"tag-leoneses","19":"tag-movies","20":"tag-podran","21":"tag-premium","22":"tag-spain","23":"tag-ver"},"share_on_mastodon":{"url":"https:\/\/pubeurope.com\/@es\/115725800866759912","error":""},"_links":{"self":[{"href":"https:\/\/www.europesays.com\/es\/wp-json\/wp\/v2\/posts\/290151","targetHints":{"allow":["GET"]}}],"collection":[{"href":"https:\/\/www.europesays.com\/es\/wp-json\/wp\/v2\/posts"}],"about":[{"href":"https:\/\/www.europesays.com\/es\/wp-json\/wp\/v2\/types\/post"}],"author":[{"embeddable":true,"href":"https:\/\/www.europesays.com\/es\/wp-json\/wp\/v2\/users\/2"}],"replies":[{"embeddable":true,"href":"https:\/\/www.europesays.com\/es\/wp-json\/wp\/v2\/comments?post=290151"}],"version-history":[{"count":0,"href":"https:\/\/www.europesays.com\/es\/wp-json\/wp\/v2\/posts\/290151\/revisions"}],"wp:featuredmedia":[{"embeddable":true,"href":"https:\/\/www.europesays.com\/es\/wp-json\/wp\/v2\/media\/290152"}],"wp:attachment":[{"href":"https:\/\/www.europesays.com\/es\/wp-json\/wp\/v2\/media?parent=290151"}],"wp:term":[{"taxonomy":"category","embeddable":true,"href":"https:\/\/www.europesays.com\/es\/wp-json\/wp\/v2\/categories?post=290151"},{"taxonomy":"post_tag","embeddable":true,"href":"https:\/\/www.europesays.com\/es\/wp-json\/wp\/v2\/tags?post=290151"}],"curies":[{"name":"wp","href":"https:\/\/api.w.org\/{rel}","templated":true}]}}