{"id":290173,"date":"2025-12-15T22:07:16","date_gmt":"2025-12-15T22:07:16","guid":{"rendered":"https:\/\/www.europesays.com\/es\/290173\/"},"modified":"2025-12-15T22:07:16","modified_gmt":"2025-12-15T22:07:16","slug":"xavi-pascual-hace-sus-primeros-fichajes-en-el-barca","status":"publish","type":"post","link":"https:\/\/www.europesays.com\/es\/290173\/","title":{"rendered":"Xavi Pascual hace sus primeros &#8216;fichajes&#8217; en el Bar\u00e7a"},"content":{"rendered":"<p class=\"ft-text\"><strong>Xavi Pascual ard\u00eda desde hac\u00eda tiempo en deseos de regresar al Bar\u00e7a<\/strong> tras su exitosa primera etapa, sobre todo porque se ve\u00eda capaz de cambiar la mala din\u00e1mica del equipo desde el grave error de la Junta de Joan Laporta de <a class=\"ft-link ft-link--decoration\" href=\"https:\/\/www.sport.es\/es\/noticias\/barca\/baloncesto\/jasikevicius-sincera-salida-barca-lleve-99449963\" rel=\"nofollow noopener\" target=\"_blank\">tirar por los suelos el proyecto m\u00e1s o menos ganador de Sarunas Jasikevicius<\/a>.<\/p>\n<p class=\"ft-text\">Sin embargo, ten\u00edan que alinearse los astros y hasta el pasado verano <strong>el de Gav\u00e0 estaba muy a gusto en un Zenit que lo valor\u00f3 mucho<\/strong> desde el primer d\u00eda en todos los sentidos. Cuando fue destituido Joan Pe\u00f1arroya, <a class=\"ft-link ft-link--decoration\" href=\"https:\/\/www.sport.es\/es\/noticias\/baloncesto\/xavi-pascual-marcha-zenit-118721883\" rel=\"nofollow noopener\" target=\"_blank\">\u00e9l ya hab\u00eda dejado hac\u00eda meses el equipo de la antigua capital de Rusia y estaba libre<\/a>.<\/p>\n<p class=\"ft-text\">El acuerdo se dilat\u00f3, porque <a class=\"ft-link ft-link--decoration\" href=\"https:\/\/www.sport.es\/es\/noticias\/barca\/baloncesto\/escollo-dudar-pascual-aceptar-oferta-123651708\" rel=\"nofollow noopener\" target=\"_blank\">Pascual insisti\u00f3 en la necesidad de reforzar el equipo con un base y un p\u00edvot<\/a> de ciertas garant\u00edas. Joan Laporta le prometi\u00f3 que se abordar\u00eda ese tema a partir de enero si el club consigue el &#8216;uno-uno&#8217; de la LFP en un invento con gaseosa de Javier Tebas (\u00bfpor qu\u00e9 cuentan las secciones para el f\u00fatbol?).<\/p>\n<p><img decoding=\"async\" src=\"https:\/\/www.europesays.com\/es\/wp-content\/uploads\/2025\/12\/85e0e64f-f4e8-4c84-939f-e34915a4b8c4_alta-libre-aspect-ratio_default_0.jpg\" width=\"1200\" height=\"675\" alt=\"Xavi Pascual quiere a todo el equipo 'enchufado'\" class=\"ft-helper-img-rd\" loading=\"lazy\"\/><\/p>\n<p class=\"ft-helper-fontColor-quaternary ft-helper-fontSize-body-S ft-helper-spacer-t-xxs\">Xavi Pascual quiere a todo el equipo &#8216;enchufado&#8217;  \/ EFE<\/p>\n<p class=\"ft-text\">Pese al riesgo de quemarse con una plantilla que \u00e9l y tantos otros consideramos incompleta, el t\u00e9cnico catal\u00e1n dio el s\u00ed y cambi\u00f3 su discurso desde el primer d\u00eda que se pudo el ch\u00e1ndal en su primer entrenamiento en el Palau. <strong>\u00abAhora, a muerte con los jugadores que tengo\u00bb, fue su nuevo lema<\/strong>.<\/p>\n<p class=\"ft-text\">A falta de fichajes, Xavi Pascual centr\u00f3 sus deseos en sumar para la causa a jugadores infrautilizados durante la &#8216;era Pe\u00f1arroya&#8217; o en recuperar la mejor versi\u00f3n de algunos que estaban teniendo un rendimiento gris. <strong>Dicho y hecho. El Bar\u00e7a ya tiene una plantilla m\u00e1s amplia que a su llegada<\/strong>.<\/p>\n<p class=\"ft-text\">La victoria del domingo en Manresa (62-89) permiti\u00f3 ver una <strong>notable versi\u00f3n de <\/strong><a class=\"ft-link ft-link--decoration\" href=\"https:\/\/www.sport.es\/es\/noticias\/barca\/baloncesto\/miles-norris-expediente-x-barca-123045882\" rel=\"nofollow noopener\" target=\"_blank\"><strong>un Miles Norris que apenas ha jugado<\/strong><\/a><strong>, quien jug\u00f3 35 minutos y roz\u00f3 el &#8216;doble-doble&#8217; <\/strong>con nueve puntos, ocho rebotes y +16 de valoraci\u00f3n. Tan solo afe\u00f3 sus n\u00fameros el 1\/5 que present\u00f3 en triples. \u00bfPodr\u00e1 dar minutos de descanso de calidad a Clyburn?<\/p>\n<p><img decoding=\"async\" src=\"https:\/\/www.europesays.com\/es\/wp-content\/uploads\/2025\/12\/6c88ce6e-8587-43f2-8bcd-483b8e325da3_alta-libre-aspect-ratio_default_0.jpg\" width=\"1200\" height=\"725\" alt=\"Miles Norris empieza a asomar la cabeza\" class=\"ft-helper-img-rd\" loading=\"lazy\"\/><\/p>\n<p class=\"ft-helper-fontColor-quaternary ft-helper-fontSize-body-S ft-helper-spacer-t-xxs\">Miles Norris empieza a asomar la cabeza  \/ EFE<\/p>\n<p class=\"ft-text\"><a class=\"ft-link ft-link--decoration\" href=\"https:\/\/www.sport.es\/es\/noticias\/barca\/baloncesto\/tocado-heroe-exhibicion-dario-brizuela-124508767\" rel=\"nofollow noopener\" target=\"_blank\">El segundo &#8216;fichaje&#8217; es Dar\u00edo Brizuela<\/a>, un jugador que creci\u00f3 mucho el curso pasado con Pe\u00f1arroya y que no estaba encontrando el camino en el actual. La &#8216;Mamba&#8217; nunca se rinde y se exhibi\u00f3 en el Nou Congost con 22 puntos, dos rebotes, cuatro asistencias y +18 de valoraci\u00f3n.<\/p>\n<p class=\"ft-text\">El tercero es el m\u00e1s deseado y el que m\u00e1s ha decepcionado durante buena parte de su etapa azulgrana. <strong>Willy Hernang\u00f3mez aport\u00f3 12 puntos (5\/6 de dos y 2\/3 en tiros libres), nueve rebotes y +19<\/strong>. <a class=\"ft-link ft-link--decoration\" href=\"https:\/\/www.sport.es\/es\/noticias\/barca\/baloncesto\/xavi-pascual-willy-dado-paso-124784849\" rel=\"nofollow noopener\" target=\"_blank\">\u00abHa dado un paso adelante\u00bb, admiti\u00f3 con satisfacci\u00f3n el propio Xavi Pascual<\/a>.<\/p>\n<p class=\"ft-text\">M\u00e1s all\u00e1 de su flojo rendimiento defensivo o de que a veces (cada vez menos) parezca estar fuera de los partidos, <strong>es indiscutible el cambio f\u00edsico del madrile\u00f1o<\/strong> y eso dice mucho en su favor. Lejos de bajar los brazos, el interior ha perdido bastantes kilos y est\u00e1 mucho m\u00e1s fibrado que a inicios del curso pasado.<\/p>\n<p><img decoding=\"async\" src=\"https:\/\/www.europesays.com\/es\/wp-content\/uploads\/2025\/12\/41dc8072-8e26-4969-bbca-0cdcf3877182_alta-libre-aspect-ratio_default_0.jpg\" width=\"1200\" height=\"675\" alt=\"A Xavi Pascual le est\u00e1 gustando la actitud de Willy Hernang\u00f3mez\" class=\"ft-helper-img-rd\" loading=\"lazy\"\/><\/p>\n<p class=\"ft-helper-fontColor-quaternary ft-helper-fontSize-body-S ft-helper-spacer-t-xxs\">A Xavi Pascual le est\u00e1 gustando la actitud de Willy Hernang\u00f3mez  \/ EFE<\/p>\n<p class=\"ft-text\">El nuevo t\u00e9cnico azulgrana tambi\u00e9n est\u00e1 dando m\u00e1s minutos a Juani Marcos (obligado en parte <a class=\"ft-link ft-link--decoration\" href=\"https:\/\/www.sport.es\/es\/noticias\/barca\/baloncesto\/primer-contratiempo-xavi-pascual-laprovittola-124162179\" rel=\"nofollow noopener\" target=\"_blank\">por la baja de Nico Laprovittola<\/a>) y a Myles Cale. <strong>Incluso Fall jug\u00f3 15 en Manresa, con seis puntos, seis rebotes y +12<\/strong>. Hay que citar tambi\u00e9n el partidazo de Joel Parra ante el Morabanc Andorra con 24 puntos, nueve rebotes y +34.<\/p>\n<p class=\"ft-text\">El caso es que tras debutar <a class=\"ft-link ft-link--decoration\" href=\"https:\/\/www.sport.es\/es\/noticias\/barca\/baloncesto\/barca-pascual-arranca-tropiezo-final-123950602\" rel=\"nofollow noopener\" target=\"_blank\">en la pista del Anadolu con una injusta derrota por una falta inexistente en contra sobre la bocina (74-73)<\/a>, <strong>el Bar\u00e7a con sus nuevos fichajes suma seis victorias seguidas<\/strong> ante &#8216;Granca&#8217; (61-72), ASVEL (88-78), Estrella Roja (79-89), Andorra (102-71), Olympiacos (98-85) y Manresa (62-89).<\/p>\n<p class=\"ft-text\">Lo siguiente ser\u00e1 visitar este mismo martes al Paris Basketball antes de recibir en el Palau al Baskonia este viernes en Euroliga (20.30 h) y a la Penya el domingo en Liga Endesa (12.30 h). Entretanto, <a class=\"ft-link ft-link--decoration\" href=\"https:\/\/www.sport.es\/es\/noticias\/barca\/baloncesto\/xavi-pascual-tendria-atado-primer-124067900\" rel=\"nofollow noopener\" target=\"_blank\"><strong>la secretar\u00eda sigue buscando refuerzos para enero. \u00bfAmar Alibegovic?<\/strong><\/a><strong> \u00bfTrae Bell-Haynes? \u00bfChris Silva?<\/strong><\/p>\n","protected":false},"excerpt":{"rendered":"Xavi Pascual ard\u00eda desde hac\u00eda tiempo en deseos de regresar al Bar\u00e7a tras su exitosa primera etapa, sobre&hellip;\n","protected":false},"author":2,"featured_media":290174,"comment_status":"","ping_status":"","sticky":false,"template":"","format":"standard","meta":{"footnotes":""},"categories":[269],"tags":[299,2296,298,168,25,24,285,1737,23,167,4658],"class_list":{"0":"post-290173","1":"post","2":"type-post","3":"status-publish","4":"format-standard","5":"has-post-thumbnail","7":"category-baloncesto","8":"tag-baloncesto","9":"tag-barca","10":"tag-basketball","11":"tag-deportes","12":"tag-es","13":"tag-espana","14":"tag-fichajes","15":"tag-laporta","16":"tag-spain","17":"tag-sports","18":"tag-xavi-pascual"},"share_on_mastodon":{"url":"https:\/\/pubeurope.com\/@es\/115725864243245796","error":""},"_links":{"self":[{"href":"https:\/\/www.europesays.com\/es\/wp-json\/wp\/v2\/posts\/290173","targetHints":{"allow":["GET"]}}],"collection":[{"href":"https:\/\/www.europesays.com\/es\/wp-json\/wp\/v2\/posts"}],"about":[{"href":"https:\/\/www.europesays.com\/es\/wp-json\/wp\/v2\/types\/post"}],"author":[{"embeddable":true,"href":"https:\/\/www.europesays.com\/es\/wp-json\/wp\/v2\/users\/2"}],"replies":[{"embeddable":true,"href":"https:\/\/www.europesays.com\/es\/wp-json\/wp\/v2\/comments?post=290173"}],"version-history":[{"count":0,"href":"https:\/\/www.europesays.com\/es\/wp-json\/wp\/v2\/posts\/290173\/revisions"}],"wp:featuredmedia":[{"embeddable":true,"href":"https:\/\/www.europesays.com\/es\/wp-json\/wp\/v2\/media\/290174"}],"wp:attachment":[{"href":"https:\/\/www.europesays.com\/es\/wp-json\/wp\/v2\/media?parent=290173"}],"wp:term":[{"taxonomy":"category","embeddable":true,"href":"https:\/\/www.europesays.com\/es\/wp-json\/wp\/v2\/categories?post=290173"},{"taxonomy":"post_tag","embeddable":true,"href":"https:\/\/www.europesays.com\/es\/wp-json\/wp\/v2\/tags?post=290173"}],"curies":[{"name":"wp","href":"https:\/\/api.w.org\/{rel}","templated":true}]}}