{"id":290228,"date":"2025-12-15T22:44:36","date_gmt":"2025-12-15T22:44:36","guid":{"rendered":"https:\/\/www.europesays.com\/es\/290228\/"},"modified":"2025-12-15T22:44:36","modified_gmt":"2025-12-15T22:44:36","slug":"fundacion-integra-y-banco-santander-logran-la-insercion-laboral-de-40-personas-afectadas-por-la-dana-en-la-comunidad-valenciana","status":"publish","type":"post","link":"https:\/\/www.europesays.com\/es\/290228\/","title":{"rendered":"Fundaci\u00f3n Integra y Banco Santander logran la inserci\u00f3n laboral de 40 personas afectadas por la DANA en la Comunidad Valenciana"},"content":{"rendered":"<p>El programa \u201cUn empleo, un futuro tras la DANA\u201d ha facilitado itinerarios de orientaci\u00f3n laboral a 60 personas, con la participaci\u00f3n de profesionales voluntarios, entre ellos, del Santander.<\/p>\n<p><strong>Valencia, 15 de diciembre de 2025.<\/strong><br \/>&#13;<br \/>\nFundaci\u00f3n Integra y Banco Santander han concluido con \u00e9xito el proyecto<strong> \u201cUn empleo, un futuro tras la DANA\u201d<\/strong>, una iniciativa de ocho meses que ha mejorado la empleabilidad de 60 personas que lo hab\u00edan perdido todo tras la cat\u00e1strofe en la Comunidad Valenciana. Gracias al programa, 40 de ellas ya han accedido a un empleo, recuperando as\u00ed la estabilidad.<\/p>\n<p>Financiado por Santander y ejecutado por Fundaci\u00f3n Integra, el proyecto ha ofrecido acompa\u00f1amiento, orientaci\u00f3n, formaci\u00f3n e intermediaci\u00f3n laboral a los participantes. En el proyecto han participado m\u00e1s de 40 entidades sociales y 30 empresas del territorio, con el objetivo de acompa\u00f1ar a personas en exclusi\u00f3n severa \u2014mujeres v\u00edctimas de violencia, personas sin hogar, exreclusos, exdrogodependientes, familias sin recursos\u2014 en la reconstrucci\u00f3n de sus vidas y su acceso a un empleo digno.<\/p>\n<p>\u201cEl empleo es mucho m\u00e1s que un contrato: es la oportunidad de recuperar el control de sus vidas, de volver a sentirse capaces y de proyectar un futuro posible. Eso es lo que este proyecto ha devuelto a cada una de estas personas\u201d, destaca Fundaci\u00f3n Integra.<\/p>\n<p>El programa ha atendido a 60 personas, todas incorporadas a itinerarios de orientaci\u00f3n laboral, logrando 40 contrataciones \u201427 en empresas de la Red de Fundaci\u00f3n Integra y 13 en otras compa\u00f1\u00edas\u2014 en sectores como limpieza, almac\u00e9n, caja y reposici\u00f3n, auxiliar administrativo y hosteler\u00eda. En total, 11 empresas han incorporado talento del proyecto, todas con valoraci\u00f3n positiva en el primer mes.<\/p>\n<p>La iniciativa ha incluido un programa formativo de 30 horas impartido por 24 voluntarios corporativos de 14 empresas, entre ellos profesionales del Santander, con talleres de CV, entrevistas, competencias laborales, motivaci\u00f3n, comunicaci\u00f3n y gesti\u00f3n emocional y econ\u00f3mica. Esta formaci\u00f3n ha supuesto un punto de inflexi\u00f3n para los participantes, reforzando su confianza y preparaci\u00f3n para el empleo.<\/p>\n<p>Fundaci\u00f3n Integra y Banco Santander reafirman con este proyecto su compromiso con la integraci\u00f3n laboral y con la mejora de la vida de las personas m\u00e1s vulnerables, demostrando el valor del trabajo conjunto entre empresas, entidades sociales y voluntarios para generar un impacto real y duradero.<\/p>\n<p>Santander tambi\u00e9n colabora con Fundaci\u00f3n Integra en el programa \u201cDe Mujer a Mujer\u201d que desarrollan desde 2017; una iniciativa en la que 15 profesionales voluntarias del banco acompa\u00f1an y mentorizan durante seis meses a 15 mujeres v\u00edctimas de violencia en su camino hacia la integraci\u00f3n laboral y la independencia personal. Desde su inicio, 134 mujeres han formado parte del programa, con un \u00edndice de inserci\u00f3n laboral del 80%.<\/p>\n<p>Sobre Fundaci\u00f3n Integra<\/p>\n<p>Fundaci\u00f3n Integra es una entidad sin \u00e1nimo de lucro que trabaja desde 2001 para facilitar el acceso al empleo de personas en exclusi\u00f3n social y personas con discapacidad, colaborando con empresas y voluntarios para crear oportunidades laborales que cambien vidas. Desde 2001 ha facilitado m\u00e1s de 26.500 empleos. En Fundaci\u00f3n Integra ayudamos a las empresas a contratar e integrar a personas en exclusi\u00f3n social y con discapacidad.<\/p>\n","protected":false},"excerpt":{"rendered":"El programa \u201cUn empleo, un futuro tras la DANA\u201d ha facilitado itinerarios de orientaci\u00f3n laboral a 60 personas,&hellip;\n","protected":false},"author":2,"featured_media":290229,"comment_status":"","ping_status":"","sticky":false,"template":"","format":"standard","meta":{"footnotes":""},"categories":[8],"tags":[17,18,25,24,13,14,11,19,20,9,7207,10,15,16,23,12,21,22],"class_list":{"0":"post-290228","1":"post","2":"type-post","3":"status-publish","4":"format-standard","5":"has-post-thumbnail","7":"category-espana","8":"tag-breaking-news","9":"tag-breakingnews","10":"tag-es","11":"tag-espana","12":"tag-featured-news","13":"tag-featurednews","14":"tag-headlines","15":"tag-latest-news","16":"tag-latestnews","17":"tag-news","18":"tag-notas-de-prensa","19":"tag-noticias","20":"tag-noticias-destacadas","21":"tag-noticiasdestacadas","22":"tag-spain","23":"tag-titulares","24":"tag-ultimas-noticias","25":"tag-ultimasnoticias"},"share_on_mastodon":{"url":"https:\/\/pubeurope.com\/@es\/115726009615172518","error":""},"_links":{"self":[{"href":"https:\/\/www.europesays.com\/es\/wp-json\/wp\/v2\/posts\/290228","targetHints":{"allow":["GET"]}}],"collection":[{"href":"https:\/\/www.europesays.com\/es\/wp-json\/wp\/v2\/posts"}],"about":[{"href":"https:\/\/www.europesays.com\/es\/wp-json\/wp\/v2\/types\/post"}],"author":[{"embeddable":true,"href":"https:\/\/www.europesays.com\/es\/wp-json\/wp\/v2\/users\/2"}],"replies":[{"embeddable":true,"href":"https:\/\/www.europesays.com\/es\/wp-json\/wp\/v2\/comments?post=290228"}],"version-history":[{"count":0,"href":"https:\/\/www.europesays.com\/es\/wp-json\/wp\/v2\/posts\/290228\/revisions"}],"wp:featuredmedia":[{"embeddable":true,"href":"https:\/\/www.europesays.com\/es\/wp-json\/wp\/v2\/media\/290229"}],"wp:attachment":[{"href":"https:\/\/www.europesays.com\/es\/wp-json\/wp\/v2\/media?parent=290228"}],"wp:term":[{"taxonomy":"category","embeddable":true,"href":"https:\/\/www.europesays.com\/es\/wp-json\/wp\/v2\/categories?post=290228"},{"taxonomy":"post_tag","embeddable":true,"href":"https:\/\/www.europesays.com\/es\/wp-json\/wp\/v2\/tags?post=290228"}],"curies":[{"name":"wp","href":"https:\/\/api.w.org\/{rel}","templated":true}]}}