{"id":290234,"date":"2025-12-15T22:51:15","date_gmt":"2025-12-15T22:51:15","guid":{"rendered":"https:\/\/www.europesays.com\/es\/290234\/"},"modified":"2025-12-15T22:51:15","modified_gmt":"2025-12-15T22:51:15","slug":"el-ciclocross-se-cita-en-montuiri","status":"publish","type":"post","link":"https:\/\/www.europesays.com\/es\/290234\/","title":{"rendered":"El ciclocross se cita en Montu\u00efri"},"content":{"rendered":"<p>Este domingo se ha disputado, en los alrededores de la localidad de <strong>Montu\u00efri<\/strong>, la pen\u00faltima prueba de la <strong>Challenge de <a href=\"https:\/\/www.ultimahora.es\/etiqueta\/Ciclocross.html?utm_source=Inline-tag&amp;utm_medium=internal\" rel=\"nofollow noopener\" target=\"_blank\">Ciclocross<\/a> RAD Salon ABUS<\/strong>. La jornada estuvo marcada por una <strong>meteorolog\u00eda cambiante<\/strong>, con abundante nubosidad que, finalmente, no lleg\u00f3 a descargar, permitiendo el correcto desarrollo de la competici\u00f3n y el disfrute de una aut\u00e9ntica jornada de ciclocross por parte de los participantes.<\/p>\n<p>El programa incluy\u00f3 pruebas para todas las categor\u00edas, desde Promesas y Principiantes hasta Alevines, Infantiles, Open B y Open A. La<strong> entrega de trofeos<\/strong> corri\u00f3 a cargo del alcalde de Montu\u00efri, Toni Miralles, acompa\u00f1ado por uno de sus regidores, y por parte de la Uni\u00f3 Ciclista Montu\u00efri particip\u00f3 su presidente, Juan Mayol. El <strong>buen ambiente, la destacada participaci\u00f3n y el elevado nivel competitivo<\/strong> marcaron una prueba que volvi\u00f3 a confirmar esta cita como una de las m\u00e1s consolidadas del calendario balear de ciclocross.<\/p>\n<p>Los podios fueron los siguientes.<\/p>\n<p><strong>Alevines<\/strong>: 1\u00ba Jaume Salmer\u00f3n, 2\u00ba Bartomeu Verger, 3\u00ba Adri\u00e1n Tolosa <strong>Alevines F\u00e9minas<\/strong>: 1\u00aa Clara Nadal, 2\u00aa Julia Garau. <strong>Infantiles<\/strong>: 1\u00ba Jos\u00e9 Reyes, 2\u00ba Connell Francis McGough, 3\u00ba Toni Soler Infantiles <strong>F\u00e9minas<\/strong>: 1\u00aa Martina Roig, 2\u00aa Mar\u00eda Prats <strong>Open A<\/strong>: 1\u00ba Sebasti\u00e1n Rigo, 2\u00ba Bernat Massanet, 3\u00ba Manuel Lares-Franco. <strong>\u00c9lite<\/strong>: 1\u00ba Bernat Massanet, 2\u00ba Manuel Lares-Franco, 3\u00ba Magi Rossell\u00f3. <strong>J\u00fanior<\/strong>: 1\u00ba Jaume Xavier Oliver, 2\u00ba Marc Mayol <strong>Open B<\/strong>: 1\u00ba Andreu Martorell, 2\u00ba Miguel Juan Adrover, 3\u00ba \u00c1ngel Garau. <strong>Cadete<\/strong>: 1\u00ba Andreu Martorell, 2\u00ba \u00c1ngel Garau, 3\u00ba Miquel Perell\u00f3<strong> Open F\u00e9minas<\/strong>: 1\u00aa Mireia Escobar, 2\u00aa Mar\u00eda del Mar Forteza <strong>M\u00e1ster 30<\/strong>: 1\u00ba Sebasti\u00e1n Mascar\u00f3, 2\u00ba Francisco Quetglas, 3\u00ba Francisco Xavier Carralero <strong>M\u00e1ster 40<\/strong>: 1\u00ba Juan Verger, 2\u00ba Toni Quetglas, 3\u00ba Mart\u00edn Jaume <strong>M\u00e1ster 50<\/strong>: 1\u00ba Miguel Juan Adrover, 2\u00ba Miguel \u00c1ngel Franco, 3\u00ba Miquel Arbona <strong>M\u00e1ster 60<\/strong>: 1\u00ba Heiko Rotzoll, 2\u00ba Wittig Torsten, 3\u00ba Juan Antonio Abraham.<\/p>\n","protected":false},"excerpt":{"rendered":"Este domingo se ha disputado, en los alrededores de la localidad de Montu\u00efri, la pen\u00faltima prueba de la&hellip;\n","protected":false},"author":2,"featured_media":290235,"comment_status":"","ping_status":"","sticky":false,"template":"","format":"standard","meta":{"footnotes":""},"categories":[273],"tags":[313,44324,312,1916,168,25,24,329,1915,23,167,327,1794,1917],"class_list":{"0":"post-290234","1":"post","2":"type-post","3":"status-publish","4":"format-standard","5":"has-post-thumbnail","7":"category-ciclismo","8":"tag-ciclismo","9":"tag-ciclocross","10":"tag-cycling","11":"tag-deporte-balear","12":"tag-deportes","13":"tag-es","14":"tag-espana","15":"tag-golf","16":"tag-otros-deportes","17":"tag-spain","18":"tag-sports","19":"tag-tenis","20":"tag-vela","21":"tag-voleibol"},"share_on_mastodon":{"url":"https:\/\/pubeurope.com\/@es\/115726036717238230","error":""},"_links":{"self":[{"href":"https:\/\/www.europesays.com\/es\/wp-json\/wp\/v2\/posts\/290234","targetHints":{"allow":["GET"]}}],"collection":[{"href":"https:\/\/www.europesays.com\/es\/wp-json\/wp\/v2\/posts"}],"about":[{"href":"https:\/\/www.europesays.com\/es\/wp-json\/wp\/v2\/types\/post"}],"author":[{"embeddable":true,"href":"https:\/\/www.europesays.com\/es\/wp-json\/wp\/v2\/users\/2"}],"replies":[{"embeddable":true,"href":"https:\/\/www.europesays.com\/es\/wp-json\/wp\/v2\/comments?post=290234"}],"version-history":[{"count":0,"href":"https:\/\/www.europesays.com\/es\/wp-json\/wp\/v2\/posts\/290234\/revisions"}],"wp:featuredmedia":[{"embeddable":true,"href":"https:\/\/www.europesays.com\/es\/wp-json\/wp\/v2\/media\/290235"}],"wp:attachment":[{"href":"https:\/\/www.europesays.com\/es\/wp-json\/wp\/v2\/media?parent=290234"}],"wp:term":[{"taxonomy":"category","embeddable":true,"href":"https:\/\/www.europesays.com\/es\/wp-json\/wp\/v2\/categories?post=290234"},{"taxonomy":"post_tag","embeddable":true,"href":"https:\/\/www.europesays.com\/es\/wp-json\/wp\/v2\/tags?post=290234"}],"curies":[{"name":"wp","href":"https:\/\/api.w.org\/{rel}","templated":true}]}}