{"id":290238,"date":"2025-12-15T22:54:12","date_gmt":"2025-12-15T22:54:12","guid":{"rendered":"https:\/\/www.europesays.com\/es\/290238\/"},"modified":"2025-12-15T22:54:12","modified_gmt":"2025-12-15T22:54:12","slug":"alineaciones-confirmadas-de-rayo-vallecano-y-betis-hoy-jornada-16-laliga","status":"publish","type":"post","link":"https:\/\/www.europesays.com\/es\/290238\/","title":{"rendered":"Alineaciones confirmadas de Rayo Vallecano y Betis hoy, jornada 16 LaLiga"},"content":{"rendered":"<p>  <a class=\"_link_1blok_1\" href=\"https:\/\/www.eldesmarque.com\/autores\/juan-ignacio-lechuga\/#utm_source=autor\" rel=\"author nofollow noopener\" target=\"_blank\"><img decoding=\"async\" class=\"_authorImage_1opue_40\" src=\"https:\/\/www.europesays.com\/es\/wp-content\/uploads\/2025\/12\/juanignaciolechuga_da39-2.png\" alt=\"Juan Ignacio Lechuga\" loading=\"lazy\" width=\"100\" height=\"100\"\/><\/a>  Compartir  <\/p>\n<p class=\"_container_r6ld5_1 _container_1uguc_1 &#10;    color_eta\">Alineaciones confirmadas en Vallecas. El <strong>Rayo Vallecano<\/strong> y el <strong>Real Betis<\/strong> <a href=\"\">cierran la jornada 16 de LaLiga EA Sports<\/a>, a la espera de se concrete, eso s\u00ed, una fecha para <a href=\"https:\/\/www.eldesmarque.com\/futbol\/liga-1a-division\/20251214\/laliga-aplaza-levante-villarreal-alerta-roja_18_017854801.html#utm_source=cuerpo&amp;utm_medium=articulo\" rel=\"nofollow noopener\" target=\"_blank\">el Levante-Villarreal aplazado<\/a>. I\u00f1igo P\u00e9rez y Manuel Pellegrini buscar\u00e1n un triunfo para afianzar sus opciones europeas en este tramo final de la primera vuelta.<\/p>\n<p class=\"_container_r6ld5_1 _container_1uguc_1 &#10;    color_eta\">El once de I\u00f1igo P\u00e9rez est\u00e1 marcado por la plaga de bajas. No ha podido contar con Trejo, Alemao, Nteka, Mumim ni M\u00e9ndez por lesi\u00f3n, pero es que adem\u00e1s Unai L\u00f3pez est\u00e1 sancionado.<\/p>\n<p>PUEDE INTERESARTE<\/p>\n<p class=\"_container_r6ld5_1 _container_1uguc_1 &#10;    color_eta\">El t\u00e9cnico apuesta por dos laterales zurdos, Chavarr\u00eda y Espino, por lo que todo apunta a que uno de ellos jugar\u00e1 por delante para mantener la l\u00ednea de cuatro atr\u00e1s. Isi recupera su sitio en el once, mientras que \u00c1lvaro y Jorge de Frutos completan el ataque.<\/p>\n<p class=\"_container_r6ld5_1 _container_1uguc_1 &#10;    color_eta\">El once del Rayo Vallecano est\u00e1 formado por <strong>Batalla; Ratiu, Mendy, Lejeune, Chavarr\u00eda; Isi, \u00d3scar Valent\u00edn, Ciss, Espino; \u00c1lvaro y De Frutos<\/strong>.<\/p>\n<p class=\"_container_r6ld5_1 _container_1uguc_1 &#10;    color_eta\">En el banquillo esperar\u00e1n su turno C\u00e1rdenas, Juanpe, Pedro D\u00edaz, Luiz Felipe, Camello, Gumbau, Balliu, Fran P\u00e9rez, Becerra y Jozhua.<\/p>\n<p>PUEDE INTERESARTE<\/p>\n<p class=\"_container_r6ld5_1 _container_1uguc_1 &#10;    color_eta\">Manuel Pellegrini no puede contar con los lesionados Beller\u00edn, Isco, Amrabat ni Junior Firpo. Adem\u00e1s, tanto Bakambu como Ez Abde <a href=\"https:\/\/www.eldesmarque.com\/futbol\/20251202\/bakambu-partidos-copa-africa-betis_18_017807631.html#utm_source=cuerpo&amp;utm_medium=articulo\" rel=\"nofollow noopener\" target=\"_blank\">se han ido ya a la Copa \u00c1frica<\/a>, por lo que no volver\u00e1n a jugar con la camiseta verdiblanca hasta el pr\u00f3ximo a\u00f1o.<\/p>\n<p class=\"_container_r6ld5_1 _container_1uguc_1 &#10;    color_eta\">El t\u00e9cnico apuesta finalmente por \u00c1lvaro Valles bajo palos y por Ricardo Rodr\u00edguez en el lateral izquierdo, dejando en el banquillo a Valent\u00edn G\u00f3mez. Riquelme consigue ganarse un sitio en el once ante la ausencia de Abde, mientras que Bartra se queda en el banquillo para que Diego Llorente acompa\u00f1e a Natan.<\/p>\n<p>PUEDE INTERESARTE<\/p>\n<p class=\"_container_r6ld5_1 _container_1uguc_1 &#10;    color_eta\">As\u00ed pues, el once del Betis est\u00e1 formado por <strong>Valles; Aitor, Llorente, Natan, Ricardo; Marc Roca, Deossa; Antony, Fornals, Riquelme; y Cucho Hern\u00e1ndez<\/strong>.<\/p>\n<p class=\"_container_r6ld5_1 _container_1uguc_1 &#10;    color_eta\">En el banquillo verdiblanco estar\u00e1n Adri\u00e1n, Pau L\u00f3pez, Bartra, Altimira, Chimy \u00c1vila, Valent\u00edn G\u00f3mez, Lo Celso, \u00c1ngel y Pablo Garc\u00eda.<\/p>\n","protected":false},"excerpt":{"rendered":"Compartir Alineaciones confirmadas en Vallecas. El Rayo Vallecano y el Real Betis cierran la jornada 16 de LaLiga&hellip;\n","protected":false},"author":2,"featured_media":290239,"comment_status":"","ping_status":"","sticky":false,"template":"","format":"standard","meta":{"footnotes":""},"categories":[268],"tags":[168,25,24,280,282,281,23,167],"class_list":{"0":"post-290238","1":"post","2":"type-post","3":"status-publish","4":"format-standard","5":"has-post-thumbnail","7":"category-futbol","8":"tag-deportes","9":"tag-es","10":"tag-espana","11":"tag-football","12":"tag-futbol","13":"tag-soccer","14":"tag-spain","15":"tag-sports"},"share_on_mastodon":{"url":"https:\/\/pubeurope.com\/@es\/115726048888424980","error":""},"_links":{"self":[{"href":"https:\/\/www.europesays.com\/es\/wp-json\/wp\/v2\/posts\/290238","targetHints":{"allow":["GET"]}}],"collection":[{"href":"https:\/\/www.europesays.com\/es\/wp-json\/wp\/v2\/posts"}],"about":[{"href":"https:\/\/www.europesays.com\/es\/wp-json\/wp\/v2\/types\/post"}],"author":[{"embeddable":true,"href":"https:\/\/www.europesays.com\/es\/wp-json\/wp\/v2\/users\/2"}],"replies":[{"embeddable":true,"href":"https:\/\/www.europesays.com\/es\/wp-json\/wp\/v2\/comments?post=290238"}],"version-history":[{"count":0,"href":"https:\/\/www.europesays.com\/es\/wp-json\/wp\/v2\/posts\/290238\/revisions"}],"wp:featuredmedia":[{"embeddable":true,"href":"https:\/\/www.europesays.com\/es\/wp-json\/wp\/v2\/media\/290239"}],"wp:attachment":[{"href":"https:\/\/www.europesays.com\/es\/wp-json\/wp\/v2\/media?parent=290238"}],"wp:term":[{"taxonomy":"category","embeddable":true,"href":"https:\/\/www.europesays.com\/es\/wp-json\/wp\/v2\/categories?post=290238"},{"taxonomy":"post_tag","embeddable":true,"href":"https:\/\/www.europesays.com\/es\/wp-json\/wp\/v2\/tags?post=290238"}],"curies":[{"name":"wp","href":"https:\/\/api.w.org\/{rel}","templated":true}]}}