{"id":290266,"date":"2025-12-15T23:16:22","date_gmt":"2025-12-15T23:16:22","guid":{"rendered":"https:\/\/www.europesays.com\/es\/290266\/"},"modified":"2025-12-15T23:16:22","modified_gmt":"2025-12-15T23:16:22","slug":"kobi-simmons-ante-su-ultima-semana-de-contrato-con-el-baskonia","status":"publish","type":"post","link":"https:\/\/www.europesays.com\/es\/290266\/","title":{"rendered":"Kobi Simmons, ante su \u00faltima semana de contrato con el Baskonia"},"content":{"rendered":"<p>\n        <strong>Esta semana ser\u00e1 clave para la temporada del <\/strong><a href=\"https:\/\/www.noticiasdealava.eus\/baskonia\/\" title=\"Kosner Baskonia\" class=\"link copy\" rel=\"nofollow noopener\" target=\"_blank\"><strong>Kosner Baskonia<\/strong><\/a>, no s\u00f3lo porque deber\u00e1 afrontar una exigente triple jornada al recibir al AS M\u00f3naco y visitar al Barcelona en la Euroliga y viajar a M\u00e1laga para enfrentarse al Unicaja en la ACB, sino porque ser\u00e1 la que <strong>marcar\u00e1 el futuro de quien ha sido el principal base del equipo los dos \u00faltimos meses <\/strong>de competici\u00f3n.\n<\/p>\n<p class=\"article-body__text \">\n        <strong>Kobi Simmons<\/strong>, que aterriz\u00f3 en Vitoria-Gasteiz el pasado 18 de octubre como refuerzo temporal por la lesi\u00f3n de Trent Forrest, <strong>concluir\u00e1 su contrato al t\u00e9rmino de esta semana, en la que a\u00fan estar\u00e1 disponible para Paolo Galbiati de cara a los tres encuentros<\/strong> mencionados, los \u00faltimos de su contrato.\n<\/p>\n<p>            <a href=\"https:\/\/www.noticiasdealava.eus\/baskonia\/2025\/12\/02\/nowell-contrato-blindado-junio-10424351.html\" title=\"Nowell, un contrato blindado hasta junio\" class=\"new__media\" rel=\"nofollow noopener\" target=\"_blank\"><\/p>\n<p>                <img alt=\"Nowell, un contrato blindado hasta junio\" data-src=\"https:\/\/www.europesays.com\/es\/wp-content\/uploads\/2025\/10\/7247433e-738d-4cf0-a750-4f3f97c54cb3_16-9-aspect-ratio_default_0.jpg\" class=\"lozad\"\/><\/p>\n<p>        <\/a><\/p>\n<p>        <a href=\"https:\/\/www.noticiasdealava.eus\/baskonia\/2025\/12\/02\/nowell-contrato-blindado-junio-10424351.html\" title=\"Nowell, un contrato blindado hasta junio\" class=\"new__headline\" rel=\"nofollow noopener\" target=\"_blank\"><br \/>\n            Nowell, un contrato blindado hasta junio<br \/>\n        <\/a><\/p>\n<p class=\"article-body__text \">\n        Tras ello, <strong>la secretar\u00eda t\u00e9cnica encabezada por Xevi Pujol y el director deportivo F\u00e9lix Fern\u00e1ndez deber\u00e1n tomar conjuntamente la decisi\u00f3n de ejecutar o no la opci\u00f3n de prolongar hasta el final de temporada la vinculaci\u00f3n de Simmons<\/strong>. Como bien es sabido y coment\u00f3 el propio F\u00e9lix Fern\u00e1ndez en su \u00faltima intervenci\u00f3n ante los medios de comunicaci\u00f3n, \u201cno es lo adecuado contar con cuatro extracomunitarios en la plantilla\u201d, por lo que Forrest, Nowell, Howard o Simmons deber\u00e1n, salvo sorpresa, abandonar Vitoria-Gasteiz en los pr\u00f3ximos d\u00edas.\n<\/p>\n<p class=\"article-body__text \">\n        <strong>Por prestaciones y relevancia para Paolo Galbiati, el descarte deber\u00eda ser Markquis Nowell<\/strong>, aunque el base neoyorquino tiene contrato garantizado hasta el final de la presente temporada, por lo que ser\u00eda necesario pagarle una compensaci\u00f3n econ\u00f3mica para rescindir su contrato, algo innecesario en el caso de Simmons.\n<\/p>\n<p>            <a href=\"https:\/\/www.noticiasdealava.eus\/baskonia\/2025\/12\/10\/adecuado-cuatro-extracomunitarios-equipo-baskonia-nowell-simmons-10452919.html\" title=\"&quot;No es lo adecuado tener cuatro extracomunitarios en el equipo&quot;\" class=\"new__media\" rel=\"nofollow noopener\" target=\"_blank\"><\/p>\n<p>                <img alt=\"&quot;No es lo adecuado tener cuatro extracomunitarios en el equipo&quot;\" data-src=\"https:\/\/www.europesays.com\/es\/wp-content\/uploads\/2025\/12\/7fb218f8-7903-4f83-902c-32e0bbe1e119_16-9-aspect-ratio_default_0_x703y421.jpg\" class=\"lozad\"\/><\/p>\n<p>        <\/a><\/p>\n<p>        <a href=\"https:\/\/www.noticiasdealava.eus\/baskonia\/2025\/12\/10\/adecuado-cuatro-extracomunitarios-equipo-baskonia-nowell-simmons-10452919.html\" title=\"&quot;No es lo adecuado tener cuatro extracomunitarios en el equipo&quot;\" class=\"new__headline\" rel=\"nofollow noopener\" target=\"_blank\"><br \/>\n            \u00abNo es lo adecuado tener cuatro extracomunitarios en el equipo\u00bb<br \/>\n        <\/a><\/p>\n<p class=\"article-body__text \">\n        La presentaci\u00f3n de Eugene Omoruyi de este martes, en la que volver\u00e1 a intervenir F\u00e9lix Fern\u00e1ndez, podr\u00eda arrojar algo de luz al asunto, aunque si nada ha cambiado habr\u00e1 que esperar a que termine la semana para conocer la decisi\u00f3n. <strong>La rotaci\u00f3n que plantee Galbiati, que en todo momento ha confiado en Simmons por encima de Nowell, podr\u00eda dar pistas sobre el futuro que les depara a uno y a otro<\/strong> ahora que Trent Forrest est\u00e1 de vuelta.\n<\/p>\n<p class=\"article-body__text \">\n        Forrest fue de menos a m\u00e1s en su regreso a las canchas el pasado viernes contra el Real Madrid y deber\u00eda ir ganando progresivamente peso en el reparto de minutos y el domingo, en la visita al Unicaja, Galbiati tendr\u00e1 el dilema de qu\u00e9 dos descartes realizar entre sus cuatro exteriores estadounidenses. <strong>El tiempo dir\u00e1 si esta es la \u00faltima semana de Simmons<\/strong> como azulgrana.<\/p>\n","protected":false},"excerpt":{"rendered":"Esta semana ser\u00e1 clave para la temporada del Kosner Baskonia, no s\u00f3lo porque deber\u00e1 afrontar una exigente triple&hellip;\n","protected":false},"author":2,"featured_media":290267,"comment_status":"","ping_status":"","sticky":false,"template":"","format":"standard","meta":{"footnotes":""},"categories":[269],"tags":[299,298,106,168,25,24,52305,773,6018,23,167,1885],"class_list":{"0":"post-290266","1":"post","2":"type-post","3":"status-publish","4":"format-standard","5":"has-post-thumbnail","7":"category-baloncesto","8":"tag-baloncesto","9":"tag-basketball","10":"tag-contrato","11":"tag-deportes","12":"tag-es","13":"tag-espana","14":"tag-kobi","15":"tag-semana","16":"tag-simmons","17":"tag-spain","18":"tag-sports","19":"tag-ultima"},"share_on_mastodon":{"url":"https:\/\/pubeurope.com\/@es\/115726135142087238","error":""},"_links":{"self":[{"href":"https:\/\/www.europesays.com\/es\/wp-json\/wp\/v2\/posts\/290266","targetHints":{"allow":["GET"]}}],"collection":[{"href":"https:\/\/www.europesays.com\/es\/wp-json\/wp\/v2\/posts"}],"about":[{"href":"https:\/\/www.europesays.com\/es\/wp-json\/wp\/v2\/types\/post"}],"author":[{"embeddable":true,"href":"https:\/\/www.europesays.com\/es\/wp-json\/wp\/v2\/users\/2"}],"replies":[{"embeddable":true,"href":"https:\/\/www.europesays.com\/es\/wp-json\/wp\/v2\/comments?post=290266"}],"version-history":[{"count":0,"href":"https:\/\/www.europesays.com\/es\/wp-json\/wp\/v2\/posts\/290266\/revisions"}],"wp:featuredmedia":[{"embeddable":true,"href":"https:\/\/www.europesays.com\/es\/wp-json\/wp\/v2\/media\/290267"}],"wp:attachment":[{"href":"https:\/\/www.europesays.com\/es\/wp-json\/wp\/v2\/media?parent=290266"}],"wp:term":[{"taxonomy":"category","embeddable":true,"href":"https:\/\/www.europesays.com\/es\/wp-json\/wp\/v2\/categories?post=290266"},{"taxonomy":"post_tag","embeddable":true,"href":"https:\/\/www.europesays.com\/es\/wp-json\/wp\/v2\/tags?post=290266"}],"curies":[{"name":"wp","href":"https:\/\/api.w.org\/{rel}","templated":true}]}}