{"id":290297,"date":"2025-12-15T23:42:11","date_gmt":"2025-12-15T23:42:11","guid":{"rendered":"https:\/\/www.europesays.com\/es\/290297\/"},"modified":"2025-12-15T23:42:11","modified_gmt":"2025-12-15T23:42:11","slug":"loles-leon-califica-asi-a-los-jovenes-que-defienden-el-franquismo","status":"publish","type":"post","link":"https:\/\/www.europesays.com\/es\/290297\/","title":{"rendered":"Loles Le\u00f3n califica as\u00ed a los j\u00f3venes que defienden el franquismo"},"content":{"rendered":"<p>\n        <a href=\"https:\/\/www.noticiasdenavarra.com\/tags\/loles-leon\/\" title=\"Loles Le\u00f3n\" target=\"_blank\" class=\"link copy\" rel=\"nofollow noopener\">Loles Le\u00f3n<\/a> se ha convertido en <strong>trending topic<\/strong><strong> absoluto<\/strong> en las \u00faltimas horas por una <strong>entrevista<\/strong> que concedi\u00f3 este fin de semana al programa <strong>Julia en la Onda<\/strong>, que presenta <strong>Julia Otero<\/strong> en <strong>Onda Cero<\/strong>, y en la que pronunci\u00f3 unas palabras para <strong>alertar a la poblaci\u00f3n<\/strong> del peligro de la <strong>ola reaccionaria en Europa<\/strong> y que ha llevado a que el <strong>19% de los j\u00f3venes en Espa\u00f1a<\/strong> se alineen con la <strong>ultraderecha<\/strong> y a\u00f1oren el <strong>franquismo<\/strong> sin ni siquiera haberlo vivido.\n<\/p>\n<p>            <a href=\"https:\/\/www.noticiasdenavarra.com\/buzz-on\/2025\/06\/06\/preguntan-loles-leon-embarazo-cristina-castano-respuesta-aplausos-9729451.html\" title=\"Preguntan a Loles Le\u00f3n por el embarazo de Cristina Casta\u00f1o y la respuesta recibe oleadas de aplausos\" class=\"new__media\" rel=\"nofollow noopener\" target=\"_blank\"><\/p>\n<p>                <img alt=\"Preguntan a Loles Le\u00f3n por el embarazo de Cristina Casta\u00f1o y la respuesta recibe oleadas de aplausos\" data-src=\"https:\/\/www.europesays.com\/es\/wp-content\/uploads\/2025\/12\/af033445-a21b-4ab5-ae92-e1a9e5432321_16-9-aspect-ratio_default_0.jpg\" class=\"lozad\"\/><\/p>\n<p>        <\/a><\/p>\n<p>        <a href=\"https:\/\/www.noticiasdenavarra.com\/buzz-on\/2025\/06\/06\/preguntan-loles-leon-embarazo-cristina-castano-respuesta-aplausos-9729451.html\" title=\"Preguntan a Loles Le\u00f3n por el embarazo de Cristina Casta\u00f1o y la respuesta recibe oleadas de aplausos\" class=\"new__headline\" rel=\"nofollow noopener\" target=\"_blank\"><br \/>\n            Preguntan a Loles Le\u00f3n por el embarazo de Cristina Casta\u00f1o y la respuesta recibe oleadas de aplausos<br \/>\n        <\/a><\/p>\n<p>  Su vida durante la dictadura<\/p>\n<p class=\"article-body__text \">\n        La <strong>actriz catalana<\/strong> recordaba c\u00f3mo en su casa de <strong>30 metros cuadrados<\/strong> del barrio de <strong>la Barceloneta<\/strong> viv\u00edan \u201c<strong>12 o 15 personas<\/strong>\u201d durante una <strong>dictadura muy represiva<\/strong>. \u201cA veces reservamos esa informaci\u00f3n y saber de d\u00f3nde venimos, c\u00f3mo era la <strong>Espa\u00f1a que algunos a\u00f1oran<\/strong> en aquellos tiempos&#8230;\u201d, afirmaba <strong>Julia Otero<\/strong>.\n<\/p>\n<p class=\"article-body__text \">\n        Y <strong>Loles Le\u00f3n<\/strong> le daba la raz\u00f3n. \u201cEn aquellos tiempos, \u00a1madre m\u00eda de mi vida!<strong> Todos estos que piden que vuelvan esos tiempos est\u00e1n como un poquito chalados,<\/strong> ya te lo digo. <strong>No entienden nada,<\/strong> pero bueno, lo dicen porque <strong>no han vivido eso<\/strong>\u201d, explicaba contundentemente. <strong>\u201cPorque no saben, por ignorancia\u201d,<\/strong> a\u00f1ad\u00eda la <strong>presentadora gallega <\/strong>afincada en Catalunya.\n<\/p>\n<p>            <a href=\"https:\/\/www.noticiasdenavarra.com\/buzz-on\/2024\/12\/06\/entrenador-futbol-vuelve-loca-loles-leon-9020773.html\" title=\"El entrenador de f\u00fatbol que vuelve loca a Loles Le\u00f3n: &quot;Me pone muy...&quot;\" class=\"new__media\" rel=\"nofollow noopener\" target=\"_blank\"><\/p>\n<p>                <img alt=\"El entrenador de f\u00fatbol que vuelve loca a Loles Le\u00f3n: &quot;Me pone muy...&quot;\" data-src=\"https:\/\/www.europesays.com\/es\/wp-content\/uploads\/2025\/12\/4bc16b01-b2b0-4c40-aec0-f3d323b451fc_16-9-aspect-ratio_default_0.jpg\" class=\"lozad\"\/><\/p>\n<p>        <\/a><\/p>\n<p>        <a href=\"https:\/\/www.noticiasdenavarra.com\/buzz-on\/2024\/12\/06\/entrenador-futbol-vuelve-loca-loles-leon-9020773.html\" title=\"El entrenador de f\u00fatbol que vuelve loca a Loles Le\u00f3n: &quot;Me pone muy...&quot;\" class=\"new__headline\" rel=\"nofollow noopener\" target=\"_blank\"><br \/>\n            El entrenador de f\u00fatbol que vuelve loca a Loles Le\u00f3n: \u00abMe pone muy&#8230;\u00bb<br \/>\n        <\/a><\/p>\n<p class=\"article-body__text \">\n        \u201cEs una <strong>ignorancia supina<\/strong> y no saben nada de todo aquello. Aquello fue tan <strong>tremendo y tan duro<\/strong>, y esta alegr\u00eda que tenemos toda esa gente de esas generaciones que vivimos tanta, tanta <strong>persecuci\u00f3n<\/strong>, tanta <strong>clandestinidad<\/strong>, para poder respirar y para poder salvar tu pellejo, porque aqu\u00ed a la m\u00ednima\u2026\u201d, prosegu\u00eda la <strong>actriz de <\/strong>La que se avecina. \u201cNosotros haciendo <strong>teatro independiente<\/strong> no lo pod\u00edamos hacer porque ten\u00edamos a la <strong>Polic\u00eda<\/strong> y a la <strong>Secreta<\/strong> all\u00ed esper\u00e1ndonos, a la que sal\u00eda la palabra <strong>libertad<\/strong> nos llevaban a todos presos, a la <strong>V\u00eda Laietana<\/strong> a torturarte\u201d.\n<\/p>\n<blockquote class=\"twitter-tweet\" data-lang=\"es\" wp_automatic_readability=\"4.4845360824742\">\n<p lang=\"es\" dir=\"ltr\">Loles Le\u00f3n se dirige en estos claros t\u00e9rminos a los j\u00f3venes que a\u00f1oran el franquismo: \u00abEs de ignorancia supina\u00bb <a href=\"https:\/\/t.co\/X2BmzckG26\" rel=\"nofollow\">pic.twitter.com\/X2BmzckG26<\/a><\/p>\n<p>\u2014 TVMASPI (@sebas_maspons) <a href=\"https:\/\/twitter.com\/sebas_maspons\/status\/2000402566384120036?ref_src=twsrc%5Etfw\" rel=\"nofollow noopener\" target=\"_blank\">15 de diciembre de 2025<\/a><\/p><\/blockquote>\n<p>  Los derechos se pueden perder<\/p>\n<p class=\"article-body__text \">\n        <strong>Julia Otero<\/strong> recordaba que \u201cprimero pasaba la <strong>censura<\/strong> y despu\u00e9s estaba la <strong>Polic\u00eda<\/strong> all\u00ed vigilando que no hicierais una barbaridad como pronunciar la palabra <strong>libertad<\/strong>\u201d. Y la entrevistada lo confirmaba. \u201cSi sale la palabra libertad vais todos p\u2019alante\u201d. Y recordaba que si en su vida es tan lanzada es porque la educaron en la <strong>\u201ccultura del no miedo\u201d<\/strong>. \u201cNo tienes que tener miedo de nada. Porque una vez que te levantabas y sal\u00edas a la calle, de esos <strong>30 metros cuadrados de casa<\/strong>, de <strong>seguridad<\/strong>, ten\u00edas que enfrentarte a todo lo que hubiese, que hab\u00eda mucho. <strong>Eran los a\u00f1os 50<\/strong> y hab\u00eda mucha <strong>represi\u00f3n<\/strong>, mucha <strong>vigilancia<\/strong>, mucha <strong>peligrosidad<\/strong>, todo el mundo te obligaba a pasar por el aro\u201d.\n<\/p>\n<p class=\"article-body__text \">\n        Y ahora <strong>Loles Le\u00f3n<\/strong>, a sus <strong>74 a\u00f1os <\/strong>(no s\u00f3lo Jordi Hurtado se conserva bien), ve un <strong>peligro real<\/strong> de perder los <strong>derechos y libertades<\/strong> que tanto cost\u00f3 conseguir, especialmente para las <strong>mujeres<\/strong>. \u201cHa habido mucha gente que ha muerto por todo esto que disfrut\u00e1is ahora, o sea que <strong>cuidadlo bien<\/strong>, no os vay\u00e1is por otras ramas. <strong>Estaos atentas<\/strong>, la <strong>lucha est\u00e1 viva<\/strong> pero no hay que dejarla. Aqu\u00ed mucha gente que ha perdido la vida por los derechos que hoy tenemos todos. <strong>Respetadlo y tenedlo en cuenta<\/strong>\u201d, ped\u00eda, poniendo como ejemplo que \u201cen los <strong>a\u00f1os de la dictadura<\/strong>, cuando las mujeres ten\u00edan la <strong>menopausia<\/strong> las met\u00edan en el <strong>manicomio<\/strong> y les daban <strong>electroshocks<\/strong>. Que lo sep\u00e1is\u201d.\n<\/p>\n<p>            <script async src=\"https:\/\/platform.twitter.com\/widgets.js\" charset=\"utf-8\"><\/script><\/p>\n","protected":false},"excerpt":{"rendered":"Loles Le\u00f3n se ha convertido en trending topic absoluto en las \u00faltimas horas por una entrevista que concedi\u00f3&hellip;\n","protected":false},"author":2,"featured_media":290298,"comment_status":"","ping_status":"","sticky":false,"template":"","format":"standard","meta":{"footnotes":""},"categories":[174],"tags":[255,52663,146,147,25,24,256,1470,433,4108,53211,1298,23,18169],"class_list":{"0":"post-290297","1":"post","2":"type-post","3":"status-publish","4":"format-standard","5":"has-post-thumbnail","7":"category-famosos","8":"tag-celebrities","9":"tag-defienden","10":"tag-entertainment","11":"tag-entretenimiento","12":"tag-es","13":"tag-espana","14":"tag-famosos","15":"tag-franquismo","16":"tag-jovenes","17":"tag-leon","18":"tag-loles","19":"tag-palabras","20":"tag-spain","21":"tag-virales"},"share_on_mastodon":{"url":"https:\/\/pubeurope.com\/@es\/115726237253865259","error":""},"_links":{"self":[{"href":"https:\/\/www.europesays.com\/es\/wp-json\/wp\/v2\/posts\/290297","targetHints":{"allow":["GET"]}}],"collection":[{"href":"https:\/\/www.europesays.com\/es\/wp-json\/wp\/v2\/posts"}],"about":[{"href":"https:\/\/www.europesays.com\/es\/wp-json\/wp\/v2\/types\/post"}],"author":[{"embeddable":true,"href":"https:\/\/www.europesays.com\/es\/wp-json\/wp\/v2\/users\/2"}],"replies":[{"embeddable":true,"href":"https:\/\/www.europesays.com\/es\/wp-json\/wp\/v2\/comments?post=290297"}],"version-history":[{"count":0,"href":"https:\/\/www.europesays.com\/es\/wp-json\/wp\/v2\/posts\/290297\/revisions"}],"wp:featuredmedia":[{"embeddable":true,"href":"https:\/\/www.europesays.com\/es\/wp-json\/wp\/v2\/media\/290298"}],"wp:attachment":[{"href":"https:\/\/www.europesays.com\/es\/wp-json\/wp\/v2\/media?parent=290297"}],"wp:term":[{"taxonomy":"category","embeddable":true,"href":"https:\/\/www.europesays.com\/es\/wp-json\/wp\/v2\/categories?post=290297"},{"taxonomy":"post_tag","embeddable":true,"href":"https:\/\/www.europesays.com\/es\/wp-json\/wp\/v2\/tags?post=290297"}],"curies":[{"name":"wp","href":"https:\/\/api.w.org\/{rel}","templated":true}]}}