{"id":290321,"date":"2025-12-16T00:05:09","date_gmt":"2025-12-16T00:05:09","guid":{"rendered":"https:\/\/www.europesays.com\/es\/290321\/"},"modified":"2025-12-16T00:05:09","modified_gmt":"2025-12-16T00:05:09","slug":"jose-miguel-hernandez-leyenda-del-baloncesto-aragones","status":"publish","type":"post","link":"https:\/\/www.europesays.com\/es\/290321\/","title":{"rendered":"Jos\u00e9 Miguel Hern\u00e1ndez, leyenda del baloncesto aragon\u00e9s"},"content":{"rendered":"<p class=\"paragraph\">El deporte de la canasta <b>celebr\u00f3 este lunes su d\u00eda grande con la Gala del Baloncesto Aragon\u00e9s, <\/b>que se desarroll\u00f3 en el Hotel Zentral AVE de Zaragoza desde las 19.30 y que se prolong\u00f3 durante dos horas. El acto, presentado por el periodista Manuel de Miguel, reconoci\u00f3 a equipos, deportistas, entrenadores, t\u00e9cnicos, \u00e1rbitros y entidades que destacaron por sus \u00e9xitos, su dedicaci\u00f3n, su contribuci\u00f3n y el trabajo desarrollado durante el ejercicio 2024-25. Adem\u00e1s, el exjugador Jos\u00e9 Miguel Hern\u00e1ndez Camacho fue distinguido con el Premio Leyenda por su dilatada carrera profesional.<\/p>\n<p class=\"paragraph\">Nacido el 23 de enero de 1971, Hern\u00e1ndez <b>se form\u00f3 en las categor\u00edas inferiores del Club Baloncesto Zaragoza,<\/b> donde fue escalando por los diferentes equipos de la entidad hasta estrenarse en la \u00e9lite en 1988. Con el club aragon\u00e9s, el alero se proclam\u00f3 campe\u00f3n de la Copa del Rey en la edici\u00f3n de 1990 y subcampe\u00f3n de la Recopa un a\u00f1o m\u00e1s tarde. Tambi\u00e9n compiti\u00f3 en la Liga ACB con el Granollers, el Pe\u00f1as Huesca y el Ourense hasta contabilizar 229 partidos oficiales en la m\u00e1xima categor\u00eda nacional.<\/p>\n<p class=\"paragraph\">Anteriormente, en categor\u00eda juvenil, Hern\u00e1ndez se colg\u00f3 la <b>medalla de oro con el CAI Zaragoza en el Campeonato de Espa\u00f1a, <\/b>en el curso 1989-90, y el bronce con la selecci\u00f3n espa\u00f1ola en el Europeo de 1990, celebrado en  Groninga (Pa\u00edses Bajos).<\/p>\n<p>Ascensos a competiciones FEB<\/p>\n<p class=\"paragraph\">En la gala, hubo reconocimientos al Club Baloncesto La Muela, a la Uni\u00f3n Basket Barbastro y al Club Baloncesto Zaragoza por sus ascensos a competiciones FEB; <b>se rindi\u00f3 homenaje al Casademont femenino, por sus gestas deportivas <\/b>de este mismo a\u00f1o \u2013campe\u00f3n de la Supercopa y del Campeonato de Espa\u00f1a sub-17 en la modalidad de 3&#215;3\u2013; y hubo distinciones para la selecci\u00f3n aragonesa infantil femenina de 1996 \u2013campeona nacional\u2013 y tambi\u00e9n para el Centro Nataci\u00f3n Helios por su centenario.<\/p>\n<p class=\"paragraph\">Pedro Mel\u00e9ndez fue galardonado con el Premio \u2018Jos\u00e9 Luis Ab\u00f3s\u2019, por su labor como entrenador; Modesto Herrero, de la UB Barbastro, se llev\u00f3 el Premio \u2018To\u00f1o Riva\u2019 por su labor como directivo; <b>Javier Tambo obtuvo el reconocimiento por su labor arbitral;\u00a0<\/b>y Mar\u00eda Revuelto S\u00e1nchez-Aguilera se hizo con el Premio Mujer y Deporte \u2018Pilar Valero\u2019.<\/p>\n<p class=\"paragraph\"><b>Heraldo de Arag\u00f3n fue distinguido<\/b> con el Premio \u2018Luis Z\u00e1rate\u2019, que reconoce el trabajo de los medios de comunicaci\u00f3n; Luis Alberto Lucas y Elena Lahoz fueron recompensados por su compromiso y dedicaci\u00f3n; y se record\u00f3 tambi\u00e9n el sobresaliente desempe\u00f1o de Jos\u00e9 Mar\u00eda Calvo y Pedro Rivas.<\/p>\n<p class=\"paragraph\">Asimismo, <b>se homenaje\u00f3 al Club Baloncesto Jaca,<\/b> al Club Polideportivo La Almunia y al Club Baloncesto Fuenfresca, al margen de reconocerse tambi\u00e9n la colaboraci\u00f3n institucional de Zaragoza Deporte Municipal, del Gobierno de Arag\u00f3n y de la Comarca G\u00fadar-Javalambre.<\/p>\n","protected":false},"excerpt":{"rendered":"El deporte de la canasta celebr\u00f3 este lunes su d\u00eda grande con la Gala del Baloncesto Aragon\u00e9s, que&hellip;\n","protected":false},"author":2,"featured_media":290322,"comment_status":"","ping_status":"","sticky":false,"template":"","format":"standard","meta":{"footnotes":""},"categories":[269],"tags":[9069,299,298,168,25,24,4504,368,4098,23,167],"class_list":{"0":"post-290321","1":"post","2":"type-post","3":"status-publish","4":"format-standard","5":"has-post-thumbnail","7":"category-baloncesto","8":"tag-aragones","9":"tag-baloncesto","10":"tag-basketball","11":"tag-deportes","12":"tag-es","13":"tag-espana","14":"tag-hernandez","15":"tag-leyenda","16":"tag-miguel","17":"tag-spain","18":"tag-sports"},"share_on_mastodon":{"url":"https:\/\/pubeurope.com\/@es\/115726327940085028","error":""},"_links":{"self":[{"href":"https:\/\/www.europesays.com\/es\/wp-json\/wp\/v2\/posts\/290321","targetHints":{"allow":["GET"]}}],"collection":[{"href":"https:\/\/www.europesays.com\/es\/wp-json\/wp\/v2\/posts"}],"about":[{"href":"https:\/\/www.europesays.com\/es\/wp-json\/wp\/v2\/types\/post"}],"author":[{"embeddable":true,"href":"https:\/\/www.europesays.com\/es\/wp-json\/wp\/v2\/users\/2"}],"replies":[{"embeddable":true,"href":"https:\/\/www.europesays.com\/es\/wp-json\/wp\/v2\/comments?post=290321"}],"version-history":[{"count":0,"href":"https:\/\/www.europesays.com\/es\/wp-json\/wp\/v2\/posts\/290321\/revisions"}],"wp:featuredmedia":[{"embeddable":true,"href":"https:\/\/www.europesays.com\/es\/wp-json\/wp\/v2\/media\/290322"}],"wp:attachment":[{"href":"https:\/\/www.europesays.com\/es\/wp-json\/wp\/v2\/media?parent=290321"}],"wp:term":[{"taxonomy":"category","embeddable":true,"href":"https:\/\/www.europesays.com\/es\/wp-json\/wp\/v2\/categories?post=290321"},{"taxonomy":"post_tag","embeddable":true,"href":"https:\/\/www.europesays.com\/es\/wp-json\/wp\/v2\/tags?post=290321"}],"curies":[{"name":"wp","href":"https:\/\/api.w.org\/{rel}","templated":true}]}}