{"id":290354,"date":"2025-12-16T00:31:09","date_gmt":"2025-12-16T00:31:09","guid":{"rendered":"https:\/\/www.europesays.com\/es\/290354\/"},"modified":"2025-12-16T00:31:09","modified_gmt":"2025-12-16T00:31:09","slug":"no-queria-verle-asi-nunca-mas","status":"publish","type":"post","link":"https:\/\/www.europesays.com\/es\/290354\/","title":{"rendered":"\u201cNo quer\u00eda verle as\u00ed nunca m\u00e1s\u201d"},"content":{"rendered":"<p data-journey-content=\"true\" data-node-id=\"0\" class=\"body-dropcap css-1vn2egp emevuu60\">Son muchas las veces en las que <strong data-node-id=\"0.1\">Pen\u00e9lope Cruz y Javier Bardem<\/strong> han trabajado juntos. Desde que el director Bigas Luna les uni\u00f3 en <a href=\"https:\/\/www.harpersbazaar.com\/es\/famosas\/el-estilo-de\/a65444791\/penelope-cruz-jamon-jamon-mentir-edad-padres-guion\/\" target=\"_blank\" data-vars-ga-outbound-link=\"https:\/\/www.harpersbazaar.com\/es\/famosas\/el-estilo-de\/a65444791\/penelope-cruz-jamon-jamon-mentir-edad-padres-guion\/\" data-vars-ga-ux-element=\"Hyperlink\" data-vars-ga-call-to-action=\"Jam\u00f3n, jam\u00f3n\" data-node-id=\"0.3.0\" class=\"body-link css-156jt4g emevuu60\" rel=\"nofollow noopener\">Jam\u00f3n, jam\u00f3n<\/a>, los int\u00e9rpretes han coincidido antes y despu\u00e9s de ser pareja en el rodaje de Carne Tr\u00e9mula, de Pedro Almod\u00f3var; en el de El amor perjudica seriamente la salud, de Manuel G\u00f3mez Pereira; en el de El consejero, de Ridley Scott; en el de Todos lo saben, de Asghar Farhadi; y por supuesto en el de Vicky, Cristina, Barcelona, la cinta de <a href=\"https:\/\/www.harpersbazaar.com\/es\/famosas\/el-estilo-de\/a64881963\/diane-keaton-historia-woody-allen-relacion-flechazo-inmediato\/\" target=\"_blank\" data-vars-ga-outbound-link=\"https:\/\/www.harpersbazaar.com\/es\/famosas\/el-estilo-de\/a64881963\/diane-keaton-historia-woody-allen-relacion-flechazo-inmediato\/\" data-vars-ga-ux-element=\"Hyperlink\" data-vars-ga-call-to-action=\"Woody Allen\" data-node-id=\"0.15\" class=\"body-link css-156jt4g emevuu60\" rel=\"nofollow noopener\">Woody Allen<\/a> que le vali\u00f3 a la de Alcobendas su Oscar a a mejor actriz de reparto. <\/p>\n<p data-journey-content=\"true\" data-node-id=\"1\" class=\"body-text css-6wxqfj emevuu60\">Aunque si ha habido un t\u00edtulo compartido que result\u00f3 especialmente complicado para ellos fue el de <strong data-node-id=\"1.1.0\">Loving Pablo<\/strong>. Fue esta pel\u00edcula que Fernando Leon de Aranoa llev\u00f3 a cabo en 2017 para narrar el ascenso y la ca\u00edda del narcotraficante m\u00e1s famoso de la historia, Pablo Escobar, la que m\u00e1s les cost\u00f3 grabar por todo lo que implicaba la crudeza de la historia. \u00abEra violento, pero tambi\u00e9n era hermoso de pronto ver al personaje, no a tu mujer. De pronto vi a Virginia y ella vio a Pablo. Y eso nos asust\u00f3\u00bb, coment\u00f3 al respecto el actor en el programa Historia de nuestro cine, de <a href=\"https:\/\/www.rtve.es\/television\/20230926\/loving-pablo-ver-gratis-rtve\/2049040.shtml\" target=\"_blank\" rel=\"nofollow noopener\" data-vars-ga-outbound-link=\"https:\/\/www.rtve.es\/television\/20230926\/loving-pablo-ver-gratis-rtve\/2049040.shtml\" data-vars-ga-ux-element=\"Hyperlink\" data-vars-ga-call-to-action=\"RTVE\" data-node-id=\"1.5\" class=\"body-link css-156jt4g emevuu60\">RTVE<\/a>. <\/p>\n<p data-journey-content=\"true\" data-node-id=\"3\" class=\"css-6wxqfj emevuu60\">\u00abSab\u00eda que me iba a afectar y que nos \u00edbamos a meter en sitios muy feos y desagradables a nivel emocional (&#8230;). <strong data-node-id=\"3.1\">Estaba deseando terminar porque me dej\u00f3 el cuerpo en shock<\/strong>. Tu cabeza sabe que es ficci\u00f3n, pero parte de ti est\u00e1 sometida a un nivel de estr\u00e9s muy fuerte. Siempre hay esa parte que no puedes controlar y te afecta\u00bb, hab\u00eda comentado en esa misma l\u00ednea Pen\u00e9lope Cruz a la <a href=\"https:\/\/www.latimes.com\/espanol\/entretenimiento\/articulo\/2018-09-29\/efe-3765854-14669141-20180929\" target=\"_blank\" rel=\"nofollow noopener\" data-vars-ga-outbound-link=\"https:\/\/www.latimes.com\/espanol\/entretenimiento\/articulo\/2018-09-29\/efe-3765854-14669141-20180929\" data-vars-ga-ux-element=\"Hyperlink\" data-vars-ga-call-to-action=\"agencia EFE\" data-node-id=\"3.3\" class=\"body-link css-156jt4g emevuu60\">agencia EFE<\/a> en una entrevista con motivo del estreno de la pel\u00edcula, algo que corrobor\u00f3 a su paso por el programa <a href=\"https:\/\/www.youtube.com\/watch?v=xBM7EMPkstM\" target=\"_blank\" rel=\"nofollow noopener\" data-vars-ga-outbound-link=\"https:\/\/www.youtube.com\/watch?v=xBM7EMPkstM\" data-vars-ga-ux-element=\"Hyperlink\" data-vars-ga-call-to-action=\"The Ellen Show\" data-node-id=\"3.5.0\" class=\"body-link css-156jt4g emevuu60\">The Ellen Show<\/a>. \u00abFue tan dif\u00edcil de hacer que yo solo quer\u00eda huir de ah\u00ed\u00bb, se\u00f1al\u00f3. <\/p>\n<p data-journey-content=\"true\" data-node-id=\"5\" class=\"body-text css-6wxqfj emevuu60\">La actriz subray\u00f3 que el motivo por el que le perjudic\u00f3 tanto este proyecto <a href=\"https:\/\/www.harpersbazaar.com\/es\/famosas\/el-estilo-de\/a65434369\/javier-bardem-pelicula-penelope-cruz-ultimo-dia-rodaje-tomamos-copa\/\" target=\"_blank\" data-vars-ga-outbound-link=\"https:\/\/www.harpersbazaar.com\/es\/famosas\/el-estilo-de\/a65434369\/javier-bardem-pelicula-penelope-cruz-ultimo-dia-rodaje-tomamos-copa\/\" data-vars-ga-ux-element=\"Hyperlink\" data-vars-ga-call-to-action=\"a nivel personal\" data-node-id=\"5.1\" class=\"body-link css-156jt4g emevuu60\" rel=\"nofollow noopener\">a nivel personal<\/a> fue por la intensidad que requer\u00eda tanto su personaje \u2013el de la periodista Virginia Vallejo\u2013 como el de Javier Bardem, quien tuvo incluso que dejarse bigote y engordar para el papel. \u00ab<strong data-node-id=\"5.3\">No quer\u00eda verle as\u00ed nunca m\u00e1s<\/strong>\u00ab, reconoci\u00f3 la actriz en el citado espacio televisivo sobre la apariencia de su marido. <\/p>\n<p><img draggable=\"true\" alt=\"loving pablo premiere 74th venice film festival\" title=\"Loving Pablo Premiere - 74th Venice Film Festival\" loading=\"lazy\" width=\"2000\" height=\"3000\" decoding=\"async\" data-nimg=\"1\" style=\"color:transparent;width:100%;height:auto;\"   src=\"https:\/\/www.europesays.com\/es\/wp-content\/uploads\/2025\/12\/javier-bardem-and-penelope-cruz-walk-the-red-carpet-ahead-news-photo-1765528368.pjpeg\" class=\"css-0 e1g79fud0\"\/><\/p>\n<p>Jacopo Raule\/\/Getty Images<\/p>\n<p data-journey-content=\"true\" data-node-id=\"7\" class=\"css-6wxqfj emevuu60\">A pesar del reto que supone siempre unir el terreno personal y el profesional, Pen\u00e9lope Cruz y Javier Bardem <strong data-node-id=\"7.1\">volver\u00e1n a encarnar a una pareja en la ficci\u00f3n pr\u00f3ximamente en Bunker,<\/strong> un thriller psicol\u00f3gico escrito y dirigido por Florian Zeller que narra las tensiones que genera en un matrimonio el hecho de que un arquitecto acepte dise\u00f1ar un b\u00fanker de supervivencia para un magnate de la tecnolog\u00eda. <\/p>\n","protected":false},"excerpt":{"rendered":"Son muchas las veces en las que Pen\u00e9lope Cruz y Javier Bardem han trabajado juntos. Desde que el&hellip;\n","protected":false},"author":2,"featured_media":290355,"comment_status":"","ping_status":"","sticky":false,"template":"","format":"standard","meta":{"footnotes":""},"categories":[174],"tags":[255,253,146,147,25,24,256,23],"class_list":{"0":"post-290354","1":"post","2":"type-post","3":"status-publish","4":"format-standard","5":"has-post-thumbnail","7":"category-famosos","8":"tag-celebrities","9":"tag-discover","10":"tag-entertainment","11":"tag-entretenimiento","12":"tag-es","13":"tag-espana","14":"tag-famosos","15":"tag-spain"},"share_on_mastodon":{"url":"https:\/\/pubeurope.com\/@es\/115726430226016611","error":""},"_links":{"self":[{"href":"https:\/\/www.europesays.com\/es\/wp-json\/wp\/v2\/posts\/290354","targetHints":{"allow":["GET"]}}],"collection":[{"href":"https:\/\/www.europesays.com\/es\/wp-json\/wp\/v2\/posts"}],"about":[{"href":"https:\/\/www.europesays.com\/es\/wp-json\/wp\/v2\/types\/post"}],"author":[{"embeddable":true,"href":"https:\/\/www.europesays.com\/es\/wp-json\/wp\/v2\/users\/2"}],"replies":[{"embeddable":true,"href":"https:\/\/www.europesays.com\/es\/wp-json\/wp\/v2\/comments?post=290354"}],"version-history":[{"count":0,"href":"https:\/\/www.europesays.com\/es\/wp-json\/wp\/v2\/posts\/290354\/revisions"}],"wp:featuredmedia":[{"embeddable":true,"href":"https:\/\/www.europesays.com\/es\/wp-json\/wp\/v2\/media\/290355"}],"wp:attachment":[{"href":"https:\/\/www.europesays.com\/es\/wp-json\/wp\/v2\/media?parent=290354"}],"wp:term":[{"taxonomy":"category","embeddable":true,"href":"https:\/\/www.europesays.com\/es\/wp-json\/wp\/v2\/categories?post=290354"},{"taxonomy":"post_tag","embeddable":true,"href":"https:\/\/www.europesays.com\/es\/wp-json\/wp\/v2\/tags?post=290354"}],"curies":[{"name":"wp","href":"https:\/\/api.w.org\/{rel}","templated":true}]}}