{"id":290410,"date":"2025-12-16T01:18:16","date_gmt":"2025-12-16T01:18:16","guid":{"rendered":"https:\/\/www.europesays.com\/es\/290410\/"},"modified":"2025-12-16T01:18:16","modified_gmt":"2025-12-16T01:18:16","slug":"jose-maria-del-nido-fija-en-2027-el-inicio-de-las-obras-del-nuevo-sanchez-pizjuan","status":"publish","type":"post","link":"https:\/\/www.europesays.com\/es\/290410\/","title":{"rendered":"Jos\u00e9 Mar\u00eda del Nido fija en 2027 el inicio de las obras del Nuevo S\u00e1nchez-Pizju\u00e1n"},"content":{"rendered":"<p>  <a class=\"_link_1blok_1\" href=\"https:\/\/www.eldesmarque.com\/autores\/basilio-garcia\/#utm_source=autor\" rel=\"author nofollow noopener\" target=\"_blank\"><img decoding=\"async\" class=\"_authorImage_1opue_40\" src=\"https:\/\/www.europesays.com\/es\/wp-content\/uploads\/2025\/12\/foto-perfil-basilio-garcia_da39.jpg\" alt=\"Basilio Garc\u00eda\" loading=\"lazy\" width=\"100\" height=\"100\"\/><\/a>  Compartir  <\/p>\n<p class=\"_container_r6ld5_1 _container_1uguc_1 &#10;    color_eta\">El futuro del <strong>estadio Ram\u00f3n S\u00e1nchez-Pizju\u00e1n<\/strong> es uno de los asuntos que, junto a la deriva deportiva y econ\u00f3mica, m\u00e1s preocupa al sevillismo. El club present\u00f3 <a href=\"https:\/\/www.eldesmarque.com\/futbol\/20231204\/el-sevilla-presenta-el-nuevo-ramon-sanchez-pizjuan-primeras-imagenes-y-datos_18_017173469.html#utm_source=cuerpo&amp;utm_medium=articulo\" rel=\"nofollow noopener\" target=\"_blank\">en diciembre de 2023<\/a> el proyecto que estaba en sus manos para remodelar el coliseo sevillista, en una intervenci\u00f3n de Jos\u00e9 Mar\u00eda del Nido Carrasco cuando era a\u00fan vicepresidente, aunque pocas semanas antes de <a href=\"https:\/\/www.eldesmarque.com\/futbol\/20230509\/del-nido-carrasco-ser-presidente-a-cualquiera-le-haria-ilusion_18_017375337.html#utm_source=cuerpo&amp;utm_medium=articulo\" rel=\"nofollow noopener\" target=\"_blank\">acceder a la presidencia<\/a> en sustituci\u00f3n de Jos\u00e9 Castro.<\/p>\n<p class=\"_container_r6ld5_1 _container_1uguc_1 &#10;    color_eta\">Lo cierto es que hay muchas dudas sobre la viabilidad del proyecto, pero el presidente sevillista ha informado este lunes en la <a href=\"https:\/\/www.eldesmarque.com\/futbol\/liga-1a-division\/20251215\/junta-accionistas-sevilla-fc-2025-d1rect0-ultima-hora_19_017866024.html#utm_source=cuerpo&amp;utm_medium=live\" rel=\"nofollow noopener\" target=\"_blank\">Junta General de Accionistas 2025<\/a> que el club sigue \u201c<strong>dando pasos para la construcci\u00f3n de un nuevo Ram\u00f3n S\u00e1nchez-Pizju\u00e1n<\/strong>\u201d. Ahora, Del Nido Carrasco ha emplazado el <strong>inicio de las obras al a\u00f1o 2027<\/strong>, un a\u00f1o m\u00e1s tarde de lo esperado, aunque existen l\u00f3gicas dudas de que se pueda llevar a cabo.<\/p>\n<p>PUEDE INTERESARTE<\/p>\n<p class=\"_container_r6ld5_1 _container_1uguc_1 &#10;    color_eta\">Por un lado, el club est\u00e1 en un proceso de venta y <strong>no se descarta que cambie de manos en los pr\u00f3ximos meses.<\/strong> De ser as\u00ed, los nuevos due\u00f1os tendr\u00edan que decidir qu\u00e9 hacer con el estadio y si continuar con el proyecto presentado. Adem\u00e1s, la obra contemplaba el derribo completo del actual estadio para levantar el nuevo en la misma parcela, lo que obligar\u00eda a un traslado a otro estadio durante varias temporadas. En los \u00faltimos meses se est\u00e1 rumoreando sobre la venta del estadio si llega capital extranjero a dominar el club, pero <strong>la posibilidad de que los terrenos se recalifiquen para uso residencial<\/strong> se considera por expertos en la materia como pr\u00e1cticamente imposible.<\/p>\n<p class=\"_container_r6ld5_1 _container_1uguc_1 &#10;    color_eta\">L\u00f3gicamente, la opci\u00f3n es el Estadio de La Cartuja pero, ojo, esto no es tan sencillo. En estos momentos, <strong>el Real Betis Balompi\u00e9 tiene asegurado el alquiler por tres temporadas del recinto cartujano,<\/strong> mientras duren las obras de la grada de Preferencia del Benito Villamar\u00edn, cuyos primeros plazos se est\u00e1n retrasando. Hace unos d\u00edas, \u00c1ngel Haro dio por hecho ya el exilio durante la tercera temporada, descartando una cuarta que, sin embargo, tambi\u00e9n se rumorea en c\u00edrculos b\u00e9ticos. As\u00ed, el Betis estar\u00eda en La Cartuja al menos hasta junio de 2028, y ya se solapar\u00eda con los plazos ofrecidos por Del Nido Carrasco. Ah\u00ed no acaba eso, pues <strong>el recinto tambi\u00e9n tiene que prepararse para el Mundial de 2030<\/strong>, del que ser\u00e1 una de las sedes m\u00e1s relevantes.<\/p>\n<p>PUEDE INTERESARTE<img decoding=\"async\" alt=\"El Estadio de La Cartuja, preparado para la final de la Copa del Rey\" class=\"_author_image__full_lbs33_12 _image_thjnc_1\" loading=\"lazy\" title=\"\" src=\"https:\/\/www.europesays.com\/es\/wp-content\/uploads\/2025\/12\/cartuja-final-copa-2025-002-jpeg-16-9-aspect-ratio-default-0_da39.jpg\" width=\"1920\" height=\"1080\"  \/>El Estadio de La Cartuja, preparado para la final de la Copa del Rey. eldesmarque.com<\/p>\n<p class=\"_container_r6ld5_1 _container_1uguc_1 &#10;    color_eta\">El presidente explic\u00f3 en su discurso inicial que \u201cel Ayuntamiento y la Junta de Andaluc\u00eda ya han aprobado el avance del estudio de ordenaci\u00f3n\u201d. La idea del club es que se aprueba del todo en el primer trimestre de 2026, en el segundo se realice el proyecto b\u00e1sico y en el tercero el de ejecuci\u00f3n. <\/p>\n<p>PUEDE INTERESARTE<\/p>\n<p class=\"_container_r6ld5_1 _container_1uguc_1 &#10;    color_eta\">\u201cA d\u00eda de hoy, una empresa de primer nivel est\u00e1 analizando el uso que hemos de dar a los casi 50 mil metros de locales comerciales que tendr\u00e1 el Nuevo Ramon S\u00e1nchez Pizju\u00e1n\u201d, a\u00f1ad\u00eda Del Nido Carrasco. <\/p>\n<p class=\"_container_r6ld5_1 _container_1uguc_1 &#10;    color_eta\">A partir de ah\u00ed, el presidente indicaba que <strong>querr\u00eda licitar las obras en el primer trimestre de 2027, comenz\u00e1ndolas en 2027<\/strong> y acab\u00e1ndolas en un plazo de tres temporadas. Es decir, coincidir\u00eda en su inicio con la \u2018ocupaci\u00f3n\u2019 de La Cartuja por parte del Betis y en su terminaci\u00f3n con la celebraci\u00f3n del Mundial de Espa\u00f1a, Portugal y Marruecos. \u201cPara su financiaci\u00f3n seguimos recibiendo inter\u00e9s de terceros, ya que dicha obra ser\u00e1 autofinanciable con los propios incrementos de ingresos que generar\u00e1 dicho nuevo Ram\u00f3n S\u00e1nchez Pizju\u00e1n\u201d, conclu\u00eda Del Nido Carrasco.<\/p>\n<p><img decoding=\"async\" alt=\"Del Nido Carrasco, en la Junta del Sevilla 2025\" class=\"_author_image__full_lbs33_12 _image_thjnc_1\" loading=\"lazy\" title=\"\" src=\"https:\/\/www.europesays.com\/es\/wp-content\/uploads\/2025\/12\/del-nido-carrasco-en-la-junta-del-sevilla-2025-16-9-aspect-ratio-default-0_da39.jpg\" width=\"1920\" height=\"1080\"  \/>Del Nido Carrasco, en la Junta del Sevilla 2025. Kiko Hurtado         <\/p>\n","protected":false},"excerpt":{"rendered":"Compartir El futuro del estadio Ram\u00f3n S\u00e1nchez-Pizju\u00e1n es uno de los asuntos que, junto a la deriva deportiva&hellip;\n","protected":false},"author":2,"featured_media":290411,"comment_status":"","ping_status":"","sticky":false,"template":"","format":"standard","meta":{"footnotes":""},"categories":[268],"tags":[168,25,24,280,282,281,23,167],"class_list":{"0":"post-290410","1":"post","2":"type-post","3":"status-publish","4":"format-standard","5":"has-post-thumbnail","7":"category-futbol","8":"tag-deportes","9":"tag-es","10":"tag-espana","11":"tag-football","12":"tag-futbol","13":"tag-soccer","14":"tag-spain","15":"tag-sports"},"share_on_mastodon":{"url":"https:\/\/pubeurope.com\/@es\/115726615434538343","error":""},"_links":{"self":[{"href":"https:\/\/www.europesays.com\/es\/wp-json\/wp\/v2\/posts\/290410","targetHints":{"allow":["GET"]}}],"collection":[{"href":"https:\/\/www.europesays.com\/es\/wp-json\/wp\/v2\/posts"}],"about":[{"href":"https:\/\/www.europesays.com\/es\/wp-json\/wp\/v2\/types\/post"}],"author":[{"embeddable":true,"href":"https:\/\/www.europesays.com\/es\/wp-json\/wp\/v2\/users\/2"}],"replies":[{"embeddable":true,"href":"https:\/\/www.europesays.com\/es\/wp-json\/wp\/v2\/comments?post=290410"}],"version-history":[{"count":0,"href":"https:\/\/www.europesays.com\/es\/wp-json\/wp\/v2\/posts\/290410\/revisions"}],"wp:featuredmedia":[{"embeddable":true,"href":"https:\/\/www.europesays.com\/es\/wp-json\/wp\/v2\/media\/290411"}],"wp:attachment":[{"href":"https:\/\/www.europesays.com\/es\/wp-json\/wp\/v2\/media?parent=290410"}],"wp:term":[{"taxonomy":"category","embeddable":true,"href":"https:\/\/www.europesays.com\/es\/wp-json\/wp\/v2\/categories?post=290410"},{"taxonomy":"post_tag","embeddable":true,"href":"https:\/\/www.europesays.com\/es\/wp-json\/wp\/v2\/tags?post=290410"}],"curies":[{"name":"wp","href":"https:\/\/api.w.org\/{rel}","templated":true}]}}