{"id":290416,"date":"2025-12-16T01:23:13","date_gmt":"2025-12-16T01:23:13","guid":{"rendered":"https:\/\/www.europesays.com\/es\/290416\/"},"modified":"2025-12-16T01:23:13","modified_gmt":"2025-12-16T01:23:13","slug":"c-tangana-vuelve-a-la-musica-con-su-primer-grupo-agorazein-cultura","status":"publish","type":"post","link":"https:\/\/www.europesays.com\/es\/290416\/","title":{"rendered":"C. Tangana vuelve a la m\u00fasica con su primer grupo, Agorazein | Cultura"},"content":{"rendered":"<p class=\"\"><a href=\"https:\/\/elpais.com\/elpais\/2017\/03\/06\/tentaciones\/1488813496_343573.html\" target=\"_blank\" rel=\"noreferrer nofollow noopener\" title=\"https:\/\/elpais.com\/elpais\/2017\/03\/06\/tentaciones\/1488813496_343573.html\">C. Tangana resucita a Agorazein<\/a> para celebrar el d\u00e9cimo aniversario de la fundaci\u00f3n de este colectivo de hip hop. Ser\u00e1 un \u00fanico concierto, el 26 de noviembre de 2026 en el Movistar Arena de Madrid. El grupo madrile\u00f1o de rap llevaba sin actuar desde 2018. Las entradas estar\u00e1n a la venta desde el martes 16 de diciembre al mediod\u00eda. <\/p>\n<p class=\"\"><a href=\"https:\/\/elpais.com\/icon\/2024-12-16\/c-tangana-en-el-mundillo-de-los-artistas-que-somos-todos-gilipollas-necesitas-conocer-a-la-persona.html\" target=\"_blank\" rel=\"noreferrer nofollow noopener\" title=\"https:\/\/elpais.com\/icon\/2024-12-16\/c-tangana-en-el-mundillo-de-los-artistas-que-somos-todos-gilipollas-necesitas-conocer-a-la-persona.html\">El Madrile\u00f1o<\/a>, como tambi\u00e9n se conoce a C. Tangana, ha comentado la publicaci\u00f3n en Instagram con el mensaje \u201csiempre\u201d \u2014gui\u00f1o al \u00faltimo \u00e1lbum del grupo, Siempre (2016). El m\u00fasico ha permanecido con su carrera musical pausada tras su gira Sin Cantar ni Afinar, que finaliz\u00f3 en septiembre de 2022. Solo ofreci\u00f3 una colaboraci\u00f3n con Mora y el tema Droga, que result\u00f3 un \u00e9xito en Espa\u00f1a. Pero estos \u00faltimos a\u00f1os se ha dedicado m\u00e1s a<a href=\"https:\/\/elpais.com\/mexico\/2024-06-08\/c-tangana-mi-futuro-mas-inmediato-es-convertirme-en-un-director-de-cine.html\" target=\"_blank\" rel=\"noreferrer nofollow noopener\" title=\"https:\/\/elpais.com\/mexico\/2024-06-08\/c-tangana-mi-futuro-mas-inmediato-es-convertirme-en-un-director-de-cine.html\"> su faceta cinematogr\u00e1fica<\/a>: dirigi\u00f3 los documentales <a href=\"https:\/\/elpais.com\/cultura\/2023-09-27\/el-documental-de-c-tangana-ese-sopor-desmedido.html\" target=\"_blank\" rel=\"noreferrer nofollow noopener\" title=\"https:\/\/elpais.com\/cultura\/2023-09-27\/el-documental-de-c-tangana-ese-sopor-desmedido.html\">Esta ambici\u00f3n desmedida<\/a> (2023) y <a href=\"https:\/\/elpais.com\/cultura\/2024-12-20\/la-guitarra-flamenca-de-yerai-cortes-c-tangana-elon-musk-y-un-artista-gitano-y-moderno.html\" target=\"_blank\" rel=\"noreferrer nofollow noopener\" title=\"https:\/\/elpais.com\/cultura\/2024-12-20\/la-guitarra-flamenca-de-yerai-cortes-c-tangana-elon-musk-y-un-artista-gitano-y-moderno.html\">La guitarra flamenca de Yerai Cort\u00e9s<\/a> (2025), ganador de dos premios Goya. <\/p>\n<p class=\"\">Agorazein fue una de las bandas m\u00e1s relevantes de la escena espa\u00f1ola del hip hop alternativo. Este colectivo de rap comenz\u00f3 a hacerse popular en 2008 de la mano de C. Tangana cuando este a\u00fan se presentaba como Crema<b> <\/b>en los circuitos m\u00e1s alternativos de la m\u00fasica urbana. Algunos de sus temas m\u00e1s populares son 100k Pasos, Tentaci\u00f3n o Planes. Desde la separaci\u00f3n de Agorazein, <a href=\"https:\/\/elpais.com\/elpais\/2018\/01\/02\/tentaciones\/1514884641_938664.html\" target=\"_blank\" rel=\"noreferrer nofollow noopener\" title=\"https:\/\/elpais.com\/elpais\/2018\/01\/02\/tentaciones\/1514884641_938664.html\">Sticky M.A.<\/a> ha desarrollado una carrera como solista en el trap y el R&amp;B, y Jerv.AGZ, I-Ace y Fabianni se han dedicado a la producci\u00f3n. <\/p>\n","protected":false},"excerpt":{"rendered":"C. Tangana resucita a Agorazein para celebrar el d\u00e9cimo aniversario de la fundaci\u00f3n de este colectivo de hip&hellip;\n","protected":false},"author":2,"featured_media":290417,"comment_status":"","ping_status":"","sticky":false,"template":"","format":"standard","meta":{"footnotes":""},"categories":[170],"tags":[69328,55673,3061,208,209,146,147,25,24,18832,205,184,185,213,23],"class_list":{"0":"post-290416","1":"post","2":"type-post","3":"status-publish","4":"format-standard","5":"has-post-thumbnail","7":"category-musica","8":"tag-agorazein","9":"tag-bandas-musica","10":"tag-cantantes","11":"tag-conciertos","12":"tag-cultura","13":"tag-entertainment","14":"tag-entretenimiento","15":"tag-es","16":"tag-espana","17":"tag-grupos-musica","18":"tag-madrid","19":"tag-music","20":"tag-musica","21":"tag-rap","22":"tag-spain"},"share_on_mastodon":{"url":"https:\/\/pubeurope.com\/@es\/115726634495746634","error":""},"_links":{"self":[{"href":"https:\/\/www.europesays.com\/es\/wp-json\/wp\/v2\/posts\/290416","targetHints":{"allow":["GET"]}}],"collection":[{"href":"https:\/\/www.europesays.com\/es\/wp-json\/wp\/v2\/posts"}],"about":[{"href":"https:\/\/www.europesays.com\/es\/wp-json\/wp\/v2\/types\/post"}],"author":[{"embeddable":true,"href":"https:\/\/www.europesays.com\/es\/wp-json\/wp\/v2\/users\/2"}],"replies":[{"embeddable":true,"href":"https:\/\/www.europesays.com\/es\/wp-json\/wp\/v2\/comments?post=290416"}],"version-history":[{"count":0,"href":"https:\/\/www.europesays.com\/es\/wp-json\/wp\/v2\/posts\/290416\/revisions"}],"wp:featuredmedia":[{"embeddable":true,"href":"https:\/\/www.europesays.com\/es\/wp-json\/wp\/v2\/media\/290417"}],"wp:attachment":[{"href":"https:\/\/www.europesays.com\/es\/wp-json\/wp\/v2\/media?parent=290416"}],"wp:term":[{"taxonomy":"category","embeddable":true,"href":"https:\/\/www.europesays.com\/es\/wp-json\/wp\/v2\/categories?post=290416"},{"taxonomy":"post_tag","embeddable":true,"href":"https:\/\/www.europesays.com\/es\/wp-json\/wp\/v2\/tags?post=290416"}],"curies":[{"name":"wp","href":"https:\/\/api.w.org\/{rel}","templated":true}]}}