{"id":290424,"date":"2025-12-16T01:27:17","date_gmt":"2025-12-16T01:27:17","guid":{"rendered":"https:\/\/www.europesays.com\/es\/290424\/"},"modified":"2025-12-16T01:27:17","modified_gmt":"2025-12-16T01:27:17","slug":"ganadores-del-programa-federal-de-apoyo-a-editoriales-independientes-2025-del-fondo-nacional-de-las-artes","status":"publish","type":"post","link":"https:\/\/www.europesays.com\/es\/290424\/","title":{"rendered":"Ganadores del Programa Federal de Apoyo a Editoriales Independientes 2025 del Fondo Nacional de las Artes"},"content":{"rendered":"<p>El Fondo Nacional de las Artes (FNA), organismo descentralizado de la Secretar\u00eda de Cultura, anunci\u00f3 los proyectos ganadores del <strong>Programa de Apoyo a Editoriales Independientes 2025<\/strong>, organizado con el fin de reconocer y fomentar el trabajo de los peque\u00f1os y medianos sellos de todo el pa\u00eds. Adem\u00e1s, promueve la producci\u00f3n editorial de contenidos literarios y art\u00edsticos diversos, alternativos y novedosos.<\/p>\n<p>En esta edici\u00f3n, se recibieron 171 postulaciones de editoriales peque\u00f1as y medianas de toda la Argentina, con trayectorias acreditadas y proyectos consolidados.<\/p>\n<blockquote>\n<p>\u201cEs una gran alegr\u00eda haber sumado desde el Fondo Nacional de las Artes un premio a la edici\u00f3n; una apuesta por la bibliodiversidad y la calidad literaria\u201d, destac\u00f3 <strong>Patricio Zunini<\/strong>, director de Letras del Fondo Nacional de las Artes.<\/p>\n<\/blockquote>\n<p>El jurado, integrado por la editora <strong>Cecilia Sarthe<\/strong> y el escritor y periodista <strong>Osvaldo Aguirre<\/strong>, resalt\u00f3 que \u201cla calidad y la cantidad de las presentaciones hicieron de la selecci\u00f3n final una tarea compleja, orientada a impulsar la producci\u00f3n editorial de contenidos literarios y art\u00edsticos, diversos y alternativos que contribuyan con aportes innovadores a la cultura nacional\u201d.<\/p>\n<p>Los sellos distinguidos \u2014con sede en CABA y en las provincias de Buenos Aires, C\u00f3rdoba, Santa Fe, Tucum\u00e1n y Tierra del Fuego\u2014 recibir\u00e1n un reconocimiento econ\u00f3mico de 2.000.000 de pesos cada uno y publicar\u00e1n las obras en un plazo de 180 d\u00edas posteriores a percibir el premio. Ellos son: Editores Argentinos, Goma Editora, Palabrava, Compa\u00f1\u00eda Naviera Ilimitada, Borde Perdido Editora, La Papa Editorial, Viento de Hojas, Evaristo, Laleliloluz y Empat\u00eda.<\/p>\n<p>Proyectos seleccionados<\/p>\n<ul>\n<li>\n<p><strong>Editores Argentinos (Ensayo\/No ficci\u00f3n)<\/strong><br \/>Publicaci\u00f3n de Melp\u00f3mene. Diario 1936-1968, de Enrique Wernicke. In\u00e9dito hasta el momento, este diario constituye un material inestimable para la obra de Wernicke y la historia de la literatura nacional, poniendo de relieve el contexto cultural de los a\u00f1os 40, 50 y 60 en Argentina.<\/p>\n<\/li>\n<li>\n<p><strong>Goma Editora (Libro de Arte)<\/strong><br \/>Libro de dos relevantes autoras rosarinas, la fot\u00f3grafa Andrea Ostera y la escritora Beatriz Vignoli. Ambas reflexionan sobre la generaci\u00f3n de una fotograf\u00eda sin imagen y su relaci\u00f3n con la palabra. El punto de partida es la obra AAT, de Ostera, que da lugar a un objeto tan creativo como encantador y a un singular libro h\u00edbrido.<\/p>\n<\/li>\n<li>\n<p><strong>Palabrava (Cuentos)<\/strong><br \/>Publicaci\u00f3n de Cuentistas contempor\u00e1neos. Corrientes, Misiones, Formosa, compilado por Carlos Piegari y Orlando Van Bredam. El libro propuesto hace visible una valiosa producci\u00f3n narrativa que abarca territorios de las regiones de Chaco y Mesopotamia, pr\u00e1cticamente ausente en el circuito comercial mainstream.<\/p>\n<\/li>\n<li>\n<p><strong>Compa\u00f1\u00eda Naviera Ilimitada (Ensayo\/No ficci\u00f3n)<\/strong><br \/>Publicaci\u00f3n de Tuve d\u00edas peores, de Guido Herzovich. Se trata de una investigaci\u00f3n sobre el archivo personal de Leopoldo Brizuela. El proyecto redescubre la obra del autor argentino desde su intimidad, e ilumina con documentos desconocidos la trayectoria y las elecciones de Brizuela.<\/p>\n<\/li>\n<li>\n<p><strong>Borde perdido (Poes\u00eda)<\/strong><br \/>El proyecto consiste en reimprimir Ciruelas, poes\u00eda reunida de Mariela Laudecina. El libro propuesto preserva as\u00ed la producci\u00f3n de una poeta fundamental de la escena cordobesa.<\/p>\n<\/li>\n<li>\n<p><strong>La Papa Editorial (Novela)<\/strong><br \/>Reedici\u00f3n de las novelas de Eduardo Perrone (1940 &#8211; 2009): Preso com\u00fan (1973), Visita, francesa y completo (1974) y D\u00edas de re\u00edr, d\u00edas de llorar (1976), publicadas bajo el t\u00edtulo Trilog\u00eda, con textos de investigaci\u00f3n y divulgaci\u00f3n por referentes de la cr\u00edtica literaria tucumana. Reconocido en los a\u00f1os 70 y despu\u00e9s olvidado, Eduardo Perrone es un autor central en la tradici\u00f3n literaria del noroeste y el proyecto presentado permitir\u00e1 dar nuevo impulso a la difusi\u00f3n de su obra.<\/p>\n<\/li>\n<li>\n<p><strong>Viento de hojas (Novela gr\u00e1fica)<\/strong><br \/>Publicaci\u00f3n de El origen del viento, libro que propone una lectura coral sobre la isla de Tierra del Fuego, su paisaje y su memoria, a trav\u00e9s del di\u00e1logo entre narrativa e ilustraci\u00f3n.<\/p>\n<\/li>\n<li>\n<p><strong>Evaristo (Poes\u00eda)<\/strong><br \/>Publicaci\u00f3n de la poes\u00eda reunida de Fernando Noy (1985-2026), con la inclusi\u00f3n de la obra in\u00e9dita El cansancio de las cosas, con fotos y dibujos del autor. Este proyecto recupera y jerarquiza un aspecto de la producci\u00f3n de Noy mucho menos conocido y valorado, que su trayectoria como protagonista del under porte\u00f1o.<\/p>\n<\/li>\n<li>\n<p><strong>Laleliloluz (Literatura infantil)<\/strong><br \/>Publicaci\u00f3n de Uy, no: un cuento inspirado en animales de Neuqu\u00e9n y la vida en la chacra a trav\u00e9s de las estaciones. Se integra con audiolibro y Lengua de Se\u00f1as Argentina (LSA) para garantizar accesibilidad e inclusi\u00f3n. Aporta a la educaci\u00f3n ambiental con foco en biodiversidad local y promueve el v\u00ednculo afectivo con la naturaleza. Fortalece su l\u00ednea educativa a trav\u00e9s de juegos y actividades para el aula y el hogar.<\/p>\n<\/li>\n<li>\n<p><strong>Empat\u00eda (Novela)<\/strong><br \/>Publicaci\u00f3n de una novela de la autora sudanesa Reem Gaafar, A mouth full of salt. Este proyecto incluye a la figura del traductor como actor clave en la difusi\u00f3n en territorio argentino de textos en lenguas extranjeras a la vez que posibilitar\u00e1 leer a una autora valorada en otras lenguas y desconocida en espa\u00f1ol. Se enmarca en una iniciativa editorial centrada en la literatura africana contempor\u00e1nea.<\/p>\n<\/li>\n<\/ul>\n","protected":false},"excerpt":{"rendered":"El Fondo Nacional de las Artes (FNA), organismo descentralizado de la Secretar\u00eda de Cultura, anunci\u00f3 los proyectos ganadores&hellip;\n","protected":false},"author":2,"featured_media":290425,"comment_status":"","ping_status":"","sticky":false,"template":"","format":"standard","meta":{"footnotes":""},"categories":[91],"tags":[5063,5065,5059,5078,594,1639,146,147,25,24,693,5064,5066,582,5060,5069,5061,5073,813,5074,5075,5077,5076,4500,5062,4113,5071,5070,23,5067,5068,5072],"class_list":{"0":"post-290424","1":"post","2":"type-post","3":"status-publish","4":"format-standard","5":"has-post-thumbnail","7":"category-entretenimiento","8":"tag-administracion","9":"tag-administracion-publica","10":"tag-argentino","11":"tag-beneficios","12":"tag-ciudadanos","13":"tag-digital","14":"tag-entertainment","15":"tag-entretenimiento","16":"tag-es","17":"tag-espana","18":"tag-estado","19":"tag-gestion","20":"tag-gestion-publica","21":"tag-gobierno","22":"tag-gobierno-argentino","23":"tag-gobierno-digital","24":"tag-gobierno-nacional","25":"tag-modernizacion","26":"tag-nacional","27":"tag-organismo","28":"tag-organismo-publico","29":"tag-organismos","30":"tag-organismos-publicos","31":"tag-publica","32":"tag-republica-argentina","33":"tag-servicios","34":"tag-servicios-digitales","35":"tag-servicios-en-linea","36":"tag-spain","37":"tag-tramites","38":"tag-tramites-en-linea","39":"tag-transparencia"},"share_on_mastodon":{"url":"","error":"Validation failed: Text character limit of 500 exceeded"},"_links":{"self":[{"href":"https:\/\/www.europesays.com\/es\/wp-json\/wp\/v2\/posts\/290424","targetHints":{"allow":["GET"]}}],"collection":[{"href":"https:\/\/www.europesays.com\/es\/wp-json\/wp\/v2\/posts"}],"about":[{"href":"https:\/\/www.europesays.com\/es\/wp-json\/wp\/v2\/types\/post"}],"author":[{"embeddable":true,"href":"https:\/\/www.europesays.com\/es\/wp-json\/wp\/v2\/users\/2"}],"replies":[{"embeddable":true,"href":"https:\/\/www.europesays.com\/es\/wp-json\/wp\/v2\/comments?post=290424"}],"version-history":[{"count":0,"href":"https:\/\/www.europesays.com\/es\/wp-json\/wp\/v2\/posts\/290424\/revisions"}],"wp:featuredmedia":[{"embeddable":true,"href":"https:\/\/www.europesays.com\/es\/wp-json\/wp\/v2\/media\/290425"}],"wp:attachment":[{"href":"https:\/\/www.europesays.com\/es\/wp-json\/wp\/v2\/media?parent=290424"}],"wp:term":[{"taxonomy":"category","embeddable":true,"href":"https:\/\/www.europesays.com\/es\/wp-json\/wp\/v2\/categories?post=290424"},{"taxonomy":"post_tag","embeddable":true,"href":"https:\/\/www.europesays.com\/es\/wp-json\/wp\/v2\/tags?post=290424"}],"curies":[{"name":"wp","href":"https:\/\/api.w.org\/{rel}","templated":true}]}}