{"id":290430,"date":"2025-12-16T01:30:16","date_gmt":"2025-12-16T01:30:16","guid":{"rendered":"https:\/\/www.europesays.com\/es\/290430\/"},"modified":"2025-12-16T01:30:16","modified_gmt":"2025-12-16T01:30:16","slug":"el-gobierno-de-trump-separa-a-miles-de-familias-migrantes-en-eeuu","status":"publish","type":"post","link":"https:\/\/www.europesays.com\/es\/290430\/","title":{"rendered":"El gobierno de Trump separa a miles de familias migrantes en EEUU"},"content":{"rendered":"\n<p>MIAMI\u00a0\u2014\u00a0La pol\u00edtica migratoria de tolerancia cero del presidente Donald Trump separ\u00f3 a m\u00e1s de 5.000 ni\u00f1os de sus familias en la frontera entre Estados Unidos y M\u00e9xico en su primer mandato.<\/p>\n<p>Los cruces fronterizos est\u00e1n en un m\u00ednimo hist\u00f3rico casi un a\u00f1o despu\u00e9s del inicio de su segundo mandato, y una nueva campa\u00f1a migratoria est\u00e1 separando familias dentro del pa\u00eds.<\/p>\n<p>Las autoridades federales y sus socios locales para el cumplimiento de la ley detienen a decenas de miles de solicitantes de asilo y migrantes, que son trasladados repetidamente y deportados o retenidos en malas condiciones durante semanas o meses antes de que pidan regresar a su pa\u00eds.<\/p>\n<p>El gobierno federal reten\u00eda a un promedio de m\u00e1s de 66.000 personas en noviembre, la cifra m\u00e1s alta jam\u00e1s registrada.<\/p>\n<p>Durante el primer gobierno de Trump, se separ\u00f3 a familias por la fuerza en la frontera y las autoridades tuvieron dificultades para encontrar a los ni\u00f1os en una vasta red de albergues porque los sistemas inform\u00e1ticos federales no estaban conectados. Ahora, los padres que se encuentran en suelo estadounidense est\u00e1n siendo arrestados por las autoridades migratorias y separados de sus familias durante una prolongada detenci\u00f3n. O bien, eligen que sus hijos permanezcan en el pa\u00eds despu\u00e9s de que el adulto sea deportado, muchos despu\u00e9s de a\u00f1os o d\u00e9cadas all\u00ed.<\/p>\n<p>La Casa Blanca y sus partidarios antiinmigraci\u00f3n ven un \u201d\u00e9xito sin precedentes\u201d y el principal asesor fronterizo de Trump, Tom Homan, dijo a reporteros en abril que \u201cvamos a seguir haci\u00e9ndolo, a toda velocidad\u201d.<\/p>\n<p>Tres familias separadas por la ley migratoria en los \u00faltimos meses dijeron a The Associated Press que sus sue\u00f1os de tener una vida mejor y m\u00e1s libres chocaron con la nueva pol\u00edtica de Washington y que su existencia es angustiosa al no saber si volver\u00e1n a ver a sus seres queridos.<\/p>\n<p>Para ellos, la migraci\u00f3n marc\u00f3 el posible inicio de una separaci\u00f3n permanente entre padres e hijos, fuente de un profundo dolor e incertidumbre.<\/p>\n<p>Familia dividida entre Florida y Venezuela<\/p>\n<p>Antonio Laverde sali\u00f3 de Venezuela rumbo a Estados Unidos en 2022, cruz\u00f3 la frontera de forma ilegal y despu\u00e9s solicit\u00f3 asilo.<\/p>\n<p>Obtuvo un permiso de trabajo y una licencia de conducir y trabaj\u00f3 como conductor de Uber en Miami, compartiendo casa con otros inmigrantes para poder enviar dinero a sus familiares en Venezuela y Florida.<\/p>\n<p>Su esposa, Jakelin Pasedo, y sus hijos lo siguieron desde Venezuela a Miami en diciembre de 2024. Pasedo se dedicaba a cuidar a los peque\u00f1os mientras su esposo ganaba suficiente para mantener a la familia. La mujer y los ni\u00f1os obtuvieron estatus de refugiados, pero Laverde, de 39 a\u00f1os, nunca lo logr\u00f3 y cuando sali\u00f3 a trabajar una ma\u00f1ana de junio temprano, fue arrestado por agentes federales.<\/p>\n<p>Pasedo dice que se trat\u00f3 de un caso de confusi\u00f3n de identidad por parte de las autoridades, que buscaban a un sospechoso en su vivienda compartida. Al final, ella y sus hijos, que entonces ten\u00edan tres y cinco a\u00f1os, recuerdan que los agentes esposaron a Laverde a punta de pistola.<\/p>\n<p>\u201cSe enfermaron con fiebre, lloraban por su pap\u00e1, preguntaban por \u00e9l\u201d, dijo Pasedo.<\/p>\n<p>Laverde fue retenido en el Centro de Transici\u00f3n de Broward, un centro de detenci\u00f3n en Pompano Beach, Florida. En septiembre, despu\u00e9s de tres meses all\u00ed, pidi\u00f3 regresar a Venezuela.<\/p>\n<p>Pero Pasedo, de 39 a\u00f1os, no tiene intenci\u00f3n de regresar. Teme ser arrestada o secuestrada por criticar al gobierno socialista y formar parte de la oposici\u00f3n pol\u00edtica.<\/p>\n<p>Trabaja limpiando oficinas y, a pesar de todos los obst\u00e1culos, espera reunirse con su esposo alg\u00fan d\u00eda en Estados Unidos.<\/p>\n<p>Cumpliendo la ley<\/p>\n<p>El esposo de Yaoska era un activista pol\u00edtico en Nicaragua, un pa\u00eds controlado por los copresidentes autocr\u00e1ticos Daniel Ortega y Rosario Murillo.<\/p>\n<p>Recuerda que su pareja recibi\u00f3 amenazas de muerte y fue golpeado por la polic\u00eda tras negarse a participar en una marcha progubernamental. Yaoska habl\u00f3 bajo condici\u00f3n de anonimato y solicit\u00f3 lo mismo para su esposo para protegerlo de las autoridades nicarag\u00fcenses.<\/p>\n<p>La pareja huy\u00f3 de su pa\u00eds a Estados Unidos con su hijo de 10 a\u00f1os en 2022, cruzaron la frontera y obtuvieron la libertad condicional migratoria. Se establecieron en Miami, solicitaron asilo y tuvieron un segundo hijo, que tiene nacionalidad estadounidense. Yaoska est\u00e1 embarazada de cinco meses de su tercer beb\u00e9.<\/p>\n<p>A finales de agosto, Yaoska, de 32 a\u00f1os, acudi\u00f3 a una cita en la oficina del Servicio de Inmigraci\u00f3n y Control de Aduanas en el sur de Florida. Su familia la acompa\u00f1\u00f3. Su esposo, de 35 a\u00f1os, fue detenido y no pas\u00f3 la entrevista de temor cre\u00edble, de acuerdo con un documento judicial.<\/p>\n<p>Yaoska qued\u00f3 en libertad supervisada las 24 horas del d\u00eda por un reloj con GPS que no puede quitarse. Su pareja fue enviada de vuelta a Nicaragua luego de tres meses en el Centro de Detenci\u00f3n de Krome, el centro de detenci\u00f3n de inmigraci\u00f3n m\u00e1s antiguo de Estados Unidos, que tiene un largo historial de abusos.<\/p>\n<p>Ahora, comparte las noticias familiares con su esposo por tel\u00e9fono. Los ni\u00f1os lo est\u00e1n pasando mal sin su padre, asegur\u00f3.<\/p>\n<p>\u201cEs muy duro ver a mis hijos as\u00ed. Lo detuvieron delante de mis hijos\u201d, cont\u00f3 Yaoska, con la voz temblorosa.<\/p>\n<p>No quieren comer y enferman a menudo. El m\u00e1s peque\u00f1o se despierta por la noche llamando a su padre.<\/p>\n<p>\u201cTengo miedo en Nicaragua\u201d, dijo. \u201cPero aqu\u00ed tambi\u00e9n me da miedo\u201d.<\/p>\n<p>Yaoska explic\u00f3 que su permiso de trabajo es v\u00e1lido hasta 2028, pero el futuro es aterrador e incierto.<\/p>\n<p>\u201cHe ido a aplicar a varias agencias de trabajo, pero nadie me llama\u201d, afirm\u00f3. \u201cNo s\u00e9 qu\u00e9 va a pasar conmigo\u201d.<\/p>\n<p>Detenido por la polic\u00eda local y deportado<\/p>\n<p>Edgar se march\u00f3 de Guatemala hace m\u00e1s de dos d\u00e9cadas. Trabajaba en la construcci\u00f3n y form\u00f3 una familia en el sur de Florida con Amavilia, una migrante guatemalteca sin la documentaci\u00f3n en regla. <\/p>\n<p>La llegada de su hijo les trajo alegr\u00eda.<\/p>\n<p>\u201c\u00c9l estaba feliz con el beb\u00e9, lo amaba\u201d, cont\u00f3 Amavilia, de 31 a\u00f1os. \u201cDec\u00eda que lo iba a ver crecer y caminar\u201d.<\/p>\n<p>Pero a los pocos d\u00edas, Edgar fue detenido por una orden de arresto de 2016 por conducir sin licencia en Homestead, la peque\u00f1a ciudad agr\u00edcola donde viv\u00eda en el sur de Florida.<\/p>\n<p>Ella y su esposo se negaron a identificarse con sus apellidos por temor a las posibles repercusiones de las autoridades migratorias estadounidenses.<\/p>\n<p>Amavilia esperaba que lo liberasen en 48 horas. En cambio, Edgar, quien se neg\u00f3 a ser entrevistado, fue entregado a las autoridades de inmigraci\u00f3n y trasladado a Krome.<\/p>\n<p>\u201cEntr\u00e9 en una desesperaci\u00f3n. No hallaba qu\u00e9 hacer\u201d, asegur\u00f3 Amavilia. \u201cNo puedo ir\u201d.<\/p>\n<p>Ca\u00ed en la desesperaci\u00f3n. No sab\u00eda qu\u00e9 hacer\u201d, dijo Amavilia. \u201cNo puedo ir\u201d.<\/p>\n<p>Edgar, de 45 a\u00f1os, fue deportado a Guatemala el 8 de junio.<\/p>\n<p>Tras el arresto de su pareja, Amavilia no pudo pagar los 950 d\u00f3lares del alquiler del departamento de dos habitaciones que comparte con otro inmigrante. Durante los primeros tres meses, recibi\u00f3 donaciones de defensores de los migrantes. <\/p>\n<p>Hoy, mientras amamantan y cuida a dos ni\u00f1os, se levanta a las tres de la madrugada para cocinar almuerzos que vende por 10 d\u00f3lares cada uno.<\/p>\n<p>Camina con su hijo en un cochecito para llevar a su hija a la escuela y luego pasa las tardes vendiendo helados caseros y pl\u00e1tanos cubiertos de chocolate puerta a puerta con los dos menores.<\/p>\n<p>Amavilia cruz\u00f3 la frontera en septiembre de 2023 y no solicit\u00f3 asilo ni ning\u00fan tipo de estatus legal. Cuenta que su hija se pone nerviosa cuando ve a la polic\u00eda. Ella le pide que mantenga la calma, sonr\u00eda y camine con confianza.<\/p>\n<p>\u201cMe da miedo salir, pero siempre salgo encomendada a Dios\u201d, se\u00f1al\u00f3. \u201cCada vez que regreso me siento feliz y agradecida\u201d.<\/p>\n","protected":false},"excerpt":{"rendered":"MIAMI\u00a0\u2014\u00a0La pol\u00edtica migratoria de tolerancia cero del presidente Donald Trump separ\u00f3 a m\u00e1s de 5.000 ni\u00f1os de sus&hellip;\n","protected":false},"author":2,"featured_media":290431,"comment_status":"","ping_status":"","sticky":false,"template":"","format":"standard","meta":{"footnotes":""},"categories":[42],"tags":[69681,1611,5806,17,18,69680,629,367,13,14,421,2972,582,11,30,61,62,63,64,19,20,1970,69679,9,10,15,16,698,12,21,22,69682,65,66,67,69678],"class_list":{"0":"post-290430","1":"post","2":"type-post","3":"status-publish","4":"format-standard","5":"has-post-thumbnail","7":"category-internacional","8":"tag-amavilia","9":"tag-ano","10":"tag-autoridad","11":"tag-breaking-news","12":"tag-breakingnews","13":"tag-esposo","14":"tag-estados-unidos","15":"tag-familia","16":"tag-featured-news","17":"tag-featurednews","18":"tag-florida","19":"tag-frontera","20":"tag-gobierno","21":"tag-headlines","22":"tag-hijo","23":"tag-internacional","24":"tag-international","25":"tag-international-news","26":"tag-internationalnews","27":"tag-latest-news","28":"tag-latestnews","29":"tag-mes","30":"tag-migratorio","31":"tag-news","32":"tag-noticias","33":"tag-noticias-destacadas","34":"tag-noticiasdestacadas","35":"tag-pais","36":"tag-titulares","37":"tag-ultimas-noticias","38":"tag-ultimasnoticias","39":"tag-venezuela-rumbo","40":"tag-world","41":"tag-world-news","42":"tag-worldnews","43":"tag-yaoska"},"share_on_mastodon":{"url":"","error":"Validation failed: Text character limit of 500 exceeded"},"_links":{"self":[{"href":"https:\/\/www.europesays.com\/es\/wp-json\/wp\/v2\/posts\/290430","targetHints":{"allow":["GET"]}}],"collection":[{"href":"https:\/\/www.europesays.com\/es\/wp-json\/wp\/v2\/posts"}],"about":[{"href":"https:\/\/www.europesays.com\/es\/wp-json\/wp\/v2\/types\/post"}],"author":[{"embeddable":true,"href":"https:\/\/www.europesays.com\/es\/wp-json\/wp\/v2\/users\/2"}],"replies":[{"embeddable":true,"href":"https:\/\/www.europesays.com\/es\/wp-json\/wp\/v2\/comments?post=290430"}],"version-history":[{"count":0,"href":"https:\/\/www.europesays.com\/es\/wp-json\/wp\/v2\/posts\/290430\/revisions"}],"wp:featuredmedia":[{"embeddable":true,"href":"https:\/\/www.europesays.com\/es\/wp-json\/wp\/v2\/media\/290431"}],"wp:attachment":[{"href":"https:\/\/www.europesays.com\/es\/wp-json\/wp\/v2\/media?parent=290430"}],"wp:term":[{"taxonomy":"category","embeddable":true,"href":"https:\/\/www.europesays.com\/es\/wp-json\/wp\/v2\/categories?post=290430"},{"taxonomy":"post_tag","embeddable":true,"href":"https:\/\/www.europesays.com\/es\/wp-json\/wp\/v2\/tags?post=290430"}],"curies":[{"name":"wp","href":"https:\/\/api.w.org\/{rel}","templated":true}]}}