{"id":290434,"date":"2025-12-16T01:32:16","date_gmt":"2025-12-16T01:32:16","guid":{"rendered":"https:\/\/www.europesays.com\/es\/290434\/"},"modified":"2025-12-16T01:32:16","modified_gmt":"2025-12-16T01:32:16","slug":"sanidad-alcanza-un-preacuerdo-con-los-sindicatos-del-ambito-de-negociacion-para-el-nuevo-estatuto-marco","status":"publish","type":"post","link":"https:\/\/www.europesays.com\/es\/290434\/","title":{"rendered":"Sanidad alcanza un preacuerdo con los sindicatos del \u00c1mbito de Negociaci\u00f3n para el nuevo Estatuto Marco"},"content":{"rendered":"<p>El Ministerio de Sanidad ha alcanzado un preacuerdo con las organizaciones sindicales del \u00c1mbito de Negociaci\u00f3n (SATSE -FSES, FSS-CCOO, UGT, CSIF y CIG-Sa\u00fade) que han expresado su respaldo al borrador del nuevo Estatuto Marco, descartando expl\u00edcitamente su retirada, pese a las solicitudes planteadas por algunas comunidades aut\u00f3nomas.<\/p>\n<p>Como consecuencia del acuerdo alcanzado, las organizaciones sindicales han acordado la suspensi\u00f3n de los paros previstos para el pr\u00f3ximo mes de enero, permitiendo as\u00ed avanzar con estabilidad la tramitaci\u00f3n del nuevo Estatuto.<\/p>\n<p>Entre los compromisos incorporados al acuerdo, se incluye el establecimiento de una jornada laboral ordinaria de 35 horas semanales, que se aplicar\u00e1 seg\u00fan los t\u00e9rminos que se definan en los correspondientes \u00e1mbitos de negociaci\u00f3n, atendiendo a las necesidades organizativas y asistenciales de los servicios de salud.<\/p>\n<p>El preacuerdo tambi\u00e9n contempla el acceso a la jubilaci\u00f3n parcial para todo el personal estatutario que cumpla los requisitos establecidos en la normativa vigente de la Seguridad Social. Tambi\u00e9n se abre la posibilidad de establecer <a href=\"https:\/\/www.lamoncloa.gob.es\/consejodeministros\/resumenes\/paginas\/2025\/270525-rueda-de-prensa-ministros.aspx\" onclick=\"javascript:GoogleTrackEvent(&#039;True&#039;,&#039;Contenido&#039;,&#039;Click&#039;,&#039;[https:\/\/www.lamoncloa.gob.es\/serviciosdeprensa\/notasprensa\/sanidad14\/Paginas\/2025\/151225-preacuerdo-sindicatos-estatuto-marco.aspx] la jubilaci\u00f3n anticipada para aquellas categor\u00edas profesionales que re\u00fanan los requisitos legales,. [\/consejodeministros\/resumenes\/paginas\/2025\/270525-rueda-de-prensa-ministros.aspx]&#039;);\" rel=\"nofollow noopener\" target=\"_blank\">la jubilaci\u00f3n anticipada para aquellas categor\u00edas profesionales que re\u00fanan los requisitos legales,<\/a> previa realizaci\u00f3n de un estudio integral de las condiciones de trabajo en el conjunto del Sistema Nacional de Salud.<\/p>\n<p>Las materias que no forman parte del \u00e1mbito competencial del Ministerio de Sanidad y que, por tanto, no se incorporan al texto del Estatuto Marco, se abordar\u00e1n mediante un acuerdo espec\u00edfico. Este acuerdo tendr\u00e1 como objetivo orientar las futuras negociaciones relativas al establecimiento de un nuevo modelo retributivo aplicable a todo el personal del Sistema Nacional de Salud.<\/p>\n<p>El Ministerio de Sanidad valora de forma muy positiva este preacuerdo, que demuestra que el di\u00e1logo social es el camino para mejorar las condiciones laborales del personal sanitario y fortalecer el Sistema Nacional de Salud.<\/p>\n<p>Sanidad reitera su compromiso de seguir trabajando con las organizaciones sindicales y con las comunidades aut\u00f3nomas para culminar una reforma clave para el futuro del SNS.<\/p>\n<p><img decoding=\"async\" alt=\"Sede del Ministerio de Sanidad\" title=\"Sede del Ministerio de Sanidad\" src=\"https:\/\/www.europesays.com\/es\/wp-content\/uploads\/2025\/12\/100419-ministeriosanidad.jpg\"\/><\/p>\n<p id=\"ctl00_PlaceHolderMain_DisplayMode_noticia_pImageCaption\" class=\"media-captionContainer rs_skip\">Sede del Ministerio de Sanidad.<\/p>\n<ul id=\"ctl00_PlaceHolderMain_DisplayMode_noticia_list_banner_home\" class=\"list-banner list-banner-no-border\">&#13;<\/p>\n<li class=\"BannerLi\">&#13;<a title=\"Datos actualizados y ayudas del Plan de Respuesta Inmediata, Reconstrucci\u00f3n y Relanzamiento\" href=\"https:\/\/www.lamoncloa.gob.es\/info-dana\/Paginas\/index.aspx\" rel=\"nofollow noopener\" target=\"_blank\"><img decoding=\"async\" title=\"Datos actualizados y ayudas del Plan de Respuesta Inmediata, Reconstrucci\u00f3n y Relanzamiento\" src=\"https:\/\/www.europesays.com\/es\/wp-content\/uploads\/2025\/10\/banner-noticias-dana.png\" alt=\"Datos actualizados y ayudas del Plan de Respuesta Inmediata, Reconstrucci\u00f3n y Relanzamiento\"\/><\/a>&#13;<\/li>\n<p>&#13;<\/ul>\n","protected":false},"excerpt":{"rendered":"El Ministerio de Sanidad ha alcanzado un preacuerdo con las organizaciones sindicales del \u00c1mbito de Negociaci\u00f3n (SATSE -FSES,&hellip;\n","protected":false},"author":2,"featured_media":290435,"comment_status":"","ping_status":"","sticky":false,"template":"","format":"standard","meta":{"footnotes":""},"categories":[5],"tags":[517,17,18,25,24,13,14,11,19,20,9,10,15,16,2330,1811,23,12,21,22],"class_list":{"0":"post-290434","1":"post","2":"type-post","3":"status-publish","4":"format-standard","5":"has-post-thumbnail","7":"category-titulares","8":"tag-actualidad","9":"tag-breaking-news","10":"tag-breakingnews","11":"tag-es","12":"tag-espana","13":"tag-featured-news","14":"tag-featurednews","15":"tag-headlines","16":"tag-latest-news","17":"tag-latestnews","18":"tag-news","19":"tag-noticias","20":"tag-noticias-destacadas","21":"tag-noticiasdestacadas","22":"tag-prensa","23":"tag-sanidad","24":"tag-spain","25":"tag-titulares","26":"tag-ultimas-noticias","27":"tag-ultimasnoticias"},"share_on_mastodon":{"url":"https:\/\/pubeurope.com\/@es\/115726670139401054","error":""},"_links":{"self":[{"href":"https:\/\/www.europesays.com\/es\/wp-json\/wp\/v2\/posts\/290434","targetHints":{"allow":["GET"]}}],"collection":[{"href":"https:\/\/www.europesays.com\/es\/wp-json\/wp\/v2\/posts"}],"about":[{"href":"https:\/\/www.europesays.com\/es\/wp-json\/wp\/v2\/types\/post"}],"author":[{"embeddable":true,"href":"https:\/\/www.europesays.com\/es\/wp-json\/wp\/v2\/users\/2"}],"replies":[{"embeddable":true,"href":"https:\/\/www.europesays.com\/es\/wp-json\/wp\/v2\/comments?post=290434"}],"version-history":[{"count":0,"href":"https:\/\/www.europesays.com\/es\/wp-json\/wp\/v2\/posts\/290434\/revisions"}],"wp:featuredmedia":[{"embeddable":true,"href":"https:\/\/www.europesays.com\/es\/wp-json\/wp\/v2\/media\/290435"}],"wp:attachment":[{"href":"https:\/\/www.europesays.com\/es\/wp-json\/wp\/v2\/media?parent=290434"}],"wp:term":[{"taxonomy":"category","embeddable":true,"href":"https:\/\/www.europesays.com\/es\/wp-json\/wp\/v2\/categories?post=290434"},{"taxonomy":"post_tag","embeddable":true,"href":"https:\/\/www.europesays.com\/es\/wp-json\/wp\/v2\/tags?post=290434"}],"curies":[{"name":"wp","href":"https:\/\/api.w.org\/{rel}","templated":true}]}}