{"id":290436,"date":"2025-12-16T01:38:09","date_gmt":"2025-12-16T01:38:09","guid":{"rendered":"https:\/\/www.europesays.com\/es\/290436\/"},"modified":"2025-12-16T01:38:09","modified_gmt":"2025-12-16T01:38:09","slug":"fallece-jade-romero-pena-joven-promesa-del-ciclismo-mexicano-de-14-anos-esciclismo-com","status":"publish","type":"post","link":"https:\/\/www.europesays.com\/es\/290436\/","title":{"rendered":"Fallece Jade Romero Pe\u00f1a, joven promesa del ciclismo mexicano, de 14 a\u00f1os &#8211; EsCiclismo.com"},"content":{"rendered":"<ol>\n<li><a href=\"https:\/\/news.google.com\/rss\/articles\/CBMiakFVX3lxTFBybDFwaHFQcDZVall6YXA2amV1T3VHd3RndXk1Z1BQZk5aTDh1THE5WVdrT3plbjFEbFNFazlSaDdWUnBqTktaTm5Ed3E3bzNmVjJxeUZtQWZSSWhieTFDeWV3ZTRIU0NVZUE?oc=5\" target=\"_blank\" rel=\"nofollow noopener\">Fallece Jade Romero Pe\u00f1a, joven promesa del ciclismo mexicano, de 14 a\u00f1os<\/a>&nbsp;&nbsp;EsCiclismo.com<\/li>\n<li><a href=\"https:\/\/news.google.com\/rss\/articles\/CBMiygFBVV95cUxOc3lGbUpic3dCU0lkSHhxT2tHdHItLXhfRWUxTnpzel9VNk94Nk1MY3M5eG1TTEVkWmJlZDVCQW44RFpkQldISDRPUmZnaks1R0dYcWlEOVFUeUhCbi1CcEF2YjJiUnNPZFY5WFVKZ0E2aGw0aDYzWXdTYktSZVg5SUVIdzRnQklVRGdSR2JCclNIUDdEdm1wRC1KZHVKU1ZiNWY1dGtkci1vSXRWWlpHeFk3VERpb0Jpdm1vSmRTMVFycTlLc3RWWTlR?oc=5\" target=\"_blank\" rel=\"nofollow noopener\">Jade Romero: Esta Fue la \u00daltima Publicaci\u00f3n de la Promesa del Ciclismo Mexicano Antes de Morir<\/a>&nbsp;&nbsp;N+<\/li>\n<li><a href=\"https:\/\/news.google.com\/rss\/articles\/CBMif0FVX3lxTE1QUGkxWkxFNDd0QVlEeC1qVkN0MnowYmpLbVBUZVg1dmdUd2FqZWhfX2tfZWJ6TXNWQkpPWFFobU54Sk1GZ1pURHFVOUtRUGQwRnk2U204SVlEbVh2Q3cwTmFRS1VhaXpkVVRkVXhtV1U0dk1sMzBFQ0RBVWNKdkU?oc=5\" target=\"_blank\" rel=\"nofollow noopener\">\u00a1CONSTERNACI\u00d3N! &#8211; MUERE PROMESAS DEL CICLISMO<\/a>&nbsp;&nbsp;NOTIVER<\/li>\n<li><a href=\"https:\/\/news.google.com\/rss\/articles\/CBMi1AJBVV95cUxPeGY0b2diaFZEWmxYQWFoYkY1bW5ENVZOTXpDYllpU1NkaE52aHRYUW1ua01qQnRKNWNJNzdPdXRRdTlJbF9Nd0ctbFN4UDczWm1odmh0cEdrRDRZcHFuWnlCZndoMmpFakd4UXM5elM3aDdUYnhrRWUyODAwVFpYVllCUXB4M0dEQlJEbjVQWVpqdFliOElSX01OWnpXM2V2djVnRnZRbVNsTk1YSGlSalNjNXlrUFEwUFBwb3N0N3FSM2dWX2VQeVh4RG1Vc3J2cTV5Qm53SW1ZSlp2RFE4TGpoRzE5LThFdFV5NHVfZXl4LWRJVHlmQzNoNlpjSWVqZEVlTDVnTm52NERiWUw5dEFHZFJPM3BXWUdPRnh2dllRM0VNcUlTQmR0c3RhQXpOdC1OQUR4UXRXUDJHM2I3cHhublU2TjYzaWZFdGxjbmFsSUxL0gHaAkFVX3lxTFBTZHEta0hEc2M0OVZ4em1XRDVGSlBSQzY2VWllNW5Cby1yRjVfandVbU9FNTFsY3Y0RklPcldnTGhPSzFlXzlzeXIzZ0MyM1pQTERFbzYwSTVTbmRfeUh2VVpJMklRcnNHWGF3UlpKdDRDOFBXV1kwczNiemVnTWJpNFEwNHRJcWZRekl2bnplNC1JUXc1bUpyelF4c2NrX2lReE85dS13MUNsOGhYNXFFbHZVNF9uUU5sWlUyQTZlTGhKdy1pelZ3bi1pRVR5U0VSd0JMUDVhMlA2SExEMkdZd050bkZycnlmUHY4bDFFeGdXaTd0TnEwdGE4bVd3LTR2ZXQzb1ZkemlTdDN0R0NPVWZpcGczUnU3V1JqQ0FHemdrdEFmTkNEM3NsbkhxeU1Jckh0LWRHQlNic1doeUw0ZUw1TWxMTVdXdVUyMHIyWWRRbS1wYmFfSVE?oc=5\" target=\"_blank\" rel=\"nofollow noopener\">Entre aplausos y a bordo de sus bicicletas, la comunidad ciclista de Coatzacoalcos despidi\u00f3 a Jade Romero Pe\u00f1a, deportista porte\u00f1a. El cuerpo de la joven recorri\u00f3 el Malec\u00f3n Costero en una carroza f\u00fanebre, en medio de un ambiente de respeto y solidarid<\/a>&nbsp;&nbsp;MunicipioSur<\/li>\n<li><a href=\"https:\/\/news.google.com\/rss\/articles\/CBMi5wFBVV95cUxQcEpzNEpkTEkxeVZBNm12WF9vRlFFd0ltRTRNQUJlVjl0TWNSdThDRko1RlNKazQ5Sjh6aHVtdGVBM0hINC1ldjZrUE1LSnpoa1Jza1VoOXR3RzlKbDF0MzFvVFFFdFFhZjBFSUZ1NmdHaTJIQzBUaEJkb2lZLWd1N3Jwd2pKRVlwWk5ZVjVYMWFjQVUySTVaLUF6SzB6R3VZb2hQZkpIRGVLU0g1Z0tBZWx2cGNIbFZOSTlpVUl1cy04ejg2TlFiVnQwdXR2bl9rN0RnbkRRaGc1RGFhS1ktVGxhSWtndEk?oc=5\" target=\"_blank\" rel=\"nofollow noopener\">\u201cEl dolor es inmenso\u201d: despiden a Jade Romero con emotivo video; la ciclista y promesa de 14 a\u00f1os<\/a>&nbsp;&nbsp;El Heraldo de M\u00e9xico<\/li>\n<\/ol>\n","protected":false},"excerpt":{"rendered":"Fallece Jade Romero Pe\u00f1a, joven promesa del ciclismo mexicano, de 14 a\u00f1os&nbsp;&nbsp;EsCiclismo.com Jade Romero: Esta Fue la \u00daltima&hellip;\n","protected":false},"author":2,"featured_media":290437,"comment_status":"","ping_status":"","sticky":false,"template":"","format":"standard","meta":{"footnotes":""},"categories":[273],"tags":[988,313,1757,69687,8310,69683,312,168,64795,158,622,25,24,874,9818,931,4649,8732,40166,25249,66782,1928,10764,61227,69686,4877,11671,15111,9088,13603,6746,23,167,4039,1222,69685,69684],"class_list":{"0":"post-290436","1":"post","2":"type-post","3":"status-publish","4":"format-standard","5":"has-post-thumbnail","7":"category-ciclismo","8":"tag-anos","9":"tag-ciclismo","10":"tag-ciclista","11":"tag-coatzacoalcos","12":"tag-conjunto","13":"tag-consternado","14":"tag-cycling","15":"tag-deportes","16":"tag-dest","17":"tag-el","18":"tag-equipo","19":"tag-es","20":"tag-espana","21":"tag-esta","22":"tag-estructura","23":"tag-fallecimiento","24":"tag-femenino","25":"tag-habia","26":"tag-incorporada","27":"tag-integrante","28":"tag-jade","29":"tag-joven","30":"tag-mexicano","31":"tag-monex","32":"tag-originaria","33":"tag-pena","34":"tag-pro","35":"tag-r","36":"tag-recientemente","37":"tag-romero","38":"tag-sido","39":"tag-spain","40":"tag-sports","41":"tag-sub","42":"tag-team","43":"tag-veracruzana","44":"tag-wmn"},"share_on_mastodon":{"url":"https:\/\/pubeurope.com\/@es\/115726693388881049","error":""},"_links":{"self":[{"href":"https:\/\/www.europesays.com\/es\/wp-json\/wp\/v2\/posts\/290436","targetHints":{"allow":["GET"]}}],"collection":[{"href":"https:\/\/www.europesays.com\/es\/wp-json\/wp\/v2\/posts"}],"about":[{"href":"https:\/\/www.europesays.com\/es\/wp-json\/wp\/v2\/types\/post"}],"author":[{"embeddable":true,"href":"https:\/\/www.europesays.com\/es\/wp-json\/wp\/v2\/users\/2"}],"replies":[{"embeddable":true,"href":"https:\/\/www.europesays.com\/es\/wp-json\/wp\/v2\/comments?post=290436"}],"version-history":[{"count":0,"href":"https:\/\/www.europesays.com\/es\/wp-json\/wp\/v2\/posts\/290436\/revisions"}],"wp:featuredmedia":[{"embeddable":true,"href":"https:\/\/www.europesays.com\/es\/wp-json\/wp\/v2\/media\/290437"}],"wp:attachment":[{"href":"https:\/\/www.europesays.com\/es\/wp-json\/wp\/v2\/media?parent=290436"}],"wp:term":[{"taxonomy":"category","embeddable":true,"href":"https:\/\/www.europesays.com\/es\/wp-json\/wp\/v2\/categories?post=290436"},{"taxonomy":"post_tag","embeddable":true,"href":"https:\/\/www.europesays.com\/es\/wp-json\/wp\/v2\/tags?post=290436"}],"curies":[{"name":"wp","href":"https:\/\/api.w.org\/{rel}","templated":true}]}}