{"id":290452,"date":"2025-12-16T01:49:21","date_gmt":"2025-12-16T01:49:21","guid":{"rendered":"https:\/\/www.europesays.com\/es\/290452\/"},"modified":"2025-12-16T01:49:21","modified_gmt":"2025-12-16T01:49:21","slug":"verduras-ultracongeladas-aliadas-nutricionales-tambien-en-navidad","status":"publish","type":"post","link":"https:\/\/www.europesays.com\/es\/290452\/","title":{"rendered":"Verduras ultracongeladas, aliadas nutricionales tambi\u00e9n en Navidad"},"content":{"rendered":"<p>Mientras las luces navide\u00f1as iluminan las calles y los men\u00fas se cargan de turrones, mariscos y asados, \u00bfqui\u00e9n no ha notado las consecuencias de los cambios en la alimentaci\u00f3n? La Asociaci\u00f3n Espa\u00f1ola de Fabricantes de Vegetales Congelados (<a href=\"https:\/\/www.hoyverdurascongeladas.com\/\" target=\"_blank\" rel=\"noopener nofollow\">ASEVEC<\/a>) recuerda la importancia de incorporar verduras en estas fechas ya que no solo ayudan a mantener una buena digesti\u00f3n, sino que tambi\u00e9n fortalecen el sistema inmunol\u00f3gico frente al estr\u00e9s y el fr\u00edo invernal, mejoran el estado de \u00e1nimo, regulan los niveles de energ\u00eda y previenen complicaciones a largo plazo como el colesterol alto o la fatiga cr\u00f3nica.<\/p>\n<p>\u201cDurante estas semanas solemos sumar muchas calor\u00edas casi sin darnos cuenta, por eso es importante encontrar el equilibrio. Las verduras ultracongeladas son una herramienta muy pr\u00e1ctica: son ligeras y nutritivas, se preparan en muy poco tiempo, encajan en cualquier men\u00fa y est\u00e1n siempre disponibles\u201d, se\u00f1ala \u00c1lvaro Aguilar, secretario general de ASEVEC.<\/p>\n<p><a class=\"gofollow\" data-track=\"NDAzLDMsMSw2MA==\" href=\"https:\/\/www.maf-roda.com\/fr\/\" target=\"_blank\" rel=\"nofollow noopener\"><img loading=\"lazy\" decoding=\"async\" data-lazyloaded=\"1\" width=\"450\" height=\"270\" src=\"https:\/\/www.europesays.com\/es\/wp-content\/uploads\/2025\/12\/1765799176_628_Maf-Roda-2025_Campana-Smart-Citrus_GIF-450x270_ES_V02_10.gif\"\/><\/a><\/p>\n<blockquote>\n<p><strong>NOTICIA RELACIONADA:\u00a0<a href=\"https:\/\/fruittoday.com\/otono-de-recoleccion-y-recetas-con-verduras-ultracongeladas\/\" target=\"_blank\" rel=\"noopener nofollow\">Oto\u00f1o de recolecci\u00f3n y recetas con verduras ultracongeladas<\/a><\/strong><\/p>\n<\/blockquote>\n<p>El color de las verduras, una gu\u00eda r\u00e1pida para conocer los diferentes nutrientes<\/p>\n<p>Aprovechando que, en Navidad, el color lo invade todo: calles, escaparates, mesas\u2026 tambi\u00e9n puede llenar de color los platos. Y es que, el color de las verduras, adem\u00e1s de hacerlas muy atractivas, son un indicador directo del tipo de nutrientes que aportan y un buen aliado para equilibrar o acompa\u00f1ar el men\u00fa en d\u00edas de cocinar en casa o incluso para acompa\u00f1ar como guarnici\u00f3n los platos festivos.<\/p>\n<p><a class=\"gofollow\" data-track=\"NDA5LDYsMSw2MA==\" href=\"https:\/\/www.vilmorinmikado.es\/semillas\/lechuga\/todo\" target=\"_blank\" rel=\"nofollow noopener\"><img loading=\"lazy\" decoding=\"async\" data-lazyloaded=\"1\" width=\"450\" height=\"270\" src=\"https:\/\/www.europesays.com\/es\/wp-content\/uploads\/2025\/12\/1765799177_951_Zicatela-Fajardo-Banner-Diciembre-Fruittoday1.jpg\"\/><\/a><\/p>\n<p>Seg\u00fan un equipo de investigadores de la Divisi\u00f3n de Nutrici\u00f3n Humana de la Universidad de Wageningen (Pa\u00edses Bajos)1, cada verdura tiene un beneficio relacionado con su color. Mientras que las verduras verdes como el br\u00f3coli, las espinacas y los guisantes son ricas en vitaminas A, C y K, magnesio y fibra, las de color naranja como las zanahorias o las calabazas tienen un alto contenido en vitaminas A y B. Los pimientos rojos destacan por sus antioxidantes y potasio y la berenjena morada, por las antocianinas, que estimulan la producci\u00f3n de gl\u00f3bulos blancos y favorecen la acci\u00f3n de enzimas reparadoras.<\/p>\n<p>Todos estos nutrientes se mantienen intactos en las verduras ultracongeladas ya que \u201cse recolectan en su punto \u00f3ptimo de maduraci\u00f3n, se lavan, se trocean y se someten a un proceso r\u00e1pido de fr\u00edo que permite conservar sus nutrientes y propiedades organol\u00e9pticas hasta el momento del consumo\u201d, se\u00f1ala Aguilar.<\/p>\n<p>Adem\u00e1s, al estar siempre disponibles en el congelador, permiten improvisar platos saludables en pocos minutos, algo especialmente \u00fatil en estas fechas.<\/p>\n<p>Tres recetas r\u00e1pidas para equilibrar entre festinesCrema verde de br\u00f3coli, guisantes y espinacas<\/p>\n<p>Ingredientes (2\u20133 raciones)<\/p>\n<ul>\n<li>300 g de br\u00f3coli ultracongelado<\/li>\n<li>150 g de guisantes ultracongelados<\/li>\n<li>150 g de espinacas ultracongeladas<\/li>\n<li>80 g de cebolla ultracongelada<\/li>\n<li>5 g de ajo ultracongelado<\/li>\n<li>600 ml de caldo<\/li>\n<li>2 cucharadas de AOVE<\/li>\n<li>Sal y pimienta al gusto<\/li>\n<\/ul>\n<p>Opcional: un chorrito de lim\u00f3n o una cucharada de yogur natural para servir Preparaci\u00f3n<\/p>\n<ol>\n<li>En una olla, calentar el aceite de oliva y pochar la cebolla durante 5 minutos.<\/li>\n<li>A\u00f1adir el ajo ultracongelado y cocinar 5 minutos m\u00e1s.<\/li>\n<li>Incorporar el br\u00f3coli, los guisantes y las espinacas ultracongeladas sin necesidad de descongelar previamente.<\/li>\n<li>Cubrir con el caldo vegetal y cocinar durante 10\u201312 minutos, hasta que las verduras est\u00e9n tiernas.<\/li>\n<li>Triturar hasta obtener una crema lisa. Ajustar el punto de sal y pimienta.<\/li>\n<li>Servir con un chorrito de lim\u00f3n para darle frescor o con una cucharada de yogur para un toque cremoso.<\/li>\n<\/ol>\n<p>Resultado: una crema ligera y llena de vitamina C, folatos y fibra, perfecta para un primer plato.<\/p>\n<p>Salteado mediterr\u00e1neo de berenjenas con tomate y albahaca<\/p>\n<p>Ingredientes (2 raciones)<\/p>\n<ul>\n<li>300 g de berenjena morada ultracongelada<\/li>\n<li>200 g de tomate triturado<\/li>\n<li>5 g de ajo ultracongelado<\/li>\n<li>2 cucharadas de AOVE<\/li>\n<li>Unas hojas de albahaca fresca<\/li>\n<li>Sal y pimienta<\/li>\n<li>2 cucharadas de ricotta o queso fresco<\/li>\n<\/ul>\n<p>Preparaci\u00f3n<\/p>\n<ol>\n<li>Calentar el aceite en una sart\u00e9n y dorar ligeramente el ajo ultracongelado.<\/li>\n<li>Incorporar los dados de berenjena ultracongelada y saltear a fuego medio-alto durante 8\u201310 minutos, hasta que est\u00e9n tiernos y dorados.<\/li>\n<li>A\u00f1adir el tomate, salpimentar y cocinar 5 minutos m\u00e1s para que los sabores se integren.<\/li>\n<li>Retirar del fuego y mezclar con la albahaca fresca troceada.<\/li>\n<li>A\u00f1adir un toque de ricotta para aportar cremosidad.<\/li>\n<\/ol>\n<p>Resultado: un plato ligero, arom\u00e1tico y rico en antocianinas y antioxidantes, ideal para una guarnici\u00f3n equilibrada.<\/p>\n<p>Tortilla completa de espinacas, pimiento rojo y cebolla<\/p>\n<p>Ingredientes (2 personas)<\/p>\n<ul>\n<li>250 g de espinacas ultracongeladas<\/li>\n<li>100 g de pimiento rojo ultracongelado en tiras<\/li>\n<li>60 g de cebolla ultracongelada<\/li>\n<li>4 huevos<\/li>\n<li>1 cucharada de AOVE<\/li>\n<li>Sal y pimienta<\/li>\n<\/ul>\n<p>Preparaci\u00f3n<\/p>\n<ol>\n<li>Batir los huevos en un bol amplio y reservar.<\/li>\n<li>En una sart\u00e9n, calentar el aceite y pochar la cebolla durante 5-7 minutos.<\/li>\n<li>A\u00f1adir el pimiento rojo y las espinacas ultracongeladas y cocinar a fuego medio hasta que queden jugosas.<\/li>\n<li>Incorporar las verduras al bol con los huevos. Salpimentar y mezclar.<\/li>\n<li>Verter la mezcla en la sart\u00e9n y cuajar a fuego suave por ambos lados hasta obtener la textura deseada.<\/li>\n<\/ol>\n<p>Resultado: una tortilla jugosa y llena de vitamina A, B9 y C, perfecta como cena ligera.<\/p>\n<p><strong>ASEVEC<\/strong> recomienda el consumo de frutas y verduras ultracongeladas, por sus excelentes caracter\u00edsticas nutricionales y tambi\u00e9n por la practicidad y versatilidad en la cocina<\/p>\n","protected":false},"excerpt":{"rendered":"Mientras las luces navide\u00f1as iluminan las calles y los men\u00fas se cargan de turrones, mariscos y asados, \u00bfqui\u00e9n&hellip;\n","protected":false},"author":2,"featured_media":290453,"comment_status":"","ping_status":"","sticky":false,"template":"","format":"standard","meta":{"footnotes":""},"categories":[92],"tags":[25,24,165,166,23,69691],"class_list":{"0":"post-290452","1":"post","2":"type-post","3":"status-publish","4":"format-standard","5":"has-post-thumbnail","7":"category-salud","8":"tag-es","9":"tag-espana","10":"tag-health","11":"tag-salud","12":"tag-spain","13":"tag-verduras-ultracongeladas"},"share_on_mastodon":{"url":"https:\/\/pubeurope.com\/@es\/115726736978473955","error":""},"_links":{"self":[{"href":"https:\/\/www.europesays.com\/es\/wp-json\/wp\/v2\/posts\/290452","targetHints":{"allow":["GET"]}}],"collection":[{"href":"https:\/\/www.europesays.com\/es\/wp-json\/wp\/v2\/posts"}],"about":[{"href":"https:\/\/www.europesays.com\/es\/wp-json\/wp\/v2\/types\/post"}],"author":[{"embeddable":true,"href":"https:\/\/www.europesays.com\/es\/wp-json\/wp\/v2\/users\/2"}],"replies":[{"embeddable":true,"href":"https:\/\/www.europesays.com\/es\/wp-json\/wp\/v2\/comments?post=290452"}],"version-history":[{"count":0,"href":"https:\/\/www.europesays.com\/es\/wp-json\/wp\/v2\/posts\/290452\/revisions"}],"wp:featuredmedia":[{"embeddable":true,"href":"https:\/\/www.europesays.com\/es\/wp-json\/wp\/v2\/media\/290453"}],"wp:attachment":[{"href":"https:\/\/www.europesays.com\/es\/wp-json\/wp\/v2\/media?parent=290452"}],"wp:term":[{"taxonomy":"category","embeddable":true,"href":"https:\/\/www.europesays.com\/es\/wp-json\/wp\/v2\/categories?post=290452"},{"taxonomy":"post_tag","embeddable":true,"href":"https:\/\/www.europesays.com\/es\/wp-json\/wp\/v2\/tags?post=290452"}],"curies":[{"name":"wp","href":"https:\/\/api.w.org\/{rel}","templated":true}]}}