{"id":290462,"date":"2025-12-16T01:55:08","date_gmt":"2025-12-16T01:55:08","guid":{"rendered":"https:\/\/www.europesays.com\/es\/290462\/"},"modified":"2025-12-16T01:55:08","modified_gmt":"2025-12-16T01:55:08","slug":"interior-cesa-al-jefe-de-la-policia-en-lerida-tras-conocer-su-condena-por-acoso-sexual","status":"publish","type":"post","link":"https:\/\/www.europesays.com\/es\/290462\/","title":{"rendered":"Interior cesa al jefe de la Polic\u00eda en L\u00e9rida tras conocer su condena por acoso sexual"},"content":{"rendered":"<p>El <a href=\"https:\/\/theobjective.com\/espana\/politica\/2025-12-15\/zapatero-reunion-detenido-plus-ultra-arresto\/\" rel=\"nofollow noopener\" target=\"_blank\">Ministerio<\/a> del <a href=\"https:\/\/theobjective.com\/etiqueta\/ministerio-del-interior\/\" rel=\"nofollow noopener\" target=\"_blank\">Interior<\/a> cesar\u00e1 al nuevo <a href=\"https:\/\/theobjective.com\/espana\/2025-12-15\/agresiones-sexuales-grupo-descienden-segundo-ano\/\" rel=\"nofollow noopener\" target=\"_blank\">comisario<\/a> provincial de la <a href=\"https:\/\/theobjective.com\/etiqueta\/policia-nacional\/\" rel=\"nofollow noopener\" target=\"_blank\">Polic\u00eda Nacional<\/a> en L\u00e9rida, Antonio Royo Sub\u00edas, <strong>tras conocer que fue declarado culpable de atosigar y requerir sexualmente a una subordinada <\/strong>en el Pa\u00eds Vasco en 1999.<\/p>\n<p>As\u00ed lo han se\u00f1alado a EFE fuentes del departamento que dirige Fernando Grande-Marlaska, que han confirmado que el cese ser\u00e1 inmediato y han confirmado la informaci\u00f3n que este lunes publica el diario Segre.<\/p>\n<p>Seg\u00fan esa informaci\u00f3n, el comisario, entonces inspector jefe, dirig\u00eda una Unidad de Intervenci\u00f3n Policial (UIP) en San Sebasti\u00e1n y, a tenor de lo que declar\u00f3 probado la Audiencia de Gipuzkoa y confirm\u00f3 el Tribunal Supremo, \u00abdesde el momento de su incorporaci\u00f3n\u00bb comenz\u00f3 a \u00abrequerir\u00bb a la v\u00edctima \u00abpara que mantuviera relaciones sexuales\u00bb con \u00e9l.<\/p>\n<p>\u00abSi acced\u00eda a sus pretensiones \u2014a\u00f1ad\u00eda el fallo, se encargar\u00eda de que obtuviera\u00bb dietas, d\u00edas de descanso, permisos y facilidades para ascender, pero, \u00ab<strong>en caso contrario, le se\u00f1alaba que se convertir\u00eda en su enemiga<\/strong>\u00bb, lo que la abocaba a \u00abpeores servicios, etc\u00bb, recoge el diario de esa sentencia.<\/p>\n<p>La Audiencia relata otros episodios, como el manotazo en el culo que el actual comisario dio a la agente -que pidi\u00f3 el traslado a Barcelona- durante una comida con m\u00e1s funcionarios policiales en Pamplona. <strong>El tribunal declar\u00f3 probado el acoso sexual e impuso a Royo una multa de 1.080 euros y una indemnizaci\u00f3n a la agente acosada con 3.000 euros<\/strong>. Royo tom\u00f3 posesi\u00f3n como comisario provincial de Lleida el pasado 9 de diciembre.<\/p>\n","protected":false},"excerpt":{"rendered":"El Ministerio del Interior cesar\u00e1 al nuevo comisario provincial de la Polic\u00eda Nacional en L\u00e9rida, Antonio Royo Sub\u00edas,&hellip;\n","protected":false},"author":2,"featured_media":290463,"comment_status":"","ping_status":"","sticky":false,"template":"","format":"standard","meta":{"footnotes":""},"categories":[8],"tags":[10239,17,18,25,24,13,14,14341,11,19,20,69693,14340,9,10,15,16,66703,23,12,21,22],"class_list":{"0":"post-290462","1":"post","2":"type-post","3":"status-publish","4":"format-standard","5":"has-post-thumbnail","7":"category-espana","8":"tag-acoso-sexual","9":"tag-breaking-news","10":"tag-breakingnews","11":"tag-es","12":"tag-espana","13":"tag-featured-news","14":"tag-featurednews","15":"tag-fernando-grande-marlaska","16":"tag-headlines","17":"tag-latest-news","18":"tag-latestnews","19":"tag-lu00e9rida","20":"tag-ministerio-del-interior","21":"tag-news","22":"tag-noticias","23":"tag-noticias-destacadas","24":"tag-noticiasdestacadas","25":"tag-policu00eda-nacional","26":"tag-spain","27":"tag-titulares","28":"tag-ultimas-noticias","29":"tag-ultimasnoticias"},"share_on_mastodon":{"url":"https:\/\/pubeurope.com\/@es\/115726760345405613","error":""},"_links":{"self":[{"href":"https:\/\/www.europesays.com\/es\/wp-json\/wp\/v2\/posts\/290462","targetHints":{"allow":["GET"]}}],"collection":[{"href":"https:\/\/www.europesays.com\/es\/wp-json\/wp\/v2\/posts"}],"about":[{"href":"https:\/\/www.europesays.com\/es\/wp-json\/wp\/v2\/types\/post"}],"author":[{"embeddable":true,"href":"https:\/\/www.europesays.com\/es\/wp-json\/wp\/v2\/users\/2"}],"replies":[{"embeddable":true,"href":"https:\/\/www.europesays.com\/es\/wp-json\/wp\/v2\/comments?post=290462"}],"version-history":[{"count":0,"href":"https:\/\/www.europesays.com\/es\/wp-json\/wp\/v2\/posts\/290462\/revisions"}],"wp:featuredmedia":[{"embeddable":true,"href":"https:\/\/www.europesays.com\/es\/wp-json\/wp\/v2\/media\/290463"}],"wp:attachment":[{"href":"https:\/\/www.europesays.com\/es\/wp-json\/wp\/v2\/media?parent=290462"}],"wp:term":[{"taxonomy":"category","embeddable":true,"href":"https:\/\/www.europesays.com\/es\/wp-json\/wp\/v2\/categories?post=290462"},{"taxonomy":"post_tag","embeddable":true,"href":"https:\/\/www.europesays.com\/es\/wp-json\/wp\/v2\/tags?post=290462"}],"curies":[{"name":"wp","href":"https:\/\/api.w.org\/{rel}","templated":true}]}}