{"id":290493,"date":"2025-12-16T02:34:08","date_gmt":"2025-12-16T02:34:08","guid":{"rendered":"https:\/\/www.europesays.com\/es\/290493\/"},"modified":"2025-12-16T02:34:08","modified_gmt":"2025-12-16T02:34:08","slug":"el-corte-de-pablo-motos-a-una-de-las-hormigas-por-una-pregunta-a-malu-ojala-no-estuvieramos-en-directo","status":"publish","type":"post","link":"https:\/\/www.europesays.com\/es\/290493\/","title":{"rendered":"El corte de Pablo Motos a una de las hormigas por una pregunta a Mal\u00fa: \u00abOjal\u00e1 no estuvi\u00e9ramos en directo\u00bb"},"content":{"rendered":"<p class=\"v-mdl-ath__p v-mdl-ath__p--6\">\nLunes, 15 de diciembre 2025, 22:46<\/p>\n<p class=\"v-p\">Mal\u00fa ha sido la primera invitada de la \u00faltima semana del a\u00f1o en &#8216;El Hormiguero&#8217;. La cantante ha visitado el programa para presentar su nuevo single, un adelanto del que ser\u00e1 su pr\u00f3ximo disco y que marca el inicio de una nueva etapa. La artista ha contado c\u00f3mo ser\u00e1n las siete noches consecutivas actuando en Live Las Ventas, en Madrid. \u00abEs algo que est\u00e1 fuera de contexto. Poder contarte en un concierto que no has visto en la gira anterior ni ver\u00e1s en la siguiente. No hay reglas. Un Show sin reglas. No hacer una presentaci\u00f3n de disco en s\u00ed\u00bb, ha explicado. <\/p>\n<p class=\"v-p\">Pablo Motos le ha preguntado sobre una an\u00e9cdota con el vestuario en un concierto, cuando le \u00abestall\u00f3\u00bb una chaqueta. \u00abLlevaba un corchete, me muevo mucho&#8230;\u00bb y de repente la chaqueta se le rompi\u00f3, quedando a la vista su cuerpo, seg\u00fan ha contado. \u00abTodos los v\u00eddeos que salieron en redes, sal\u00edan con corazoncitos\u00bb, tapando zonas sensibles de la cantante. Ese gesto le gust\u00f3 mucho a Mal\u00fa.<\/p>\n<p class=\"v-p\">El presentador ha hablado sobre una canci\u00f3n de Mal\u00fa en la que se dice que se nota cuando miente. \u00ab\u00bfEres mentirosa?\u00bb, le ha preguntado, a lo que la artista ha dicho que no. \u00abNo s\u00e9 mentir. No se me da bien. No he tenido que mentir mucho, se me nota mucho\u00bb, ha afirmado. <\/p>\n<p class=\"v-p\">Entonces Motos le ha propuesto un juego en el que Mal\u00fa deb\u00eda responder a una serie de preguntas para comprobar si ment\u00eda o no. Una de ellas la ha formulado &#8216;Barrancas&#8217;, una de las hormigas del programa. \u00ab\u00bfTe gusta el cr\u00edquet?\u00bb. A esto, el presentador le ha mirado al mu\u00f1eco y ha contestado: \u00abOjal\u00e1 no estuvi\u00e9ramos en directo\u00bb. <\/p>\n<p class=\"v-p\">Cambiando de tema y dejando al margen el juego, Motos le ha preguntado sobre los problemas de salud mental que ha atravesado la cantante, que lleva tres a\u00f1os en terapia. \u00abEn mi caso, cuando me iba bien, menos cre\u00eda yo que me merec\u00eda que eso pasara\u00bb, ha expuesto. \u00abNo s\u00e9 si es el s\u00edndrome del impostor. \u00bfY si alg\u00fan d\u00eda se dan cuenta de que no lo hago bien?\u00bb, se preguntaba Mal\u00fa. \u00abEsa presi\u00f3n que tienes encima, luchas contigo misma, en superarte en algo que ya no sabes qu\u00e9 es. Es horrible pelear con eso\u00bb, se ha sincerado. No obstante, ahora afirma que est\u00e1 \u00aben paz\u00bb, ya que \u00abcreo en m\u00ed como artista, vocalista&#8230;\u00bb. <\/p>\n<p>Reporta un error<\/p>\n","protected":false},"excerpt":{"rendered":"Lunes, 15 de diciembre 2025, 22:46 Mal\u00fa ha sido la primera invitada de la \u00faltima semana del a\u00f1o&hellip;\n","protected":false},"author":2,"featured_media":290494,"comment_status":"","ping_status":"","sticky":false,"template":"","format":"standard","meta":{"footnotes":""},"categories":[174],"tags":[255,12726,2125,146,147,25,24,256,28339,7960,13882,3236,618,9464,23],"class_list":{"0":"post-290493","1":"post","2":"type-post","3":"status-publish","4":"format-standard","5":"has-post-thumbnail","7":"category-famosos","8":"tag-celebrities","9":"tag-corte","10":"tag-directo","11":"tag-entertainment","12":"tag-entretenimiento","13":"tag-es","14":"tag-espana","15":"tag-famosos","16":"tag-hormigas","17":"tag-malu","18":"tag-motos","19":"tag-ojala","20":"tag-pablo","21":"tag-pregunta","22":"tag-spain"},"share_on_mastodon":{"url":"https:\/\/pubeurope.com\/@es\/115726913697117689","error":""},"_links":{"self":[{"href":"https:\/\/www.europesays.com\/es\/wp-json\/wp\/v2\/posts\/290493","targetHints":{"allow":["GET"]}}],"collection":[{"href":"https:\/\/www.europesays.com\/es\/wp-json\/wp\/v2\/posts"}],"about":[{"href":"https:\/\/www.europesays.com\/es\/wp-json\/wp\/v2\/types\/post"}],"author":[{"embeddable":true,"href":"https:\/\/www.europesays.com\/es\/wp-json\/wp\/v2\/users\/2"}],"replies":[{"embeddable":true,"href":"https:\/\/www.europesays.com\/es\/wp-json\/wp\/v2\/comments?post=290493"}],"version-history":[{"count":0,"href":"https:\/\/www.europesays.com\/es\/wp-json\/wp\/v2\/posts\/290493\/revisions"}],"wp:featuredmedia":[{"embeddable":true,"href":"https:\/\/www.europesays.com\/es\/wp-json\/wp\/v2\/media\/290494"}],"wp:attachment":[{"href":"https:\/\/www.europesays.com\/es\/wp-json\/wp\/v2\/media?parent=290493"}],"wp:term":[{"taxonomy":"category","embeddable":true,"href":"https:\/\/www.europesays.com\/es\/wp-json\/wp\/v2\/categories?post=290493"},{"taxonomy":"post_tag","embeddable":true,"href":"https:\/\/www.europesays.com\/es\/wp-json\/wp\/v2\/tags?post=290493"}],"curies":[{"name":"wp","href":"https:\/\/api.w.org\/{rel}","templated":true}]}}