{"id":290512,"date":"2025-12-16T02:48:14","date_gmt":"2025-12-16T02:48:14","guid":{"rendered":"https:\/\/www.europesays.com\/es\/290512\/"},"modified":"2025-12-16T02:48:14","modified_gmt":"2025-12-16T02:48:14","slug":"insiste-en-acabar-la-legislatura-en-plena-crisis-por-los-casos-de-acoso-sexual-y-corrupcion","status":"publish","type":"post","link":"https:\/\/www.europesays.com\/es\/290512\/","title":{"rendered":"insiste en acabar la legislatura en plena crisis por los casos de acoso sexual y corrupci\u00f3n"},"content":{"rendered":"<p>La sucesi\u00f3n de esc\u00e1ndalos por corrupci\u00f3n est\u00e1 pasando factura al PSOE en las \u00faltimas semanas. Los casos que salpican a dirigentes como Santos Cerd\u00e1n, Jos\u00e9 Luis \u00c1balos y Koldo, junto con la investigaci\u00f3n de la trama de los hidrocarburos, est\u00e1n generando una fuerte tensi\u00f3n en las estructuras territoriales del partido, justo cuando se acerca la cita clave de las elecciones en Extremadura. En este contexto complejo para el Gobierno y para los socialistas, el presidente <b>Pedro S\u00e1nchez comparecer\u00e1 este lunes ante los medios para ofrecer el tradicional balance de final de a\u00f1o<\/b>, marcado por la acumulaci\u00f3n de acusaciones de presunta corrupci\u00f3n y denuncias de acoso sexual que afectan a algunos cargos del partido.<\/p>\n<p>\u00daltima hora actualidad pol\u00edtica, en directo: comparecencia de Pedro S\u00e1nchez y reacciones<\/p>\n","protected":false},"excerpt":{"rendered":"La sucesi\u00f3n de esc\u00e1ndalos por corrupci\u00f3n est\u00e1 pasando factura al PSOE en las \u00faltimas semanas. Los casos que&hellip;\n","protected":false},"author":2,"featured_media":290513,"comment_status":"","ping_status":"","sticky":false,"template":"","format":"standard","meta":{"footnotes":""},"categories":[5],"tags":[17,18,25,24,13,14,11,19,20,9,10,15,16,23,12,21,22],"class_list":{"0":"post-290512","1":"post","2":"type-post","3":"status-publish","4":"format-standard","5":"has-post-thumbnail","7":"category-titulares","8":"tag-breaking-news","9":"tag-breakingnews","10":"tag-es","11":"tag-espana","12":"tag-featured-news","13":"tag-featurednews","14":"tag-headlines","15":"tag-latest-news","16":"tag-latestnews","17":"tag-news","18":"tag-noticias","19":"tag-noticias-destacadas","20":"tag-noticiasdestacadas","21":"tag-spain","22":"tag-titulares","23":"tag-ultimas-noticias","24":"tag-ultimasnoticias"},"share_on_mastodon":{"url":"https:\/\/pubeurope.com\/@es\/115726968626446617","error":""},"_links":{"self":[{"href":"https:\/\/www.europesays.com\/es\/wp-json\/wp\/v2\/posts\/290512","targetHints":{"allow":["GET"]}}],"collection":[{"href":"https:\/\/www.europesays.com\/es\/wp-json\/wp\/v2\/posts"}],"about":[{"href":"https:\/\/www.europesays.com\/es\/wp-json\/wp\/v2\/types\/post"}],"author":[{"embeddable":true,"href":"https:\/\/www.europesays.com\/es\/wp-json\/wp\/v2\/users\/2"}],"replies":[{"embeddable":true,"href":"https:\/\/www.europesays.com\/es\/wp-json\/wp\/v2\/comments?post=290512"}],"version-history":[{"count":0,"href":"https:\/\/www.europesays.com\/es\/wp-json\/wp\/v2\/posts\/290512\/revisions"}],"wp:featuredmedia":[{"embeddable":true,"href":"https:\/\/www.europesays.com\/es\/wp-json\/wp\/v2\/media\/290513"}],"wp:attachment":[{"href":"https:\/\/www.europesays.com\/es\/wp-json\/wp\/v2\/media?parent=290512"}],"wp:term":[{"taxonomy":"category","embeddable":true,"href":"https:\/\/www.europesays.com\/es\/wp-json\/wp\/v2\/categories?post=290512"},{"taxonomy":"post_tag","embeddable":true,"href":"https:\/\/www.europesays.com\/es\/wp-json\/wp\/v2\/tags?post=290512"}],"curies":[{"name":"wp","href":"https:\/\/api.w.org\/{rel}","templated":true}]}}