{"id":290536,"date":"2025-12-16T03:20:33","date_gmt":"2025-12-16T03:20:33","guid":{"rendered":"https:\/\/www.europesays.com\/es\/290536\/"},"modified":"2025-12-16T03:20:33","modified_gmt":"2025-12-16T03:20:33","slug":"jassel-perez-brilla-como-mvp-del-cantabria-tras-su-polemica-con-la-seleccion","status":"publish","type":"post","link":"https:\/\/www.europesays.com\/es\/290536\/","title":{"rendered":"Jassel P\u00e9rez brilla como &#8216;MVP&#8217; del Cantabria tras su pol\u00e9mica con la selecci\u00f3n"},"content":{"rendered":"<p>Jassel P\u00e9rez enterr\u00f3 cualquier resto de pol\u00e9mica pret\u00e9rita con una gran actuaci\u00f3n en la victoria del Grupo Alega Cantabria en su partido de Primera FEB.  &#8230; El escolta perteneciente al Covir\u00e1n Granada -cedido en el equipo santanderino- brill\u00f3 como el &#8216;MVP&#8217; del encuentro ante B\u00e0squet Menorca, que acab\u00f3 un marcador ajustado de 83-80. El dominicano caus\u00f3 revuelo recientemente al ser &#8216;cazado&#8217; de fiesta en mitad de la ventana FIBA en la que le tocaba participar con su selecci\u00f3n, lo que le vali\u00f3 su exclusi\u00f3n y una carta posterior de disculpa.<\/p>\n<p class=\"v-p\">Esta situaci\u00f3n no pareci\u00f3 afectar demasiado al jugador de 24 a\u00f1os, pues contin\u00faa como uno de los fijos en el quinteto del cuadro dirigido por Alejandro Paniagua en la categor\u00eda de plata. Ante Menorca, el caribe\u00f1o se erigi\u00f3 como el mejor del encuentro con 21 puntos y tres asistencias. Promedi\u00f3 un 89% de acierto en tiros de campo, consiguiendo un 75% desde la l\u00ednea de 6,75 -tres triples de cuatro intentos-. Unos guarismos que ayudaron al Cantabria a imponerse en un competido partido. El m\u00e1s\/menos de P\u00e9rez fue de 15 puntos.<\/p>\n<p class=\"v-p\">Tambi\u00e9n aport\u00f3 en labores defensivas, uno de los \u00e1mbitos donde debe crecer si aspira a dar el salto en la ACB en el futuro. P\u00e9rez captur\u00f3 dos rebotes en su per\u00edmetro y registr\u00f3 hasta cuatro robos. Tambi\u00e9n logr\u00f3 un tap\u00f3n y redujo las p\u00e9rdidas a una sola. Todos estos datos lo elevaron hasta los 27 puntos de valoraci\u00f3n, tan solo tres por debajo del visitante Fernando Zurbriggen. Como el triunfo cay\u00f3 del lado de los norte\u00f1os, el galard\u00f3n de &#8216;MVP&#8217; se lo llev\u00f3 el rojinegro.<\/p>\n<p class=\"v-p\">La direcci\u00f3n deportiva del Covir\u00e1n Granada no pierde ojo de las andanzas del dominicano en su primera temporada en el baloncesto espa\u00f1ol. En principio, su fichaje se acometi\u00f3 para guardar una bala en la rec\u00e1mara en caso de que Matt Thomas acabase saliendo a lo largo de la temporada. Ante la lesi\u00f3n de larga duraci\u00f3n del &#8216;dos&#8217; Jovan Kljajic, no ser\u00eda descabellado valorar una repesca de P\u00e9rez siempre y cuando el mercado no ofrezca la opci\u00f3n de reforzar el juego exterior del equipo con un nombre m\u00e1s experimentado.<\/p>\n<p class=\"v-p\">Sobre todo, alguien capaz de desenvolverse igualmente como director de juego adem\u00e1s de elevar la anotaci\u00f3n desde el triple, un rol en manos actualmente de Llu\u00eds Costa y Jonathan Rousselle. De momento, P\u00e9rez se mantiene en el Cantabria, situado en mitad de tabla con dos victorias por encima del descenso. Tambi\u00e9n con una menos que los equipos que marcan el &#8216;play off&#8217; de ascenso a final de curso.<\/p>\n","protected":false},"excerpt":{"rendered":"Jassel P\u00e9rez enterr\u00f3 cualquier resto de pol\u00e9mica pret\u00e9rita con una gran actuaci\u00f3n en la victoria del Grupo Alega&hellip;\n","protected":false},"author":2,"featured_media":290537,"comment_status":"","ping_status":"","sticky":false,"template":"","format":"standard","meta":{"footnotes":""},"categories":[269],"tags":[299,298,8236,2771,168,25,24,28904,24242,738,1526,1988,23,167,575],"class_list":{"0":"post-290536","1":"post","2":"type-post","3":"status-publish","4":"format-standard","5":"has-post-thumbnail","7":"category-baloncesto","8":"tag-baloncesto","9":"tag-basketball","10":"tag-brilla","11":"tag-cantabria","12":"tag-deportes","13":"tag-es","14":"tag-espana","15":"tag-jassel","16":"tag-mvp","17":"tag-perez","18":"tag-polemica","19":"tag-seleccion","20":"tag-spain","21":"tag-sports","22":"tag-tras"},"share_on_mastodon":{"url":"https:\/\/pubeurope.com\/@es\/115727094533250914","error":""},"_links":{"self":[{"href":"https:\/\/www.europesays.com\/es\/wp-json\/wp\/v2\/posts\/290536","targetHints":{"allow":["GET"]}}],"collection":[{"href":"https:\/\/www.europesays.com\/es\/wp-json\/wp\/v2\/posts"}],"about":[{"href":"https:\/\/www.europesays.com\/es\/wp-json\/wp\/v2\/types\/post"}],"author":[{"embeddable":true,"href":"https:\/\/www.europesays.com\/es\/wp-json\/wp\/v2\/users\/2"}],"replies":[{"embeddable":true,"href":"https:\/\/www.europesays.com\/es\/wp-json\/wp\/v2\/comments?post=290536"}],"version-history":[{"count":0,"href":"https:\/\/www.europesays.com\/es\/wp-json\/wp\/v2\/posts\/290536\/revisions"}],"wp:featuredmedia":[{"embeddable":true,"href":"https:\/\/www.europesays.com\/es\/wp-json\/wp\/v2\/media\/290537"}],"wp:attachment":[{"href":"https:\/\/www.europesays.com\/es\/wp-json\/wp\/v2\/media?parent=290536"}],"wp:term":[{"taxonomy":"category","embeddable":true,"href":"https:\/\/www.europesays.com\/es\/wp-json\/wp\/v2\/categories?post=290536"},{"taxonomy":"post_tag","embeddable":true,"href":"https:\/\/www.europesays.com\/es\/wp-json\/wp\/v2\/tags?post=290536"}],"curies":[{"name":"wp","href":"https:\/\/api.w.org\/{rel}","templated":true}]}}