{"id":290542,"date":"2025-12-16T03:25:12","date_gmt":"2025-12-16T03:25:12","guid":{"rendered":"https:\/\/www.europesays.com\/es\/290542\/"},"modified":"2025-12-16T03:25:12","modified_gmt":"2025-12-16T03:25:12","slug":"era-como-un-poco-nino-mimado-de-una-corriente-ideologica","status":"publish","type":"post","link":"https:\/\/www.europesays.com\/es\/290542\/","title":{"rendered":"&#8216;Era como un poco ni\u00f1o mimado de una corriente ideol\u00f3gica&#8217;"},"content":{"rendered":"<p>El escritor <a href=\"https:\/\/www.huffingtonpost.es\/virales\/juan-val-sentencia-gente-muy-ahorradora-f202512.html\" rel=\"nofollow noopener\" target=\"_blank\">Juan del Val,<\/a> ganador del <a href=\"https:\/\/www.huffingtonpost.es\/virales\/juan-val-reacciona-criticas-ganar-premio-planeta-ojonade-pablo-motos-justo.html\" rel=\"nofollow noopener\" target=\"_blank\">Premio Planeta 2025<\/a> gracias a su libro Vera, una historia de amor, ha hablado abiertamente sobre la actualidad con el humorista Juan Carlos Ortega en el programa <a href=\"https:\/\/cadenaser.com\/nacional\/2025\/12\/15\/juan-del-val-yo-creo-que-pablo-motos-es-de-izquierdas-cadena-ser\/\" target=\"_blank\" rel=\"nofollow noopener\">Transmite la SER<\/a>, en las que tambi\u00e9n ha deslizado a qui\u00e9n cree que ha votado en las elecciones el presentador de El Hormiguero, Pablo Motos.<\/p>\n<p>Lo primero que ha dejado claro es que cuando est\u00e1 colaborando en el programa junto a Motos no interpreta a ning\u00fan personaje, pero \u00ablo que pasa es que luego lo que se transmite despu\u00e9s<b> no me siento muy identificado<\/b>, pero si me sigues m\u00e1s o menos, s\u00ed ves que voy hacia cualquier lado que tenga que ver con criticar el poder\u00bb.<\/p>\n<p>Ortega deslizaba que habr\u00eda que dejar claro que no es necesario ser de derechas \u00abpara criticar a S\u00e1nchez\u00bb y el escritor a\u00f1ad\u00eda que<b> \u00absi tienes alg\u00fan tipo de compromiso con la izquierda, deber\u00edas criticarle fuertemente\u00bb.<\/b> Para Del Val, todos son v\u00edctimas de la \u00absimplificaci\u00f3n\u00bb de todos los mensajes.<\/p>\n<p>Ser de izquierdas no es decir, es actitud<\/p>\n<p>Juan del Val ha dejado claro en la Cadena SER que \u00e9l se considera de izquierdas y que este concepto <b>no se trata de decir \u00absoy de izquierdas\u00bb<\/b>, sino que lo primero es la actitud. \u00abEs como el feminismo, no es una actitud, no es decir que eres feminista, eso no vale para nada\u00bb, ha a\u00f1adido.<\/p>\n<p>\u00abA m\u00ed me parece que tiene algo que ver precisamente con eso, cr\u00edtico con el poder, ser inc\u00f3modo,<b> molestar a la gente que manda<\/b>, esto me parece que tiene algo que ver con un compromiso de izquierda\u00bb, ha comentado.<\/p>\n<p>\u00bfDe qu\u00e9 lado de la pol\u00edtica considera a Pablo Motos?<\/p>\n<p>Al humorista Ortega le ha sorprendido a qui\u00e9n ha votado siempre Pablo Motos: \u00abHay una cosa que mucha gente no sabe y yo me qued\u00e9 flipando, y es que<b> Pablo Motos es una persona que siempre ha votado a la izquierda<\/b>, la gente flipa con esto\u00bb.<\/p>\n<p>Del Val, por su parte, ha reaccionado recordando que Motos estuvo trabajando un tiempo en la SER. <b>\u00ab\u00c9l lo define as\u00ed, como un poco un ni\u00f1o mimado de una corriente ideol\u00f3gica<\/b>\u00ab, ha afirmado.<\/p>\n<p>\u00abCreo que ser de izquierdas tampoco es mejor que ser de derechas, hay personas que son conservadoras y personas que son progresistas, <b>est\u00e1 tremendamente pervertido en los \u00faltimos a\u00f1os<\/b>, pero efectivamente hay gente que es m\u00e1s conservadora que prefiere que las cosas no se muevan demasiado\u00bb, ha argumentado.<\/p>\n<p>Ha confesado haber conocido pocas personas \u00abmenos conservadoras que yo, no soy nada conservador en nada en la vida\u00bb. Por estas razones que ha expuesto es que ha afirmado que<b> \u00abme considero de izquierdas, como yo creo que lo es Pablo\u00bb.<\/b><\/p>\n<p>\u00abOtra cosa es cuando alguien identifica ser de izquierdas con votar de manera ciega y apoyar de manera ciega a un partido que dice que es de izquierdas, haga lo que haga, a m\u00ed esto me parece muy pobre intelectualmente\u00bb, ha rematado.<\/p>\n","protected":false},"excerpt":{"rendered":"El escritor Juan del Val, ganador del Premio Planeta 2025 gracias a su libro Vera, una historia de&hellip;\n","protected":false},"author":2,"featured_media":222496,"comment_status":"","ping_status":"","sticky":false,"template":"","format":"standard","meta":{"footnotes":""},"categories":[171],"tags":[5813,146,147,25,24,4260,5812,23,214],"class_list":{"0":"post-290542","1":"post","2":"type-post","3":"status-publish","4":"format-standard","5":"has-post-thumbnail","7":"category-tv","8":"tag-el-hormiguero","9":"tag-entertainment","10":"tag-entretenimiento","11":"tag-es","12":"tag-espana","13":"tag-juan-del-val","14":"tag-pablo-motos","15":"tag-spain","16":"tag-tv"},"share_on_mastodon":{"url":"https:\/\/pubeurope.com\/@es\/115727114095258895","error":""},"_links":{"self":[{"href":"https:\/\/www.europesays.com\/es\/wp-json\/wp\/v2\/posts\/290542","targetHints":{"allow":["GET"]}}],"collection":[{"href":"https:\/\/www.europesays.com\/es\/wp-json\/wp\/v2\/posts"}],"about":[{"href":"https:\/\/www.europesays.com\/es\/wp-json\/wp\/v2\/types\/post"}],"author":[{"embeddable":true,"href":"https:\/\/www.europesays.com\/es\/wp-json\/wp\/v2\/users\/2"}],"replies":[{"embeddable":true,"href":"https:\/\/www.europesays.com\/es\/wp-json\/wp\/v2\/comments?post=290542"}],"version-history":[{"count":0,"href":"https:\/\/www.europesays.com\/es\/wp-json\/wp\/v2\/posts\/290542\/revisions"}],"wp:featuredmedia":[{"embeddable":true,"href":"https:\/\/www.europesays.com\/es\/wp-json\/wp\/v2\/media\/222496"}],"wp:attachment":[{"href":"https:\/\/www.europesays.com\/es\/wp-json\/wp\/v2\/media?parent=290542"}],"wp:term":[{"taxonomy":"category","embeddable":true,"href":"https:\/\/www.europesays.com\/es\/wp-json\/wp\/v2\/categories?post=290542"},{"taxonomy":"post_tag","embeddable":true,"href":"https:\/\/www.europesays.com\/es\/wp-json\/wp\/v2\/tags?post=290542"}],"curies":[{"name":"wp","href":"https:\/\/api.w.org\/{rel}","templated":true}]}}