{"id":290543,"date":"2025-12-16T03:27:14","date_gmt":"2025-12-16T03:27:14","guid":{"rendered":"https:\/\/www.europesays.com\/es\/290543\/"},"modified":"2025-12-16T03:27:14","modified_gmt":"2025-12-16T03:27:14","slug":"james-gunn-descarta-uno-de-los-nombres-mas-sonados-para-interpretar-a-brainiac-en-la-secuela-de-superman","status":"publish","type":"post","link":"https:\/\/www.europesays.com\/es\/290543\/","title":{"rendered":"James Gunn descarta uno de los nombres m\u00e1s sonados para interpretar a Brainiac en la secuela de Superman"},"content":{"rendered":"<p class=\"c-paragraph\">Poco despu\u00e9s de que <a href=\"https:\/\/www.hobbyconsolas.com\/reviews\/critica-superman-pelicula-james-gunn-propone-edificar-nuevo-universo-dc-1472018\" rel=\"nofollow noopener\" target=\"_blank\">Superman <\/a>alzase el vuelo en verano y diese comienzo el <b>Universo DC<\/b> de <a href=\"https:\/\/www.hobbyconsolas.com\/hobbycine\/james-gunn-confirma-un-detalle-que-hara-unica-supergirl-toda-pelicula-transcurre-espacio-exterior_6910210_0.html\" title=\"James Gunn confirma un detalle que har\u00e1 \u00fanica a Supergirl: \u201cToda la pel\u00edcula transcurre en el espacio exterior\u201d\" rel=\"nofollow noopener\" target=\"_blank\">James Gunn<\/a> en la gran pantalla, se anunci\u00f3 que hab\u00eda una secuela en camino: <a href=\"https:\/\/www.hobbyconsolas.com\/hobbycine\/james-gunn-explica-sus-planes-dirigir-otros-proyectos-universo-dc-ademas-secuela-superman_6884149_0.html\" title=\"James Gunn explica sus planes de dirigir otros proyectos del Universo DC adem\u00e1s de la secuela de Superman\" rel=\"nofollow noopener\" target=\"_blank\">Man of Tomorrow<\/a>. No tard\u00f3 en empezar a sonar uno de los villanos de DC m\u00e1s famosos: <b>Brainiac<\/b>, como n\u00e9mesis del Hombre de Acero de <b>David Corenswet<\/b>.<\/p>\n<p class=\"c-paragraph\">Y a esos rumores se les unieron, inevitablemente, las c\u00e1balas de estrellas que podr\u00edan interpretar al villano en la pel\u00edcula. Todo esto sin que Gunn haya confirmado (ni desmentido, ya puestos) que Brainiac sea el villano de Man of Tomorrow.<\/p>\n<p>HBO Max<\/p>\n<p><img decoding=\"async\" loading=\"lazy\" alt=\"HBO Max Logo\" width=\"640\" height=\"776\" src=\"https:\/\/www.europesays.com\/es\/wp-content\/uploads\/2025\/12\/691d76a3ecc0f.jpeg\"\/><\/p>\n<p class=\"c-passport__description\">HBO Max tiene uno de los mayores y mejores cat\u00e1logos del mundo del streaming, y adem\u00e1s a precios competiivos.<\/p>\n<p class=\"c-paragraph\">El nombre que ha sonado m\u00e1s fuerte en las quinielas es el de <b>Dave Bautista<\/b>, quien ha trabajado estrechamente con James Gunn en el <a href=\"https:\/\/www.hobbyconsolas.com\/reportajes\/universo-cinematografico-marvel-origen-fases-futuro-orden-ver-series-peliculas-ucm-2025-1208290\" rel=\"nofollow noopener\" target=\"_blank\">Universo Cinematogr\u00e1fico de Marvel<\/a>, donde debut\u00f3 como Drax el Destructor en <a href=\"https:\/\/www.hobbyconsolas.com\/reviews\/guardianes-galaxia-critica-doble-81460\" rel=\"nofollow noopener\" target=\"_blank\">Guardianes de la Galaxia<\/a>.<\/p>\n<p class=\"c-paragraph\">James Gunn ha pasado ol\u00edmpicamente de todos los rumores, pero ha decidido abordar de cara los que se\u00f1alan a Bautista como antagonista de la pel\u00edcula que tiene previsto estrenarse en 2027. \u00bfEl motivo? \u00c9l y Dave Bautista son amigos, y los rumores le han molestado.<\/p>\n<p>No esperes a Dave Bautista en Man of Tomorrow<\/p>\n<p class=\"c-paragraph\">A trav\u00e9s de Threads, James Gunn ha compartido una publicaci\u00f3n que abordaba que Dave Bautista era la opci\u00f3n predilecta para encarnar a Brainiac en el Universo DC. El director no solo descarta a Bautista como el villano, sino a las dem\u00e1s opciones que ha visto desde que se anunci\u00f3 la secuela:<\/p>\n<p class=\"c-paragraph\">\u00abOlvid\u00e9monos por un momento de que nunca he dicho que Brainiac estuviera en la pel\u00edcula. Adoro a Dave Bautista y tengo muchas ideas sobre a qui\u00e9n podr\u00eda interpretar en el Universo DC, pero \u00e9l y yo nunca hemos hablado de un papel en Man of Tomorrow, ni lo hemos hablado entre nosotros en DC.<\/p>\n<p class=\"c-paragraph\">Adem\u00e1s, la verdad es que ninguno de los seis o siete nombres que he visto rumoreados para un papel, ha hecho una audici\u00f3n ni se ha hablado de \u00e9l. Suelo dejo pasar los rumores tontos (y este no es el m\u00e1s tonto que he escuchado \u00faltimamente), pero Dave es amigo y eso lo hace a\u00fan m\u00e1s irritante\u00bb.<\/p>\n<p class=\"c-paragraph\"><b>Man of Tomorrow tiene previsto su estreno el 9 de julio de 2027<\/b>, con la idea de replicar el buen funcionamiento de Superman en la taquilla este a\u00f1o.<\/p>\n","protected":false},"excerpt":{"rendered":"Poco despu\u00e9s de que Superman alzase el vuelo en verano y diese comienzo el Universo DC de James&hellip;\n","protected":false},"author":2,"featured_media":290544,"comment_status":"","ping_status":"","sticky":false,"template":"","format":"standard","meta":{"footnotes":""},"categories":[169],"tags":[177,9439,146,147,25,24,176,17334,13783,4417,175,23,22408],"class_list":{"0":"post-290543","1":"post","2":"type-post","3":"status-publish","4":"format-standard","5":"has-post-thumbnail","7":"category-cine","8":"tag-cine","9":"tag-descarta","10":"tag-entertainment","11":"tag-entretenimiento","12":"tag-es","13":"tag-espana","14":"tag-film","15":"tag-gunn","16":"tag-james","17":"tag-los","18":"tag-movies","19":"tag-spain","20":"tag-uno"},"share_on_mastodon":{"url":"https:\/\/pubeurope.com\/@es\/115727122458124811","error":""},"_links":{"self":[{"href":"https:\/\/www.europesays.com\/es\/wp-json\/wp\/v2\/posts\/290543","targetHints":{"allow":["GET"]}}],"collection":[{"href":"https:\/\/www.europesays.com\/es\/wp-json\/wp\/v2\/posts"}],"about":[{"href":"https:\/\/www.europesays.com\/es\/wp-json\/wp\/v2\/types\/post"}],"author":[{"embeddable":true,"href":"https:\/\/www.europesays.com\/es\/wp-json\/wp\/v2\/users\/2"}],"replies":[{"embeddable":true,"href":"https:\/\/www.europesays.com\/es\/wp-json\/wp\/v2\/comments?post=290543"}],"version-history":[{"count":0,"href":"https:\/\/www.europesays.com\/es\/wp-json\/wp\/v2\/posts\/290543\/revisions"}],"wp:featuredmedia":[{"embeddable":true,"href":"https:\/\/www.europesays.com\/es\/wp-json\/wp\/v2\/media\/290544"}],"wp:attachment":[{"href":"https:\/\/www.europesays.com\/es\/wp-json\/wp\/v2\/media?parent=290543"}],"wp:term":[{"taxonomy":"category","embeddable":true,"href":"https:\/\/www.europesays.com\/es\/wp-json\/wp\/v2\/categories?post=290543"},{"taxonomy":"post_tag","embeddable":true,"href":"https:\/\/www.europesays.com\/es\/wp-json\/wp\/v2\/tags?post=290543"}],"curies":[{"name":"wp","href":"https:\/\/api.w.org\/{rel}","templated":true}]}}