{"id":290557,"date":"2025-12-16T03:35:11","date_gmt":"2025-12-16T03:35:11","guid":{"rendered":"https:\/\/www.europesays.com\/es\/290557\/"},"modified":"2025-12-16T03:35:11","modified_gmt":"2025-12-16T03:35:11","slug":"he-tenido-estos-sentimientos-antes-no-caigais","status":"publish","type":"post","link":"https:\/\/www.europesays.com\/es\/290557\/","title":{"rendered":"He tenido estos sentimientos antes, no caig\u00e1is"},"content":{"rendered":"<p class=\"article-text\">\n        El PP de Madrid ha celebrado este lunes su habitual cena de Navidad. Con la presencia de Alberto N\u00fa\u00f1ez Feij\u00f3o e Isabel D\u00edaz Ayuso como principales atracciones, y en un espacio vetado para los periodistas. Y, como suele ser tambi\u00e9n habitual, sus discursos han hablado casi en exclusiva de Pedro S\u00e1nchez. El presidente del Gobierno como causa \u00fanica de todos los males que les afectan a ellos, y tambi\u00e9n al pa\u00eds. Ambos, confiados en su inminente ca\u00edda. Un a\u00f1o m\u00e1s, y ya van cuatro.\n    <\/p>\n<p>    <a href=\"https:\/\/www.eldiario.es\/politica\/sanchez-admite-errores-escandalos-corrupcion-acoso-reafirma-agotar-mandato_1_12845853.html\" data-mrf-recirculation=\"saber-mas\" data-dl-event=\"saber-mas\" rel=\"nofollow noopener\" target=\"_blank\"><\/p>\n<p class=\"know-more__title\">S\u00e1nchez reconoce que el PSOE no es \u201cinfalible\u201d ante el acoso y se reafirma en agotar el mandato<\/p>\n<p>            <img decoding=\"async\" class=\"lazy\" loading=\"lazy\" data-src=\"https:\/\/static.eldiario.es\/clip\/284afe6c-1881-4afb-bf41-133373ef4a26_16-9-aspect-ratio_default_0.jpg\" src=\"data:image\/svg+xml,%3Csvg xmlns=\" http:=\"\" viewbox=\"0 0 880 495\" alt=\"S\u00e1nchez reconoce que el PSOE no es \u201cinfalible\u201d ante el acoso y se reafirma en agotar el mandato\"\/><\/p>\n<p>                        <\/a><\/p>\n<p class=\"article-text\">\n        \u201cEstamos en plena forma, esperando a que llegue el momento de que puedas dar un paso adelante\u201d, le ha dicho Ayuso a Feij\u00f3o nada m\u00e1s arrancar. Con el debate en la derecha sobre la conveniencia o no de una moci\u00f3n de censura, en la direcci\u00f3n nacional del PP niegan categoricamente que Feij\u00f3o vaya a dar ning\u00fan \u201cpaso\u201d porque, aseguran, <a href=\"https:\/\/www.eldiario.es\/politica\/feijoo-pide-patronal-catalana-convenza-junts-erc-apoyar-mocion-censura-sanchez_1_12805122.html\" target=\"_blank\" data-mrf-recirculation=\"links-noticia\" class=\"link\" rel=\"nofollow noopener\">no tiene los votos necesarios<\/a>.\n    <\/p>\n<p class=\"article-text\">\n        La presidenta de Madrid ha prometido a su jefe de filas en el partigo que \u201ccuando este desgobierno caiga\u201d le van a \u201cdemostrar todo lo que el d\u00eda a d\u00eda estamos apuntando en pol\u00edtica\u201d para \u201cser una alternativa a esta desgracia que nos ha ca\u00eddo a todos los espa\u00f1oles\u201d.\n    <\/p>\n<p class=\"article-text\">\n        Ayuso ha llamado \u201cmafia\u201d al Gobierno. Les ha acusado de \u201cbuscar males ajenos\u201d y de obligar \u201cla gente a comprar discursos en realidad vac\u00edos que no representa a la gente currante\u201d. Entre los asistentes a la cena del PP de Madrid estaba su vicesecretaria de Organizaci\u00f3n, <a href=\"https:\/\/www.eldiario.es\/politica\/numero-3-ayuso-ataca-informes-uco-pide-archive-causa-corrupcion_1_12647201.html\" target=\"_blank\" data-mrf-recirculation=\"links-noticia\" class=\"link\" rel=\"nofollow noopener\">Ana Mill\u00e1n, investigada judicialmente por corrupci\u00f3n.<\/a>\n    <\/p>\n<p class=\"article-text\">\n         A rengl\u00f3n seguido, la presidenta de Madrid ha defendido los \u201cvalores occidentales\u201d, que luego ha definido \u201ccat\u00f3lica\u201d, y el pasado de Espa\u00f1a, cuando \u201cllev\u00f3 la civilizaci\u00f3n y los derechos humanos\u201d a otros lugares del mundo. Seg\u00fan Ayuso, Espa\u00f1a llev\u00f3 por el mundo \u201cesa forma espa\u00f1ola, liberal, quijotesca, alegre, generosa, de ver la vida\u201d.\n    <\/p>\n<p class=\"article-text\">\n        \u201cPretenden cambiar nuestro pa\u00eds\u201d, ha advertido. \u201cTenemos a una persona que intenta transformar nuestro pa\u00eds a su gusto, con agravio, enfrentamiento, guerracivilismo, bandos\u201d, ha a\u00f1adido, en referencia a Pedro S\u00e1chez. Ayuso ha concluido: \u201cMuchos mayores nos dicen, &#8216;yo ya he pasado por ah\u00ed, yo ya he tenido estos sentimientos antes, no caigais en esto\u201d.\n    <\/p>\n<p class=\"article-text\">\n        Ayuso tambi\u00e9n ha dedicado unas palabras, como suele ser habitual, a hablar de Pa\u00eds Vasco y Catalunya donde, seg\u00fan ha dicho \u201csolo gana el m\u00e1s fuerte, el mas subevencionado y tutelado por una administraci\u00f3n mafiosa que lo \u00fanico que hace es una compra masiva de sentimientos\u201d. La pareja de Ayuso, Alberto Gonz\u00e1lez Amador, opera dentro de uno de los principales contratistas de su Gobierno, el Grupo Quir\u00f3n, <a href=\"https:\/\/www.eldiario.es\/politica\/pareja-ayuso-opera-grupo-quiron-identidad-falsa-alberto-burnet-gonzalez_1_12834804.html\" target=\"_blank\" data-mrf-recirculation=\"links-noticia\" class=\"link\" rel=\"nofollow noopener\">con una identidad falsa<\/a>.\n    <\/p>\n<p class=\"article-text\">\n        La presidenta de Madrid tambi\u00e9n ha asegurado que \u201cla desgracia que ha empezado en el Pa\u00eds Vasco empez\u00f3 cuando los buenos no hicieron su trabajo y abandonaron a los que se dejaban la vida all\u00ed\u201d.\n    <\/p>\n<p class=\"article-text\">\n        \u201cHay que defender la propiedad, hay que defender la empresa\u201d, ha arengado a sus huestes, que han abonado 50 euros por cabeza por asistir a la cena, que ha tenido lugar en una finca del municipio de Alcorc\u00f3n especializada en bodas y celebraciones similares.\n    <\/p>\n<p>    Feij\u00f3o acusa a Zapatero de dar un \u201cchivatazo\u201d<\/p>\n<p class=\"article-text\">\n        Feij\u00f3o ha tomado el relevo de Ayuso, a quien ha querido \u201creivindicar delante de los nuestros y de todos\u201d porque \u201cno son capaces de doblegarla con todo el aparato del Estado\u201d. \u201cEn un momento en el que las mujeres socialistas se tienen que avergonzar\u201d de su partido, ha sostenido, el l\u00edder del PP ha cantado \u201corgullo por Ayuso\u201d por \u201cplantar cara a los machistas\u201d y \u201ca los que mienten\u201d.\n    <\/p>\n<p class=\"article-text\">\n        El l\u00edder del PP ha arremetido contra <a href=\"https:\/\/www.eldiario.es\/politica\/sanchez-admite-errores-escandalos-corrupcion-acoso-reafirma-agotar-mandato_1_12845853.html\" target=\"_blank\" data-mrf-recirculation=\"links-noticia\" class=\"link\" rel=\"nofollow noopener\">el balance de a\u00f1o<\/a> que ha hecho este mismo lunes el presidente del Gobierno. \u201cQuiere acabar el curso antes que los ni\u00f1os de primaria y secundaria, alguna prisa tendr\u00e1s\u201d, ha ironizado. Feij\u00f3o le ha acusado de \u201c<a href=\"https:\/\/www.eldiario.es\/politica\/denuncias-paco-salazar-subia-bragueta-cara-escenificaba-felaciones-pedia-vernos-escote_1_12807016.html\" target=\"_blank\" data-mrf-recirculation=\"links-noticia\" class=\"link\" rel=\"nofollow noopener\">proteger m\u00e1s a sus babosos que a las mujeres<\/a>\u201d a cuenta de los casos de acoso sexual denunciados por mujeres protagonizados por uno de los que fue principales asesores del presidente, Paco Salazar.\n    <\/p>\n<p class=\"article-text\">\n        Tambi\u00e9n ha negado que el Gobierno haya \u201cprotegido a los trabajadores\u201d. \u201cNunca ha ganado tanto el Ibex y nunca ha habido tantos pobres y nunca se ha perdido m\u00e1s clase media y poder adquisitivo\u201d, ha encadenado. \u201cA los trabajadores los consideran una caja registradora\u201d y \u201cconsideran que hay que crujirlos\u201d. \u201cNunca jam\u00e1s henos pagado m\u00e1s impuestos j hemos tenido m\u00e1s deuda p\u00fablica\u201d, ha asegurado Feij\u00f3o contra los datos oficiales.\n    <\/p>\n<p class=\"article-text\">\n        El l\u00edder del PP ha asegurado que desde el Gobierno \u201camenazan\u201d con que les vigilan. Feij\u00f3o cree que el Ejecutivo manda un mensaje: \u201ccuidado con lo que haces\u201d.\n    <\/p>\n<p class=\"article-text\">\n        Justo despu\u00e9s, Feij\u00f3o ha acusado al expresidente del Gobierno Jos\u00e9 Luis Rodr\u00edguez Zapatero de haber dado un \u201cchivatazo\u201d a \u201cinvestigados para que borrasen pruebas\u201d.\n    <\/p>\n<p class=\"article-text\">\n        \u201cTen\u00edan a Zapatero escondido en una mina, perd\u00f3n en una cueva, y lo han sacado para convertirlo en referente moral\u201d, ha dicho. \u201cDej\u00f3 al pa\u00eds al borde de la quiebra y ahora todo parece indicar que es especialista en hacer negocios con Venezuela\u201d, ha a\u00f1adido.\n    <\/p>\n<p class=\"article-text\">\n        Y ha concluido: \u201cSab\u00edamos de sus negocios turbios con Maduro, pero hemos visto publicado que daba chivatazos a los investigados para que borrasen pruebas. Espa\u00f1a necesita saber si un presidente ha dado chivatazos a personas que iban a ser detenidas. Lo l\u00f3gico es que hubiera comparecido para saber si es verdad o no, y no lo ha hecho\u201d.\n    <\/p>\n<p>    <a href=\"https:\/\/www.eldiario.es\/politica\/pareja-ayuso-opera-grupo-quiron-identidad-falsa-alberto-burnet-gonzalez_1_12834804.html\" data-mrf-recirculation=\"saber-mas-abajo\" data-dl-event=\"saber-mas-abajo\" rel=\"nofollow noopener\" target=\"_blank\"><\/p>\n<p class=\"know-more__title\">La pareja de Ayuso opera dentro del Grupo Quir\u00f3n con una identidad falsa: Alberto Burnet Gonz\u00e1lez<\/p>\n<p>            <img decoding=\"async\" class=\"lazy\" loading=\"lazy\" data-src=\"https:\/\/static.eldiario.es\/clip\/0e5eb989-6553-4c13-abf4-1b507aac18b1_16-9-aspect-ratio_default_0.jpg\" src=\"data:image\/svg+xml,%3Csvg xmlns=\" http:=\"\" viewbox=\"0 0 880 495\" alt=\"La pareja de Ayuso opera dentro del Grupo Quir\u00f3n con una identidad falsa: Alberto Burnet Gonz\u00e1lez\"\/><\/p>\n<p>                        <\/a><\/p>\n<p class=\"article-text\">\n        Feij\u00f3o ha mezclado dos informaciones de este lunes. Una, <a href=\"https:\/\/www.eldebate.com\/espana\/20251215\/zapatero-reunio-monte-cobertura-detenido-plus-ultra-72-horas-antes-arrestara-policia_365195.html\" target=\"_blank\" data-mrf-recirculation=\"links-noticia\" class=\"link\" rel=\"nofollow noopener\">de &#8216;El debate&#8217;<\/a>, sobre el encuentro de Zapatero con un empresario relacionado con la aerolinea Plus Ultra y que fue detenido posteriormente por una investigaci\u00f3n de la Polic\u00eda Nacional sobre blanqueo de capitales. La segunda, <a href=\"https:\/\/www.elconfidencial.com\/espana\/2025-12-15\/zapatero-venezuela-borro-mensajes-plus-ultra-julio-martinez_4266555\/\" target=\"_blank\" data-mrf-recirculation=\"links-noticia\" class=\"link\" rel=\"nofollow noopener\">de &#8216;El Confidencial&#8217;<\/a>, que asegura que ese mismo empresario \u201cse deshizo presuntamente de tel\u00e9fonos m\u00f3viles, elimin\u00f3 mensajes y correos comprometedores y redujo al m\u00ednimo sus movimientos ante el presagio de una detenci\u00f3n inminente\u201d.\n    <\/p>\n","protected":false},"excerpt":{"rendered":"El PP de Madrid ha celebrado este lunes su habitual cena de Navidad. Con la presencia de Alberto&hellip;\n","protected":false},"author":2,"featured_media":290558,"comment_status":"","ping_status":"","sticky":false,"template":"","format":"standard","meta":{"footnotes":""},"categories":[8],"tags":[62050,6984,17,18,69699,6727,25,24,13,14,69698,19109,11,19,20,3294,446,9,689,10,15,16,49025,23,33394,12,21,22],"class_list":{"0":"post-290557","1":"post","2":"type-post","3":"status-publish","4":"format-standard","5":"has-post-thumbnail","7":"category-espana","8":"tag-avisan","9":"tag-ayuso","10":"tag-breaking-news","11":"tag-breakingnews","12":"tag-caigais","13":"tag-dice","14":"tag-es","15":"tag-espana","16":"tag-featured-news","17":"tag-featurednews","18":"tag-guerracivilismo","19":"tag-he","20":"tag-headlines","21":"tag-latest-news","22":"tag-latestnews","23":"tag-le","24":"tag-mayores","25":"tag-news","26":"tag-no","27":"tag-noticias","28":"tag-noticias-destacadas","29":"tag-noticiasdestacadas","30":"tag-sentimientos","31":"tag-spain","32":"tag-tenido","33":"tag-titulares","34":"tag-ultimas-noticias","35":"tag-ultimasnoticias"},"share_on_mastodon":{"url":"https:\/\/pubeurope.com\/@es\/115727153415541327","error":""},"_links":{"self":[{"href":"https:\/\/www.europesays.com\/es\/wp-json\/wp\/v2\/posts\/290557","targetHints":{"allow":["GET"]}}],"collection":[{"href":"https:\/\/www.europesays.com\/es\/wp-json\/wp\/v2\/posts"}],"about":[{"href":"https:\/\/www.europesays.com\/es\/wp-json\/wp\/v2\/types\/post"}],"author":[{"embeddable":true,"href":"https:\/\/www.europesays.com\/es\/wp-json\/wp\/v2\/users\/2"}],"replies":[{"embeddable":true,"href":"https:\/\/www.europesays.com\/es\/wp-json\/wp\/v2\/comments?post=290557"}],"version-history":[{"count":0,"href":"https:\/\/www.europesays.com\/es\/wp-json\/wp\/v2\/posts\/290557\/revisions"}],"wp:featuredmedia":[{"embeddable":true,"href":"https:\/\/www.europesays.com\/es\/wp-json\/wp\/v2\/media\/290558"}],"wp:attachment":[{"href":"https:\/\/www.europesays.com\/es\/wp-json\/wp\/v2\/media?parent=290557"}],"wp:term":[{"taxonomy":"category","embeddable":true,"href":"https:\/\/www.europesays.com\/es\/wp-json\/wp\/v2\/categories?post=290557"},{"taxonomy":"post_tag","embeddable":true,"href":"https:\/\/www.europesays.com\/es\/wp-json\/wp\/v2\/tags?post=290557"}],"curies":[{"name":"wp","href":"https:\/\/api.w.org\/{rel}","templated":true}]}}