{"id":290561,"date":"2025-12-16T03:45:09","date_gmt":"2025-12-16T03:45:09","guid":{"rendered":"https:\/\/www.europesays.com\/es\/290561\/"},"modified":"2025-12-16T03:45:09","modified_gmt":"2025-12-16T03:45:09","slug":"hemos-sido-demasiado-valientes-porque-estamos-hablando-de-una-oferta-de-mas-de-320-millones-de-euros","status":"publish","type":"post","link":"https:\/\/www.europesays.com\/es\/290561\/","title":{"rendered":"\u00abHemos sido demasiado valientes porque estamos hablando de una oferta de m\u00e1s de 320 millones de euros\u00bb"},"content":{"rendered":"<p style=\"\">Ocupaba gran parte del foco medi\u00e1tico y fue mentado en varias ocasiones. <strong>Antonio Lapp\u00ed<\/strong> atendi\u00f3 a los medios de comunicaci\u00f3n tras la larga junta de accionistas. El empresario se ha posicionado como uno de los posibles compradores del club y quiso aclarar dudas tras  &#8230; la celebraci\u00f3n de la asamblea en la que la inquietud por el futuro del club estaba en el aire pese a que el consejo no se quiso referir a los posibles cambios en la propiedad que se podr\u00edan dar pr\u00f3ximamente.<\/p>\n<p class=\"voc-p\" style=\"\">Lapp\u00ed reiter\u00f3 en varias ocasiones que le gustar\u00eda que la situaci\u00f3n se recondujese y apel\u00f3 a la \u00abresponsabilidad\u00bb de los accionistas con el \u00ablegado\u00bb. Igualmente, dej\u00f3 una clara declaraci\u00f3n de intenciones al se\u00f1alar que \u00aben ning\u00fan caso desistir\u00e9\u00bb a la hora de intentar dar un paso al frente. <\/p>\n<p class=\"voc-p\" style=\"\">\u00abSinceramente, conozco bien lo que son las operaciones corporativas y operaciones como estas requieren su tiempo. L\u00f3gicamente habr\u00e1 distintos momentos en los que la operaci\u00f3n pueda estar m\u00e1s cerca de cerrarse y a lo mejor m\u00e1s para que se caiga la operaci\u00f3n\u00bb, comentaba. \u00abMe he visto abocado con una serie de gente, con Federico Quintero sobre todo, y apoyado por un equipo de profesionales con mucho talento y sevillistas a intentar no llegar a esto, porque <strong>la \u00fanica opci\u00f3n que nos daban era poner una oferta encima de la mesa que es lo que hemos hecho<\/strong>. Muy valiente, <strong>demasiado valiente porque estamos hablando de m\u00e1s de 320 millones de euros<\/strong> que as\u00ed les hemos hecho saber. En mi opini\u00f3n es reconducible todo\u00bb, indicaba a continuaci\u00f3n.<\/p>\n<p class=\"voc-p\" style=\"\">No obstante, reconoci\u00f3 que no se ponen de acuerdo con el precio de la operaci\u00f3n: \u00abEl valor y el precio son dos cosas que est\u00e1n re\u00f1idas. Podemos decir que usted quiere un precio por algo y otra persona decir que el valor no es correcto. Ahora de junio para ac\u00e1 hemos visto un cambio en la deuda financiera neta por lo que nos cuentan y hay 22 millones de euros m\u00e1s, se ha suscrito un nuevo pr\u00e9stamo&#8230; Nuestra oferta no es una cosa que se cambia. <strong>Si se puede reconducir para que no se haga una venta yo tiendo la mano. Ojal\u00e1 sea as\u00ed para que entre todos podamos tener un proyecto y un plan de negocio con talento. Y a m\u00ed me ilusiona liderar ese proyecto<\/strong>. Es m\u00e1s complejo de lo que se pueda decir aqu\u00ed en unos segundos. Debido a la longevidad que tiene el pr\u00e9stamo a cincuenta a\u00f1os y que es un pr\u00e9stamo participativo esto hace que rertorciendo los n\u00fameros y que la deuda se pueda estar acercando a las cifras que dice el presidente. Si tuvi\u00e9ramos acceso esperar\u00edamos a que en la due dilligence saliera la cifra que dice el presidente si la est\u00e1n haciendo\u00bb. <\/p>\n<p class=\"voc-p\" style=\"\">Adem\u00e1s, Lapp\u00ed reconoci\u00f3 que <strong>Monchi<\/strong> es una de las personas que estar\u00eda en su proyecto <strong>\u00abautom\u00e1ticamente\u00bb<\/strong>. \u00abRam\u00f3n siempre ha estado al lado de un proyecto que pueda ser ganador y en eso estamos por nuestra amistad y la profesionalidad que tiene\u00bb, indic\u00f3.<\/p>\n<p class=\"voc-p\" style=\"\">No obstante, por ahora las conversaciones que ha mantenido con los accionistas no han fructificado y confiesa que<strong> \u00abquiero esperar que no sea un silencio y que sea una oportunidad\u00bb<\/strong>. \u00abPuede ser que se caiga alguna otra operaci\u00f3n.<strong> No s\u00e9 en qu\u00e9 posici\u00f3n estamos, pero s\u00ed es verdad que hasta la fecha nadie ha dicho nada y entiendo que estamos ah\u00ed<\/strong> \u00bfQue no es la mejor? Tampoco creo que seamos los peores\u00bb, indic\u00f3. <\/p>\n<p class=\"voc-p\" style=\"\">\u00abYo llegu\u00e9 entre el a\u00f1o 2002 y 2006 a avalar operaciones por tres millones de euros, en aquel momento d\u00f3lares. Recuerdo perfectamente que no ten\u00edamos tantas acciones como ahora y aval\u00e1bamos el consejo de administraci\u00f3n. Cuando vino Dar\u00edo Silva, que casualmente vino tambi\u00e9n Germ\u00e1n Hornos. En mi caso, <strong>no tengo necesidad de cobrar. Independientemente de eso lo har\u00eda con la mayor transparencia del mundo.<\/strong> Tengo cubiertas mis necesidades. No es el que m\u00e1s tiene si no el que menos necesita\u00bb, conclu\u00eda.<\/p>\n","protected":false},"excerpt":{"rendered":"Ocupaba gran parte del foco medi\u00e1tico y fue mentado en varias ocasiones. Antonio Lapp\u00ed atendi\u00f3 a los medios&hellip;\n","protected":false},"author":2,"featured_media":290562,"comment_status":"","ping_status":"","sticky":false,"template":"","format":"standard","meta":{"footnotes":""},"categories":[268],"tags":[168,25,24,280,282,53106,281,23,167],"class_list":{"0":"post-290561","1":"post","2":"type-post","3":"status-publish","4":"format-standard","5":"has-post-thumbnail","7":"category-futbol","8":"tag-deportes","9":"tag-es","10":"tag-espana","11":"tag-football","12":"tag-futbol","13":"tag-lappi","14":"tag-soccer","15":"tag-spain","16":"tag-sports"},"share_on_mastodon":{"url":"https:\/\/pubeurope.com\/@es\/115727193209270904","error":""},"_links":{"self":[{"href":"https:\/\/www.europesays.com\/es\/wp-json\/wp\/v2\/posts\/290561","targetHints":{"allow":["GET"]}}],"collection":[{"href":"https:\/\/www.europesays.com\/es\/wp-json\/wp\/v2\/posts"}],"about":[{"href":"https:\/\/www.europesays.com\/es\/wp-json\/wp\/v2\/types\/post"}],"author":[{"embeddable":true,"href":"https:\/\/www.europesays.com\/es\/wp-json\/wp\/v2\/users\/2"}],"replies":[{"embeddable":true,"href":"https:\/\/www.europesays.com\/es\/wp-json\/wp\/v2\/comments?post=290561"}],"version-history":[{"count":0,"href":"https:\/\/www.europesays.com\/es\/wp-json\/wp\/v2\/posts\/290561\/revisions"}],"wp:featuredmedia":[{"embeddable":true,"href":"https:\/\/www.europesays.com\/es\/wp-json\/wp\/v2\/media\/290562"}],"wp:attachment":[{"href":"https:\/\/www.europesays.com\/es\/wp-json\/wp\/v2\/media?parent=290561"}],"wp:term":[{"taxonomy":"category","embeddable":true,"href":"https:\/\/www.europesays.com\/es\/wp-json\/wp\/v2\/categories?post=290561"},{"taxonomy":"post_tag","embeddable":true,"href":"https:\/\/www.europesays.com\/es\/wp-json\/wp\/v2\/tags?post=290561"}],"curies":[{"name":"wp","href":"https:\/\/api.w.org\/{rel}","templated":true}]}}