{"id":290580,"date":"2025-12-16T03:58:16","date_gmt":"2025-12-16T03:58:16","guid":{"rendered":"https:\/\/www.europesays.com\/es\/290580\/"},"modified":"2025-12-16T03:58:16","modified_gmt":"2025-12-16T03:58:16","slug":"interior-cesa-al-jefe-de-la-policia-nacional-en-lerida-tras-trascender-que-el-comisario-fue-condenado-por-acoso-sexual","status":"publish","type":"post","link":"https:\/\/www.europesays.com\/es\/290580\/","title":{"rendered":"Interior cesa al jefe de la Polic\u00eda Nacional en L\u00e9rida tras trascender que el comisario fue condenado por acoso sexual"},"content":{"rendered":"<p>            Las claves<\/p>\n<p>\n                nuevo<br \/>\n                Generado con IA\n            <\/p>\n<p>        <a class=\"key__news__heading--closed-content\" href=\"http:\/\/www.elespanol.com\/suscripciones\/#utm_source=internal&amp;utm_medium=claves\" rel=\"nofollow noopener\" target=\"_blank\"><\/p>\n<p class=\"item--text\">\n                            El Ministerio del Interior ha cesado al comisario Antonio Jos\u00e9 Royo Sub\u00edas como jefe de la Polic\u00eda Nacional en L\u00e9rida tras conocerse su condena por acoso sexual.\n                        <\/p>\n<p class=\"item--text\">\n                            Royo Sub\u00edas fue condenado en 2003 por acoso sexual agravado a una subordinada, aprovechando su posici\u00f3n de superior jer\u00e1rquico.\n                        <\/p>\n<p class=\"item--text\">\n                            La sentencia relataba que el comisario ofreci\u00f3 beneficios laborales a la agente a cambio de relaciones sexuales y lleg\u00f3 a agredirla f\u00edsicamente.\n                        <\/p>\n<p class=\"item--text\">\n                            La condena incluy\u00f3 una multa de 1.080 euros y una indemnizaci\u00f3n de 3.000 euros, pero no contempl\u00f3 inhabilitaci\u00f3n, permitiendo su ascenso y continuidad en la Polic\u00eda.\n                        <\/p>\n<p class=\"paragraph\" id=\"paragraph_1\"><a href=\"https:\/\/www.elespanol.com\/organismos\/ministerio_del_interior\/?utm_cmp_rs=linksinline\" target=\"_blank\" rel=\"nofollow noopener\">Interior <\/a>ha cesado como <strong>m\u00e1ximo responsable de la Polic\u00eda Nacional en L\u00e9rida<\/strong> al comisario <strong>Antonio Jos\u00e9 Royo Sub\u00edas<\/strong>, condenado en 2003 por un <strong>delito de acoso sexual a una subordinada.<\/strong><\/p>\n<p class=\"paragraph\" id=\"paragraph_2\">El cese se produce despu\u00e9s de que trascendiera este lunes su nombramiento, adelantado por el diario Segre, que se hizo efectivo el pasado 9 de diciembre, fecha en la que el mando policial tom\u00f3 posesi\u00f3n del cargo.<\/p>\n<p class=\"paragraph\" id=\"paragraph_3\">Royo Sub\u00edas fue condenado en junio de 2003 como autor de un<strong> delito de acoso sexual agravado<\/strong> por prevalerse de su posici\u00f3n de superior jer\u00e1rquico.<\/p>\n<p><img loading=\"lazy\" decoding=\"async\" alt=\"Jos\u00e9 Tom\u00e9 en una entrevista en 2024.\" height=\"180\" src=\"https:\/\/www.europesays.com\/es\/wp-content\/uploads\/2025\/12\/1003744049949_260410376_320x180.jpg\" width=\"320\" data-lazy-status=\"processed\" data-lazy-info=\"remove loading item 1\"\/><\/p>\n<p class=\"paragraph\" id=\"paragraph_4\">Los hechos probados por la Audiencia Provincial de Guip\u00fazcoa, confirmados en 2004 por el Tribunal Supremo, se remontan a marzo de 1999, cuando ejerc\u00eda como inspector jefe de un grupo de la Unidad de Intervenci\u00f3n Policial (UIP)\u00a0en San Sebasti\u00e1n.<\/p>\n<p class=\"paragraph\" id=\"paragraph_5\">Seg\u00fan la sentencia, Royo Sub\u00edas comenz\u00f3 a <strong>acosar a una agente apenas dos d\u00edas despu\u00e9s de que esta se incorporara<\/strong> a la unidad para que mantuviera <strong>relaciones sexuales con \u00e9l a cambio de beneficios<\/strong> laborales. Adem\u00e1s, le propin\u00f3 a la subordinada \u00abun manotazo en el gl\u00fateo\u00bb.<\/p>\n<p class=\"paragraph\" id=\"paragraph_6\">\u00abSi acced\u00eda a sus pretensiones \u2014a\u00f1ad\u00eda el fallo, se encargar\u00eda de que obtuviera\u00bb dietas, d\u00edas de descanso, permisos y facilidades para ascender, pero, \u00aben caso contrario, le se\u00f1alaba que se convertir\u00eda en su enemiga\u00bb, lo que la abocaba a \u00abpeores servicios, etc\u00bb, recoge el diario de esa sentencia.<\/p>\n<p class=\"paragraph\" id=\"paragraph_7\">Por ello, fue<strong> condenado a una multa de 1.080 euros y a indemnizar a la v\u00edctima con 3.000 euros<\/strong>. La sentencia no incluy\u00f3 <strong>ninguna pena accesoria de inhabilitaci\u00f3n, ya que no se incorpor\u00f3 hasta <\/strong>una reforma del C\u00f3digo Penal de 2022, por lo que continu\u00f3 en la Polic\u00eda y ascendi\u00f3 a comisario en 2017.<\/p>\n<p class=\"paragraph\" id=\"paragraph_8\">Un a\u00f1o despu\u00e9s de la condena emitida por la Audiencia de Guip\u00fazcoa, el <strong>Supremo declar\u00f3 tambi\u00e9n responsable civil al Estado<\/strong> porque todas estas acciones se llevaron a cabo aprovechando la \u00abprevalencia\u00bb del inspector jefe.<strong><\/strong><\/p>\n","protected":false},"excerpt":{"rendered":"Las claves nuevo Generado con IA El Ministerio del Interior ha cesado al comisario Antonio Jos\u00e9 Royo Sub\u00edas&hellip;\n","protected":false},"author":2,"featured_media":290581,"comment_status":"","ping_status":"","sticky":false,"template":"","format":"standard","meta":{"footnotes":""},"categories":[8],"tags":[17,18,25,24,13,14,14341,11,19,20,14340,9,10,15,16,23,12,21,22],"class_list":{"0":"post-290580","1":"post","2":"type-post","3":"status-publish","4":"format-standard","5":"has-post-thumbnail","7":"category-espana","8":"tag-breaking-news","9":"tag-breakingnews","10":"tag-es","11":"tag-espana","12":"tag-featured-news","13":"tag-featurednews","14":"tag-fernando-grande-marlaska","15":"tag-headlines","16":"tag-latest-news","17":"tag-latestnews","18":"tag-ministerio-del-interior","19":"tag-news","20":"tag-noticias","21":"tag-noticias-destacadas","22":"tag-noticiasdestacadas","23":"tag-spain","24":"tag-titulares","25":"tag-ultimas-noticias","26":"tag-ultimasnoticias"},"share_on_mastodon":{"url":"https:\/\/pubeurope.com\/@es\/115727244937319168","error":""},"_links":{"self":[{"href":"https:\/\/www.europesays.com\/es\/wp-json\/wp\/v2\/posts\/290580","targetHints":{"allow":["GET"]}}],"collection":[{"href":"https:\/\/www.europesays.com\/es\/wp-json\/wp\/v2\/posts"}],"about":[{"href":"https:\/\/www.europesays.com\/es\/wp-json\/wp\/v2\/types\/post"}],"author":[{"embeddable":true,"href":"https:\/\/www.europesays.com\/es\/wp-json\/wp\/v2\/users\/2"}],"replies":[{"embeddable":true,"href":"https:\/\/www.europesays.com\/es\/wp-json\/wp\/v2\/comments?post=290580"}],"version-history":[{"count":0,"href":"https:\/\/www.europesays.com\/es\/wp-json\/wp\/v2\/posts\/290580\/revisions"}],"wp:featuredmedia":[{"embeddable":true,"href":"https:\/\/www.europesays.com\/es\/wp-json\/wp\/v2\/media\/290581"}],"wp:attachment":[{"href":"https:\/\/www.europesays.com\/es\/wp-json\/wp\/v2\/media?parent=290580"}],"wp:term":[{"taxonomy":"category","embeddable":true,"href":"https:\/\/www.europesays.com\/es\/wp-json\/wp\/v2\/categories?post=290580"},{"taxonomy":"post_tag","embeddable":true,"href":"https:\/\/www.europesays.com\/es\/wp-json\/wp\/v2\/tags?post=290580"}],"curies":[{"name":"wp","href":"https:\/\/api.w.org\/{rel}","templated":true}]}}