{"id":290631,"date":"2025-12-16T04:44:08","date_gmt":"2025-12-16T04:44:08","guid":{"rendered":"https:\/\/www.europesays.com\/es\/290631\/"},"modified":"2025-12-16T04:44:08","modified_gmt":"2025-12-16T04:44:08","slug":"cuidadito-le-toca-un-pelo-a-un-venezolano-dw-16-12-2025","status":"publish","type":"post","link":"https:\/\/www.europesays.com\/es\/290631\/","title":{"rendered":"\u00abCuidadito le toca un pelo a un venezolano\u00bb \u2013 DW \u2013 16\/12\/2025"},"content":{"rendered":"<p>El gobernante venezolano<a class=\"internal-link\" href=\"https:\/\/www.dw.com\/es\/nicol\u00e1s-maduro\/t-17409336\" rel=\"nofollow noopener\" target=\"_blank\">Nicol\u00e1s Maduro<\/a> se lanz\u00f3 contra el reci\u00e9n electo presidente chileno, <a class=\"internal-link\" href=\"https:\/\/www.dw.com\/es\/jos\u00e9-antonio-kast\/t-75154542\" rel=\"nofollow noopener\" target=\"_blank\">Jos\u00e9 Antonio Kast<\/a>,\u00a0 y le exigi\u00f3 \u00abrespetar\u00bb a los venezolanos en <a class=\"internal-link\" href=\"https:\/\/www.dw.com\/es\/chile\/t-17411731\" rel=\"nofollow noopener\" target=\"_blank\">Chile<\/a>, al cuestionar este lunes (15.12.2025) sus promesas de expulsar a los migrantes irregulares, a los que vincula con la criminalidad.<\/p>\n<p>El ultraderechista, que arras\u00f3 en el balotaje del domingo, ha prometido deportar a los casi 340.000 migrantes sin papeles que viven en Chile, la mayor\u00eda venezolanos.<\/p>\n<p>\u00abUsted podr\u00e1 ser pinochetista convicto y confeso, pero cuida&#8217;ito le toca un pelo a un venezolano, \u00a1A los venezolanos se respeta!\u00bb, dijo Maduro el lunes durante su programa semanal de televisi\u00f3n.<\/p>\n<p>\u00abSe\u00f1or Kast tenga cuidado, \u00bfoy\u00f3? Deje quieto a quien quieto est\u00e1, la migraci\u00f3n venezolana tiene derechos, la constituci\u00f3n chilena se lo debe garantizar\u00bb, agreg\u00f3 Maduro, quien recomend\u00f3 a los venezolanos regresar al pa\u00eds.<\/p>\n<p>Maduro a\u00f1adi\u00f3 que los migrantes venezolanos \u00abson gente de bien que aporta en Chile, son gente trabajadora que fueron all\u00e1 a apoyar y a aportar a Chile y ahora son amenazados con que les quitar\u00e1n sus bienes, sus viviendas, sus carros para luego ser expulsados\u201d, seg\u00fan cita el medio oficialista venezolano VTV,<\/p>\n<p>En ese contexto, Maduro \u00abanunci\u00f3 un plan especial de apoyo para los venezolanos en Chile que quieran regresar a trav\u00e9s del programa gubernamental Vuelta a la Patria\u00bb, agreg\u00f3 el medio local venezolano La Patilla.<\/p>\n<p>\u00abSi yo pudiera enviar 100 aviones para tra\u00e9rmelos en boletos gratis a toditos lo har\u00eda ma\u00f1ana, como nos estamos trayendo a todos los migrantes de Estados Unidos, liber\u00e1ndolos y rescat\u00e1ndolos del presidio (\u2026) todo el que se quiera regresar tendr\u00e1 nuestro apoyo decidido\u00bb, a\u00f1adi\u00f3 La Patilla citando a Maduro.<\/p>\n<p>Kast vincula la criminalidad con la migraci\u00f3n irregular<\/p>\n<p>Kast tomar\u00e1 posesi\u00f3n el pr\u00f3ximo 11 de marzo como el primer mandatario de ultraderecha desde el fin de la dictadura de Augusto Pinochet, hace 35 a\u00f1os.<\/p>\n<p>El futuro mandatario vincula la criminalidad con la migraci\u00f3n irregular, tras la irrupci\u00f3n de grupos extranjeros como el Tren de Aragua, una megabanda de origen venezolano que Estados Unidos declar\u00f3 organizaci\u00f3n terrorista.<\/p>\n<p>Chile sigue siendo uno de los pa\u00edses m\u00e1s seguros del continente, pero la percepci\u00f3n de inseguridad se impuso entre la poblaci\u00f3n, ante el aumento de homicidios y secuestros en la \u00faltima d\u00e9cada.<\/p>\n<p>El presidente estadounidense, Donald Trump, al frente de una campa\u00f1a de presi\u00f3n contra Maduro con sanciones al petr\u00f3leo venezolano y un inusual despliegue militar en el Caribe, salud\u00f3 la elecci\u00f3n de Kast. Se refiri\u00f3 a \u00e9l como una \u00abmuy buena persona\u00bb.<\/p>\n<p>jc (afp, La Patilla, VTV)<\/p>\n","protected":false},"excerpt":{"rendered":"El gobernante venezolanoNicol\u00e1s Maduro se lanz\u00f3 contra el reci\u00e9n electo presidente chileno, Jos\u00e9 Antonio Kast,\u00a0 y le exigi\u00f3&hellip;\n","protected":false},"author":2,"featured_media":256111,"comment_status":"","ping_status":"","sticky":false,"template":"","format":"standard","meta":{"footnotes":""},"categories":[42],"tags":[17,18,13,14,11,61,62,63,64,19,20,9,10,15,16,12,21,22,65,66,67],"class_list":{"0":"post-290631","1":"post","2":"type-post","3":"status-publish","4":"format-standard","5":"has-post-thumbnail","7":"category-internacional","8":"tag-breaking-news","9":"tag-breakingnews","10":"tag-featured-news","11":"tag-featurednews","12":"tag-headlines","13":"tag-internacional","14":"tag-international","15":"tag-international-news","16":"tag-internationalnews","17":"tag-latest-news","18":"tag-latestnews","19":"tag-news","20":"tag-noticias","21":"tag-noticias-destacadas","22":"tag-noticiasdestacadas","23":"tag-titulares","24":"tag-ultimas-noticias","25":"tag-ultimasnoticias","26":"tag-world","27":"tag-world-news","28":"tag-worldnews"},"share_on_mastodon":{"url":"https:\/\/pubeurope.com\/@es\/115727424759564280","error":""},"_links":{"self":[{"href":"https:\/\/www.europesays.com\/es\/wp-json\/wp\/v2\/posts\/290631","targetHints":{"allow":["GET"]}}],"collection":[{"href":"https:\/\/www.europesays.com\/es\/wp-json\/wp\/v2\/posts"}],"about":[{"href":"https:\/\/www.europesays.com\/es\/wp-json\/wp\/v2\/types\/post"}],"author":[{"embeddable":true,"href":"https:\/\/www.europesays.com\/es\/wp-json\/wp\/v2\/users\/2"}],"replies":[{"embeddable":true,"href":"https:\/\/www.europesays.com\/es\/wp-json\/wp\/v2\/comments?post=290631"}],"version-history":[{"count":0,"href":"https:\/\/www.europesays.com\/es\/wp-json\/wp\/v2\/posts\/290631\/revisions"}],"wp:featuredmedia":[{"embeddable":true,"href":"https:\/\/www.europesays.com\/es\/wp-json\/wp\/v2\/media\/256111"}],"wp:attachment":[{"href":"https:\/\/www.europesays.com\/es\/wp-json\/wp\/v2\/media?parent=290631"}],"wp:term":[{"taxonomy":"category","embeddable":true,"href":"https:\/\/www.europesays.com\/es\/wp-json\/wp\/v2\/categories?post=290631"},{"taxonomy":"post_tag","embeddable":true,"href":"https:\/\/www.europesays.com\/es\/wp-json\/wp\/v2\/tags?post=290631"}],"curies":[{"name":"wp","href":"https:\/\/api.w.org\/{rel}","templated":true}]}}