{"id":290721,"date":"2025-12-16T06:04:18","date_gmt":"2025-12-16T06:04:18","guid":{"rendered":"https:\/\/www.europesays.com\/es\/290721\/"},"modified":"2025-12-16T06:04:18","modified_gmt":"2025-12-16T06:04:18","slug":"como-sevillista-quiero-lo-mejor-se-llame-antonio-lappi-fede-o-john-stockton","status":"publish","type":"post","link":"https:\/\/www.europesays.com\/es\/290721\/","title":{"rendered":"\u00abComo sevillista quiero lo mejor, se llame Antonio (Lapp\u00ed), Fede o John Stockton\u00bb"},"content":{"rendered":"<p style=\"\"><strong>Monchi<\/strong> se ha convertido o se est\u00e1 convirtiendo en esa persona con conocimiento de causa de todo lo que pasa en el<strong> Sevilla FC<\/strong>, que opina sin tapujos. Sin guardarse nada o casi nada. Abierto y sincero. Ya sea del futuro del  &#8230; equipo o de la venta. Desde que abandonase el <strong>Aston Villa<\/strong> no ha perdido el tiempo (est\u00e1 liado con el proyecto del <strong>San Fernando<\/strong>) y tambi\u00e9n ha sacado sus momentos para valorar el presente de un club que siente como propio porque le ha servido como un fiel trabajador durante media vida. La venta est\u00e1 cada d\u00eda m\u00e1s cerca de consumarse y Monchi tiene una opini\u00f3n formada al respecto.<\/p>\n<p class=\"voc-p\" style=\"\"><strong>\u00abNo s\u00e9 qui\u00e9n comprar\u00e1 el Sevilla. No le tengo miedo, pero no tengo todos los datos\u00bb<\/strong>, comenzaba el isle\u00f1o en Radio Sevilla, donde ha valorado esta posibilidad de que un capital extranjero se haga con la mayor\u00eda accionarial del club. \u00abEn Espa\u00f1a ha habido de todo, como en la Premier e Italia. <strong>Mis dos experiencias con capital extranjero han sido buenas<\/strong>. La gente sigue disfrutando de su club. Son clubes que est\u00e1n ahora por encima de donde estaban\u00bb, explicaba.<\/p>\n<p class=\"voc-p\" style=\"\">Se ha hablado mucho de la posibilidad de que Monchi fuese en el proyecto de Antonio Lapp\u00ed y Fede Quintero. Siempre los ha defendido, aunque nunca ha confirmado si dar\u00eda nuevamente ese paso. M\u00e1s bien, ha descartado su vuelta. \u00abEs honesto y normal vender lo que es de uno por m\u00e1s dinero. <strong>Antonio y Fede son amigos m\u00edos<\/strong>, los conozco en el mundo empresarial. <strong>No se lo han querido vender porque la oferta es insuficiente<\/strong>. Como sevillista quiero lo mejor para el Sevilla, <strong>se llame Antonio, Fede o John Stockton<\/strong>. A lo mejor sabe m\u00e1s que Antonio y Fede. <strong>Han sido exitosos en todo lo que han hecho fuera del f\u00fatbol<\/strong>. Adem\u00e1s,<strong>\u00a0<\/strong>si han hecho una oferta, porque tienen las espaldas cubiertas\u00bb, reflexion\u00f3.<\/p>\n<p class=\"voc-p\" style=\"\">Es evidente que el <strong>Sevilla<\/strong> ser\u00e1 vendido m\u00e1s pronto que tarde y todo apunta a ese capital de fuera de Sevilla (Estados Unidos) como opci\u00f3n m\u00e1s avanzada para dar el salto definitivo al club. <strong>Monchi<\/strong> defiende que del modelo de gesti\u00f3n que llev\u00f3 a un equipo venido a menos tanto en tan poco tiempo, ahora se debe pasar al siguiente escal\u00f3n: \u00ab<strong>El \u00e9xito del Sevilla es un \u00e9xito de gesti\u00f3n con un modelo muy arriesgado. Una locura<\/strong>. Un modelo con un mont\u00f3n de riesgos. Pagando salarios por encima de las posibilidades del club. El club convirti\u00f3 la venta de jugadores en ingresos, participando regularmente en Europa, en una fuente de ingresos extraordinarios. <strong>El Sevilla, tarde o temprano, ten\u00eda que tirar de la llegada de capital extranjero<\/strong>\u00bb. <\/p>\n<p class=\"voc-p\" style=\"\">\u00ab<strong>No se pod\u00eda pelear con molinos de vientos con presupuestos de 200 millones de euros<\/strong>. Tarde o temprano ten\u00eda que entrar ese capital para crecer. Ha pasado por otras circunstancias. Capital que insuflara de dinero para no depender de eso era un final inevitable porque<strong> todo depend\u00eda del acierto de la direcci\u00f3n deportiva<\/strong>. No se pod\u00eda firmar a <strong>Gameiro, Poulsen, Kanout\u00e9 o Negredo<\/strong> con los ingresos del Sevilla\u00bb, sentenci\u00f3. El Sevilla ser\u00e1 vendido y el siguiente paso para (intentar) crecer pasa por un capital extranjero donde Monchi, que se ha movido por m\u00e1s campeonatos, entiende como inevitable.<\/p>\n","protected":false},"excerpt":{"rendered":"Monchi se ha convertido o se est\u00e1 convirtiendo en esa persona con conocimiento de causa de todo lo&hellip;\n","protected":false},"author":2,"featured_media":290722,"comment_status":"","ping_status":"","sticky":false,"template":"","format":"standard","meta":{"footnotes":""},"categories":[268],"tags":[1247,168,25,24,50042,280,282,25472,53106,13313,1684,14766,10474,1171,48233,281,23,167,69719,11640,2913],"class_list":{"0":"post-290721","1":"post","2":"type-post","3":"status-publish","4":"format-standard","5":"has-post-thumbnail","7":"category-futbol","8":"tag-antonio","9":"tag-deportes","10":"tag-es","11":"tag-espana","12":"tag-fede","13":"tag-football","14":"tag-futbol","15":"tag-john","16":"tag-lappi","17":"tag-llame","18":"tag-mejor","19":"tag-monchi","20":"tag-quiero","21":"tag-sevilla","22":"tag-sevillista","23":"tag-soccer","24":"tag-spain","25":"tag-sports","26":"tag-stockton","27":"tag-valora","28":"tag-venta"},"share_on_mastodon":{"url":"https:\/\/pubeurope.com\/@es\/115727739643687411","error":""},"_links":{"self":[{"href":"https:\/\/www.europesays.com\/es\/wp-json\/wp\/v2\/posts\/290721","targetHints":{"allow":["GET"]}}],"collection":[{"href":"https:\/\/www.europesays.com\/es\/wp-json\/wp\/v2\/posts"}],"about":[{"href":"https:\/\/www.europesays.com\/es\/wp-json\/wp\/v2\/types\/post"}],"author":[{"embeddable":true,"href":"https:\/\/www.europesays.com\/es\/wp-json\/wp\/v2\/users\/2"}],"replies":[{"embeddable":true,"href":"https:\/\/www.europesays.com\/es\/wp-json\/wp\/v2\/comments?post=290721"}],"version-history":[{"count":0,"href":"https:\/\/www.europesays.com\/es\/wp-json\/wp\/v2\/posts\/290721\/revisions"}],"wp:featuredmedia":[{"embeddable":true,"href":"https:\/\/www.europesays.com\/es\/wp-json\/wp\/v2\/media\/290722"}],"wp:attachment":[{"href":"https:\/\/www.europesays.com\/es\/wp-json\/wp\/v2\/media?parent=290721"}],"wp:term":[{"taxonomy":"category","embeddable":true,"href":"https:\/\/www.europesays.com\/es\/wp-json\/wp\/v2\/categories?post=290721"},{"taxonomy":"post_tag","embeddable":true,"href":"https:\/\/www.europesays.com\/es\/wp-json\/wp\/v2\/tags?post=290721"}],"curies":[{"name":"wp","href":"https:\/\/api.w.org\/{rel}","templated":true}]}}