{"id":290745,"date":"2025-12-16T06:28:09","date_gmt":"2025-12-16T06:28:09","guid":{"rendered":"https:\/\/www.europesays.com\/es\/290745\/"},"modified":"2025-12-16T06:28:09","modified_gmt":"2025-12-16T06:28:09","slug":"nuevos-detalles-del-diseno-de-la-proxima-camiseta-del-barca","status":"publish","type":"post","link":"https:\/\/www.europesays.com\/es\/290745\/","title":{"rendered":"Nuevos detalles del dise\u00f1o de la pr\u00f3xima camiseta del Bar\u00e7a"},"content":{"rendered":"<p data-gtm-element-container=\"modulo-texto-link\" class=\"paragraph\">El experto en equipaciones del <strong>Bar\u00e7a <\/strong>@memorabilia1899 actualiz\u00f3 las informaciones que maneja sobre el dise\u00f1o de la primera equipaci\u00f3n del FC Barcelona para la temporada 2026-27 realizado por <strong>Nike<\/strong>. En la l\u00ednea de lo que ha trascendido hasta ahora, esta camiseta combina tres tonos de rojo y azul para las rayas.\u00a0<\/p>\n<p data-gtm-element-container=\"modulo-texto-link\" class=\"paragraph\">Una gran novedad es que la camiseta del <strong>FC Barcelona 2026-27<\/strong> combina m\u00e1s tonos que todas las equipaciones de local anteriores tanto del rojo como del azul. Son concretamente tres tonos de cada uno de estos colores. Dentro de la paleta de colores de <strong>Nike<\/strong>, los rojos de la equipaci\u00f3n 2026-27 son el <strong>Deep Garnet<\/strong>, el <strong>Noble Red<\/strong> y el<strong> Cardinal Red<\/strong>, mientras que los azules son el<strong> Game Royal<\/strong>, el <strong>Loyal Blue<\/strong> y <strong>Blue Void<\/strong>.<\/p>\n<p data-gtm-element-container=\"modulo-texto-link\" class=\"paragraph\">Seg\u00fan estas informaciones, los degradados de la camiseta rinden homenaje al renovado<strong> Camp Nou<\/strong>. La distribuci\u00f3n general de las rayas es similar a la de la equipaci\u00f3n 2006-07 y tambi\u00e9n recuerdan en cierto modo al dise\u00f1o de la campa\u00f1a 2022-23 en que aparec\u00eda un tono de rojo y dos de azul, uno m\u00e1s claro y otro m\u00e1s oscuro. Adem\u00e1s,\u00a0<strong>Nike <\/strong>utiliza el amarillo para los logotipos y los dorsales.<\/p>\n<p>    Lee tambi\u00e9n<\/p>\n<p data-gtm-element-container=\"modulo-texto-link\" class=\"paragraph\">Mientras, los pantalones cortos son en azul oscuro y completan la primera equipaci\u00f3n del <strong>FC Barcelona 2026-2027<\/strong>. La camiseta local de la pr\u00f3xima campa\u00f1a estar\u00e1 disponible el pr\u00f3ximo verano aunque habr\u00e1 que ver si, al ser a\u00f1o de Mundial y acabar antes las competiciones, existe la posibilidad de que su lanzamiento se adelante sobre el &#8216;timing&#8217; de temporadas anteriores.<\/p>\n","protected":false},"excerpt":{"rendered":"El experto en equipaciones del Bar\u00e7a @memorabilia1899 actualiz\u00f3 las informaciones que maneja sobre el dise\u00f1o de la primera&hellip;\n","protected":false},"author":2,"featured_media":290746,"comment_status":"","ping_status":"","sticky":false,"template":"","format":"standard","meta":{"footnotes":""},"categories":[268],"tags":[168,25,24,280,282,281,23,167],"class_list":{"0":"post-290745","1":"post","2":"type-post","3":"status-publish","4":"format-standard","5":"has-post-thumbnail","7":"category-futbol","8":"tag-deportes","9":"tag-es","10":"tag-espana","11":"tag-football","12":"tag-futbol","13":"tag-soccer","14":"tag-spain","15":"tag-sports"},"share_on_mastodon":{"url":"https:\/\/pubeurope.com\/@es\/115727833744597287","error":""},"_links":{"self":[{"href":"https:\/\/www.europesays.com\/es\/wp-json\/wp\/v2\/posts\/290745","targetHints":{"allow":["GET"]}}],"collection":[{"href":"https:\/\/www.europesays.com\/es\/wp-json\/wp\/v2\/posts"}],"about":[{"href":"https:\/\/www.europesays.com\/es\/wp-json\/wp\/v2\/types\/post"}],"author":[{"embeddable":true,"href":"https:\/\/www.europesays.com\/es\/wp-json\/wp\/v2\/users\/2"}],"replies":[{"embeddable":true,"href":"https:\/\/www.europesays.com\/es\/wp-json\/wp\/v2\/comments?post=290745"}],"version-history":[{"count":0,"href":"https:\/\/www.europesays.com\/es\/wp-json\/wp\/v2\/posts\/290745\/revisions"}],"wp:featuredmedia":[{"embeddable":true,"href":"https:\/\/www.europesays.com\/es\/wp-json\/wp\/v2\/media\/290746"}],"wp:attachment":[{"href":"https:\/\/www.europesays.com\/es\/wp-json\/wp\/v2\/media?parent=290745"}],"wp:term":[{"taxonomy":"category","embeddable":true,"href":"https:\/\/www.europesays.com\/es\/wp-json\/wp\/v2\/categories?post=290745"},{"taxonomy":"post_tag","embeddable":true,"href":"https:\/\/www.europesays.com\/es\/wp-json\/wp\/v2\/tags?post=290745"}],"curies":[{"name":"wp","href":"https:\/\/api.w.org\/{rel}","templated":true}]}}