{"id":290810,"date":"2025-12-16T07:30:14","date_gmt":"2025-12-16T07:30:14","guid":{"rendered":"https:\/\/www.europesays.com\/es\/290810\/"},"modified":"2025-12-16T07:30:14","modified_gmt":"2025-12-16T07:30:14","slug":"sanchez-trata-de-amarrar-el-apoyo-de-los-socios-y-confia-en-que-cumplir-con-junts-abra-una-ventana-de-oportunidad","status":"publish","type":"post","link":"https:\/\/www.europesays.com\/es\/290810\/","title":{"rendered":"S\u00e1nchez trata de amarrar el apoyo de los socios y conf\u00eda en que cumplir con Junts abra una \u00abventana de oportunidad\u00bb"},"content":{"rendered":"<p class=\"article-text\">\n        Alejar el fantasma de un adelanto electoral, capear el temporal y aguantar hasta el final del mandato en 2027. Y presentarse a la reelecci\u00f3n despu\u00e9s. Es la determinaci\u00f3n que tiene Pedro S\u00e1nchez y que expuso este lunes en la <a href=\"https:\/\/www.eldiario.es\/politica\/sanchez-admite-errores-escandalos-corrupcion-acoso-reafirma-agotar-mandato_1_12845853.html\" target=\"_blank\" data-mrf-recirculation=\"links-noticia\" class=\"link\" rel=\"nofollow noopener\">rueda de prensa de balance del curso pol\u00edtico<\/a> y, posteriormente, en los corrillos de la recepci\u00f3n de las fiestas navide\u00f1as en Moncloa. A ese encuentro llegaba con el discurso aprendido y poco margen de error, aunque ha mostrado una mayor resignaci\u00f3n en el tono hacia todo lo que atraviesa Gobierno: acumulaci\u00f3n de casos de corrupci\u00f3n, denuncias de acoso de sus excolaboradores y enfado de los socios.\n    <\/p>\n<p class=\"article-text\">\n        \u201cVamos a jugar todas las cartas\u201d, ha dicho el presidente en una de esas conversaciones informales de las que se desprende que va a tratar de amarrar el apoyo de los socios de la coalici\u00f3n para lo que queda de legislatura. Y este lunes se ha topado, adem\u00e1s del &#8216;no&#8217; de Junts, con las advertencias del PNV y un toque de atenci\u00f3n de ERC en forma de llamada de Oriol Junqueras, con quien S\u00e1nchez ha decidido verse por primera vez desde que es presidente. \u201cEntiendo la incomodidad\u201d, ha dicho sobre los nacionalistas vascos, que son su apoyo m\u00e1s confiable.\n    <\/p>\n<p class=\"article-text\">\n        S\u00e1nchez es, no obstante, optimista respecto a la relaci\u00f3n con sus socios. La previsi\u00f3n del Ejecutivo es presentar los Presupuestos en febrero de 2026 y el presidente conf\u00eda en que \u201ccumplir con la agenda de Junts puede abrir una ventana con ellos\u201d. S\u00e1nchez ha pisado el acelerador para intentar saldar las cuentas pendientes con Junts despu\u00e9s de que Carles Puigdemont decidiera romper con el Gobierno. A un paquete de iniciativas aprobado la semana pasada, el presidente se ha mostrado dispuesto a avanzar en esa direcci\u00f3n para intentar seducir a Junts.\n    <\/p>\n<p>    La amnist\u00eda, el hito para seducir a Puigdemont<\/p>\n<p class=\"article-text\">\n        As\u00ed, en una rueda de prensa esta ma\u00f1ana ha reiterado su voluntad de publicar las balanzas fiscales con una \u201cmetodolog\u00eda pactada con Junts\u201d. Tambi\u00e9n ha anunciado que solicitar\u00e1n en los pr\u00f3ximos d\u00edas que Catalunya y Euskadi sean miembros asociados en la Unesco y la Organizaci\u00f3n Mundial del Turismo. El presidente ha asegurado que tiene \u201cla voluntad absoluta de lograr y cumplir con los acuerdos marcados\u201d.\n    <\/p>\n<p class=\"article-text\">\n        El presidente ha admitido que las relaciones con Junts est\u00e1n \u201crotas\u201d, pero conf\u00eda en recuperarlas poco a poco con el horizonte puesto en la primavera de 2026. \u201cLa amnist\u00eda va a ser el hito de 2026\u201d, reconoce un ministro. La vuelta de Puigdemont, creen en Moncloa, puede marcar un punto de inflexi\u00f3n.\n    <\/p>\n<p class=\"article-text\">\n        A pesar de los esc\u00e1ndalos de corrupci\u00f3n y denuncias por acoso contra sus excolaboradores, a lo que se suma la elevaci\u00f3n de la presi\u00f3n por parte de los socios de investidura, en los corrillos, en los que ha estado distendido para hablar de otros temas como sus recomendaciones en TikTok, S\u00e1nchez ha asegurado que est\u00e1 \u201cen buena forma\u201d. El presidente intenta desdramatizar la situaci\u00f3n y seguir adelante hasta que acabe la legislatura.\n    <\/p>\n<p>    Descarta la crisis de Gobierno que reclama Yolanda D\u00edaz<\/p>\n<p class=\"article-text\">\n        S\u00e1nchez ha reiterado que est\u00e1 \u201cmuy c\u00f3modo con el Gobierno\u201d ante la exigencia de la vicepresidenta y l\u00edder de Sumar, Yolanda D\u00edaz, de que lleve a cabo una remodelaci\u00f3n. El presidente sostiene que los cambios ser\u00e1n puntuales para sustituir a quienes tengan que salir para competir en elecciones auton\u00f3micas, como es el caso de la ministra de Educaci\u00f3n, Pilar Alegr\u00eda, candidata del PSOE en Arag\u00f3n. En la charla en Moncloa ha adelantado que el relevo ser\u00e1 una mujer, pero no ha dado nombres y dentro del gabinete actual las opciones son limitadas.\n    <\/p>\n<p class=\"article-text\">\n        Aunque S\u00e1nchez no ha tenido malas palabras para el socio minoritario de la coalici\u00f3n, en el ala socialista del Ejecutivo hay malestar con la jugada de D\u00edaz. \u201cA lo mejor quiere cambiar ella a los ministros de su espacio pol\u00edtico\u201d, reflexionaba un ministro socialista.\n    <\/p>\n<p class=\"article-text\">\n        S\u00e1nchez ha considerado que el Gobierno ha \u201ccontrastado\u201d su capacidad en \u201cm\u00faltiples crisis\u201d, al ser preguntado por los casos de acoso en el PSOE o las actuaciones contra Jos\u00e9 Luis  \u00c1balos, Santos Cerd\u00e1n o la exmilitante socialista Leire D\u00edez. El jefe del Ejecutivo asegura que, pese a todo, se encuentra \u201cen muy buen momento de forma\u201d y \u201ccon ganas de continuar\u201d en Moncloa. \u00c9l cree contar con \u201cun punto de madurez para ver las cosas con otra perspectiva\u201d aunque \u201csin restar gravedad\u201d a los casos que est\u00e1n aflorando en las \u00faltimas semanas. \u201cSiento dolor y decepci\u00f3n\u201d, ha reconocido, si bien ha insistido en su obligaci\u00f3n de \u201cactuar\u201d contra quienes hayan cometido supuestas irregularidades. Con todo, S\u00e1nchez reitera que vive un \u201cmomento de solidez pol\u00edtica\u201d que, a su juicio, \u201ccontrasta\u201d con el que viven los partidos de la oposici\u00f3n.\n    <\/p>\n<p class=\"article-text\">\n        El presidente ha admitido \u201cerrores\u201d en el combate de los casos de acoso que destap\u00f3 elDiario.es y que ha atribuido a la falta de experiencia a la hora de aplicar el protocolo interno. \u201cHa habido falta de pericia por nuestra parte\u201d, ha admitido. En todo caso, ha asegurado que \u201cesto no tiene con una operaci\u00f3n contra el Gobierno y el PSOE\u201d frente a quienes en su equipo o en el partido sostienen que ha habido una operaci\u00f3n para sacar a la luz las conductas machistas. De hecho, el presidente ha dicho que tiene el respaldo \u201cde la organizaci\u00f3n en su conjunto\u201d.\n    <\/p>\n<p class=\"article-text\">\n        A las denuncias contra su exasesor Paco Salazar se han sumado otras contra el ya exsenador y miembro de la Ejecutiva Javier Izquierdo, que ha dimitido; el n\u00famero dos del PSOE valenciano, Toni Gonz\u00e1lez; el presidente de la Diputaci\u00f3n de Lugo, Jos\u00e9 Tom\u00e9. Este \u00faltimo, que el l\u00edder del PSdeG admiti\u00f3 conocer desde octubre ha provocado una implosi\u00f3n en la federaci\u00f3n, aunque S\u00e1nchez ha dicho que no tiene \u201cnoticias de que se le est\u00e9 cuestionando\u201d.\n    <\/p>\n<p>    <a href=\"https:\/\/www.eldiario.es\/politica\/sanchez-admite-errores-escandalos-corrupcion-acoso-reafirma-agotar-mandato_1_12845853.html\" data-mrf-recirculation=\"saber-mas-abajo\" data-dl-event=\"saber-mas-abajo\" rel=\"nofollow noopener\" target=\"_blank\"><\/p>\n<p class=\"know-more__title\">S\u00e1nchez reconoce que el PSOE no es \u201cinfalible\u201d ante el acoso y se reafirma en agotar el mandato\n<\/p>\n<p>            <img decoding=\"async\" class=\"lazy\" loading=\"lazy\" data-src=\"https:\/\/static.eldiario.es\/clip\/284afe6c-1881-4afb-bf41-133373ef4a26_16-9-aspect-ratio_default_0.jpg\" src=\"data:image\/svg+xml,%3Csvg xmlns=\" http:=\"\" viewbox=\"0 0 880 495\" alt=\"S\u00e1nchez reconoce que el PSOE no es \u201cinfalible\u201d ante el acoso y se reafirma en agotar el mandato\"\/><\/p>\n<p>                        <\/a><\/p>\n<p class=\"article-text\">\n        A las puertas de cogerse unos d\u00edas de descanso en los que el Gobierno conf\u00eda en coger aire, S\u00e1nchez tambi\u00e9n ha tratado de disipar la idea de fin de ciclo que han empezado a vislumbrar incluso dirigentes socialistas. \u201cNo estoy cansado, lo contrario y tengo ganas de culminar una d\u00e9cada\u201d, ha expresado el presidente, que ve al Gobierno preparado \u201ca prueba de bombas\u201d: \u201cNo va conmigo no afrontar los problemas.\n    <\/p>\n","protected":false},"excerpt":{"rendered":"Alejar el fantasma de un adelanto electoral, capear el temporal y aguantar hasta el final del mandato en&hellip;\n","protected":false},"author":2,"featured_media":290811,"comment_status":"","ping_status":"","sticky":false,"template":"","format":"standard","meta":{"footnotes":""},"categories":[5],"tags":[20766,11393,6635,17,18,3279,5878,25,24,13,14,11,5216,19,20,9,10,15,16,2082,199,5028,23,12,9861,21,22,3108],"class_list":{"0":"post-290810","1":"post","2":"type-post","3":"status-publish","4":"format-standard","5":"has-post-thumbnail","7":"category-titulares","8":"tag-abra","9":"tag-amarrar","10":"tag-apoyo","11":"tag-breaking-news","12":"tag-breakingnews","13":"tag-confia","14":"tag-cumplir","15":"tag-es","16":"tag-espana","17":"tag-featured-news","18":"tag-featurednews","19":"tag-headlines","20":"tag-junts","21":"tag-latest-news","22":"tag-latestnews","23":"tag-news","24":"tag-noticias","25":"tag-noticias-destacadas","26":"tag-noticiasdestacadas","27":"tag-oportunidad","28":"tag-sanchez","29":"tag-socios","30":"tag-spain","31":"tag-titulares","32":"tag-trata","33":"tag-ultimas-noticias","34":"tag-ultimasnoticias","35":"tag-ventana"},"share_on_mastodon":{"url":"https:\/\/pubeurope.com\/@es\/115728077452435110","error":""},"_links":{"self":[{"href":"https:\/\/www.europesays.com\/es\/wp-json\/wp\/v2\/posts\/290810","targetHints":{"allow":["GET"]}}],"collection":[{"href":"https:\/\/www.europesays.com\/es\/wp-json\/wp\/v2\/posts"}],"about":[{"href":"https:\/\/www.europesays.com\/es\/wp-json\/wp\/v2\/types\/post"}],"author":[{"embeddable":true,"href":"https:\/\/www.europesays.com\/es\/wp-json\/wp\/v2\/users\/2"}],"replies":[{"embeddable":true,"href":"https:\/\/www.europesays.com\/es\/wp-json\/wp\/v2\/comments?post=290810"}],"version-history":[{"count":0,"href":"https:\/\/www.europesays.com\/es\/wp-json\/wp\/v2\/posts\/290810\/revisions"}],"wp:featuredmedia":[{"embeddable":true,"href":"https:\/\/www.europesays.com\/es\/wp-json\/wp\/v2\/media\/290811"}],"wp:attachment":[{"href":"https:\/\/www.europesays.com\/es\/wp-json\/wp\/v2\/media?parent=290810"}],"wp:term":[{"taxonomy":"category","embeddable":true,"href":"https:\/\/www.europesays.com\/es\/wp-json\/wp\/v2\/categories?post=290810"},{"taxonomy":"post_tag","embeddable":true,"href":"https:\/\/www.europesays.com\/es\/wp-json\/wp\/v2\/tags?post=290810"}],"curies":[{"name":"wp","href":"https:\/\/api.w.org\/{rel}","templated":true}]}}