{"id":290828,"date":"2025-12-16T07:48:09","date_gmt":"2025-12-16T07:48:09","guid":{"rendered":"https:\/\/www.europesays.com\/es\/290828\/"},"modified":"2025-12-16T07:48:09","modified_gmt":"2025-12-16T07:48:09","slug":"el-hijo-de-la-comica","status":"publish","type":"post","link":"https:\/\/www.europesays.com\/es\/290828\/","title":{"rendered":"EL HIJO DE LA C\u00d3MICA"},"content":{"rendered":"<p>\u00ab<strong>Si el escritor Delibes me ense\u00f1\u00f3 a mirar, el c\u00f3mico Fern\u00e1n-G\u00f3mez, a escuchar<\/strong>. Durante unos cuantos a\u00f1os tuve el privilegio de estar cerca de \u00e9l y escucharle. Escucharle, entre otras, la historia de Fernanda L\u00f3pez, \u00abla rubia\u00bb, su bisabuela, de la que hered\u00f3 el color de pelo y que era de Valdelaguna, un pueblo al lado de Chinch\u00f3n, el m\u00edo. Y de Carolina G\u00f3mez, costurera, la abuela que cuid\u00f3 de su infancia como Natividad L\u00f3pez, sus labores, cuid\u00f3 de la m\u00eda.<\/p>\n<p>Intercambiamos y compartimos coincidencias en otras tantas historias. Historias de supervivencia, de ausencias, miedos, esperanzas, sue\u00f1os: de libertad, de \u00abllegar a ser alguien\u00bb, de ser \u00bfpor qu\u00e9 no? Jackie Cooper, \u00abel de La isla del tesoro\u00bb, y tambi\u00e9n \u00abescritor de novelas de Salgari\u00bb.<\/p>\n<p>Firme, orgullosamente resuelta en su melancol\u00eda, sonaba la voz de Fernando al recordar aquellos tiempos, al recordarse. Ecos de Baroja, Gald\u00f3s, Barea\u2026 merodeaban por aquella memoria.<\/p>\n<p>Tambi\u00e9n, a trav\u00e9s de la de Fernando, se me antojaban las voces de su abuela y de la m\u00eda, la lejana de Carola, su madre, la de Mar\u00eda, la criada analfabeta aficionada a la poes\u00eda, la de Florentina y el \u00abjoder que piernas\u00bb de su novio.<\/p>\n<p>La voz del ni\u00f1o so\u00f1ador, la del meritorio con su pu\u00f1adito de casta\u00f1as pilongas en el bolsillo, la del joven enamorado y con prisa, con mucha prisa\u2026<\/p>\n<p>Voces en una sola voz.<\/p>\n<p><strong>Conf\u00edo en que me escuch\u00e9is con la misma o parecida emoci\u00f3n con la que yo le escuchaba a \u00e9l. El nieto de la costurera. El hijo de la c\u00f3mica<\/strong>\u00ab.<\/p>\n<p style=\"text-align: right;\"><strong>Jos\u00e9 Sacrist\u00e1n<\/strong><\/p>\n","protected":false},"excerpt":{"rendered":"\u00abSi el escritor Delibes me ense\u00f1\u00f3 a mirar, el c\u00f3mico Fern\u00e1n-G\u00f3mez, a escuchar. Durante unos cuantos a\u00f1os tuve&hellip;\n","protected":false},"author":2,"featured_media":290829,"comment_status":"","ping_status":"","sticky":false,"template":"","format":"standard","meta":{"footnotes":""},"categories":[91],"tags":[146,147,25,24,23,1651,39393],"class_list":{"0":"post-290828","1":"post","2":"type-post","3":"status-publish","4":"format-standard","5":"has-post-thumbnail","7":"category-entretenimiento","8":"tag-entertainment","9":"tag-entretenimiento","10":"tag-es","11":"tag-espana","12":"tag-spain","13":"tag-teatro","14":"tag-teatro-gayarre"},"share_on_mastodon":{"url":"","error":""},"_links":{"self":[{"href":"https:\/\/www.europesays.com\/es\/wp-json\/wp\/v2\/posts\/290828","targetHints":{"allow":["GET"]}}],"collection":[{"href":"https:\/\/www.europesays.com\/es\/wp-json\/wp\/v2\/posts"}],"about":[{"href":"https:\/\/www.europesays.com\/es\/wp-json\/wp\/v2\/types\/post"}],"author":[{"embeddable":true,"href":"https:\/\/www.europesays.com\/es\/wp-json\/wp\/v2\/users\/2"}],"replies":[{"embeddable":true,"href":"https:\/\/www.europesays.com\/es\/wp-json\/wp\/v2\/comments?post=290828"}],"version-history":[{"count":0,"href":"https:\/\/www.europesays.com\/es\/wp-json\/wp\/v2\/posts\/290828\/revisions"}],"wp:featuredmedia":[{"embeddable":true,"href":"https:\/\/www.europesays.com\/es\/wp-json\/wp\/v2\/media\/290829"}],"wp:attachment":[{"href":"https:\/\/www.europesays.com\/es\/wp-json\/wp\/v2\/media?parent=290828"}],"wp:term":[{"taxonomy":"category","embeddable":true,"href":"https:\/\/www.europesays.com\/es\/wp-json\/wp\/v2\/categories?post=290828"},{"taxonomy":"post_tag","embeddable":true,"href":"https:\/\/www.europesays.com\/es\/wp-json\/wp\/v2\/tags?post=290828"}],"curies":[{"name":"wp","href":"https:\/\/api.w.org\/{rel}","templated":true}]}}