{"id":290838,"date":"2025-12-16T07:53:08","date_gmt":"2025-12-16T07:53:08","guid":{"rendered":"https:\/\/www.europesays.com\/es\/290838\/"},"modified":"2025-12-16T07:53:08","modified_gmt":"2025-12-16T07:53:08","slug":"el-gobierno-atribuye-la-foto-de-zapatero-a-un-topo-de-la-derecha-no-es-absolutamente-nada","status":"publish","type":"post","link":"https:\/\/www.europesays.com\/es\/290838\/","title":{"rendered":"El Gobierno atribuye la foto de Zapatero a un topo de la derecha: \u00abNo es absolutamente nada\u00bb"},"content":{"rendered":"<p class=\"paragraph\">El Gobierno resta importancia a la fotograf\u00eda de <b>Jos\u00e9 Luis Rodr\u00edguez Zapatero <\/b>con el presidente de Plus Ultra tomada tres d\u00edas antes de la detenci\u00f3n de este \u00faltimo y publicada por <b>El Debate <\/b>en exclusiva este lunes; pero, en paralelo, lamenta que las investigaciones judiciales sean \u00abtotalmente indiscretas\u00bb y que hay \u00abmucha gente trabajando para la derecha\u00bb. Porque, seg\u00fan la Moncloa, esa imagen solo pudo ser tomada por el personal de seguridad de <b>Zapatero <\/b>o por un investigador privado.<\/p>\n<p class=\"paragraph\">Fuentes del Ejecutivo afirman taxativamente: \u00abUna foto no es absolutamente nada\u00bb y desvinculan por completo al expresidente tanto del actual Gobierno como del rescate a la controvertida aerol\u00ednea. No obstante, cabe recordar que <b>Zapatero <\/b>es el asesor \u00e1ulico de <b>Pedro S\u00e1nchez<\/b> y que incluso ha sido el emisario del presidente en varias reuniones con <b>Carles Puigdemont<\/b>, reemplazando de alg\u00fan modo la funci\u00f3n que antes hac\u00eda <b>Santos Cerd\u00e1n<\/b>.<\/p>\n<p class=\"paragraph\"><b>El Debate <\/b>public\u00f3 este lunes que <b>Zapatero <\/b>se reuni\u00f3 en secreto con el empresario <b>Julio Mart\u00ednez <\/b>en la ma\u00f1ana del 8 de diciembre, en una zona restringida de El Pardo. El due\u00f1o de Plus Ultra, que adem\u00e1s es uno de los mejores clientes de las hijas de <b>Zapatero<\/b>, llev\u00f3 a la cita una bolsa cargada de documentos. Desde el PP interpretan que el expresidente avis\u00f3 a <b>Mart\u00ednez<\/b> de que la UDEF segu\u00eda sus pasos, puesto que antes de ser detenido -tres d\u00edas despu\u00e9s- borr\u00f3 mensajes y correos electr\u00f3nicos.<\/p>\n<p class=\"paragraph\">Sin embargo, desde el Gobierno insisten en que el rescate a Plus Ultra estuvo \u00abjustificado\u00bb, que si los due\u00f1os de la aerol\u00ednea cometieron delitos \u00abes su problema\u00bb y el Ejecutivo est\u00e1 al margen de todo esto.<\/p>\n","protected":false},"excerpt":{"rendered":"El Gobierno resta importancia a la fotograf\u00eda de Jos\u00e9 Luis Rodr\u00edguez Zapatero con el presidente de Plus Ultra&hellip;\n","protected":false},"author":2,"featured_media":290839,"comment_status":"","ping_status":"","sticky":false,"template":"","format":"standard","meta":{"footnotes":""},"categories":[5],"tags":[17,18,25,24,13,14,11,19,20,9,10,15,16,23,12,21,22],"class_list":{"0":"post-290838","1":"post","2":"type-post","3":"status-publish","4":"format-standard","5":"has-post-thumbnail","7":"category-titulares","8":"tag-breaking-news","9":"tag-breakingnews","10":"tag-es","11":"tag-espana","12":"tag-featured-news","13":"tag-featurednews","14":"tag-headlines","15":"tag-latest-news","16":"tag-latestnews","17":"tag-news","18":"tag-noticias","19":"tag-noticias-destacadas","20":"tag-noticiasdestacadas","21":"tag-spain","22":"tag-titulares","23":"tag-ultimas-noticias","24":"tag-ultimasnoticias"},"share_on_mastodon":{"url":"https:\/\/pubeurope.com\/@es\/115728167942963402","error":""},"_links":{"self":[{"href":"https:\/\/www.europesays.com\/es\/wp-json\/wp\/v2\/posts\/290838","targetHints":{"allow":["GET"]}}],"collection":[{"href":"https:\/\/www.europesays.com\/es\/wp-json\/wp\/v2\/posts"}],"about":[{"href":"https:\/\/www.europesays.com\/es\/wp-json\/wp\/v2\/types\/post"}],"author":[{"embeddable":true,"href":"https:\/\/www.europesays.com\/es\/wp-json\/wp\/v2\/users\/2"}],"replies":[{"embeddable":true,"href":"https:\/\/www.europesays.com\/es\/wp-json\/wp\/v2\/comments?post=290838"}],"version-history":[{"count":0,"href":"https:\/\/www.europesays.com\/es\/wp-json\/wp\/v2\/posts\/290838\/revisions"}],"wp:featuredmedia":[{"embeddable":true,"href":"https:\/\/www.europesays.com\/es\/wp-json\/wp\/v2\/media\/290839"}],"wp:attachment":[{"href":"https:\/\/www.europesays.com\/es\/wp-json\/wp\/v2\/media?parent=290838"}],"wp:term":[{"taxonomy":"category","embeddable":true,"href":"https:\/\/www.europesays.com\/es\/wp-json\/wp\/v2\/categories?post=290838"},{"taxonomy":"post_tag","embeddable":true,"href":"https:\/\/www.europesays.com\/es\/wp-json\/wp\/v2\/tags?post=290838"}],"curies":[{"name":"wp","href":"https:\/\/api.w.org\/{rel}","templated":true}]}}