{"id":290985,"date":"2025-12-16T10:03:23","date_gmt":"2025-12-16T10:03:23","guid":{"rendered":"https:\/\/www.europesays.com\/es\/290985\/"},"modified":"2025-12-16T10:03:23","modified_gmt":"2025-12-16T10:03:23","slug":"la-reaccion-de-pablo-urdangarin-a-la-entrevista-de-su-padre","status":"publish","type":"post","link":"https:\/\/www.europesays.com\/es\/290985\/","title":{"rendered":"La reacci\u00f3n de Pablo Urdangarin a la entrevista de su padre"},"content":{"rendered":"<p id=\"e_cTVXJWXg\" data-wc=\"92\">I\u00f1aki Urdangarin ha ofrecido una entrevista en televisi\u00f3n para &#8216;Pla Seq\u00fc\u00e8ncia&#8217;, de La 2 Cat, en la que ha hablado de varios aspectos de su esfera m\u00e1s privada, como su paso por la c\u00e1rcel o su matrimonio con la infanta Cristina. Adem\u00e1s, el pr\u00f3ximo mes de febrero ver\u00e1 la luz el libro con sus memorias, que, sin duda, va a generar un aluvi\u00f3n de comentarios. \u00abEs nuestro padre y nos quiere mucho\u00bb, ha dicho el sobrino del Rey cuando ha sido preguntado por este asunto. \u00bfQuieres verlo? \u00a1No te pierdas el v\u00eddeo!<\/p>\n","protected":false},"excerpt":{"rendered":"I\u00f1aki Urdangarin ha ofrecido una entrevista en televisi\u00f3n para &#8216;Pla Seq\u00fc\u00e8ncia&#8217;, de La 2 Cat, en la que&hellip;\n","protected":false},"author":2,"featured_media":290986,"comment_status":"","ping_status":"","sticky":false,"template":"","format":"standard","meta":{"footnotes":""},"categories":[174],"tags":[255,146,147,25,24,256,12552,1027,1029,23],"class_list":{"0":"post-290985","1":"post","2":"type-post","3":"status-publish","4":"format-standard","5":"has-post-thumbnail","7":"category-famosos","8":"tag-celebrities","9":"tag-entertainment","10":"tag-entretenimiento","11":"tag-es","12":"tag-espana","13":"tag-famosos","14":"tag-pablo-urdangarin","15":"tag-realeza","16":"tag-realeza-espanola","17":"tag-spain"},"share_on_mastodon":{"url":"https:\/\/pubeurope.com\/@es\/115728679356556727","error":""},"_links":{"self":[{"href":"https:\/\/www.europesays.com\/es\/wp-json\/wp\/v2\/posts\/290985","targetHints":{"allow":["GET"]}}],"collection":[{"href":"https:\/\/www.europesays.com\/es\/wp-json\/wp\/v2\/posts"}],"about":[{"href":"https:\/\/www.europesays.com\/es\/wp-json\/wp\/v2\/types\/post"}],"author":[{"embeddable":true,"href":"https:\/\/www.europesays.com\/es\/wp-json\/wp\/v2\/users\/2"}],"replies":[{"embeddable":true,"href":"https:\/\/www.europesays.com\/es\/wp-json\/wp\/v2\/comments?post=290985"}],"version-history":[{"count":0,"href":"https:\/\/www.europesays.com\/es\/wp-json\/wp\/v2\/posts\/290985\/revisions"}],"wp:featuredmedia":[{"embeddable":true,"href":"https:\/\/www.europesays.com\/es\/wp-json\/wp\/v2\/media\/290986"}],"wp:attachment":[{"href":"https:\/\/www.europesays.com\/es\/wp-json\/wp\/v2\/media?parent=290985"}],"wp:term":[{"taxonomy":"category","embeddable":true,"href":"https:\/\/www.europesays.com\/es\/wp-json\/wp\/v2\/categories?post=290985"},{"taxonomy":"post_tag","embeddable":true,"href":"https:\/\/www.europesays.com\/es\/wp-json\/wp\/v2\/tags?post=290985"}],"curies":[{"name":"wp","href":"https:\/\/api.w.org\/{rel}","templated":true}]}}