{"id":291013,"date":"2025-12-16T10:26:10","date_gmt":"2025-12-16T10:26:10","guid":{"rendered":"https:\/\/www.europesays.com\/es\/291013\/"},"modified":"2025-12-16T10:26:10","modified_gmt":"2025-12-16T10:26:10","slug":"cronica-negra-de-hollywood-las-muertes-mas-impactantes-de-2025","status":"publish","type":"post","link":"https:\/\/www.europesays.com\/es\/291013\/","title":{"rendered":"cr\u00f3nica negra de Hollywood, las muertes m\u00e1s impactantes de 2025"},"content":{"rendered":"<p class=\"c-paragraph\">En un a\u00f1o en el que <b>Hollywood <\/b>llora la p\u00e9rdida de personalidades de la talla de David Lynch, Robert Redford, Diane Keaton o\u00a0Val Kilmer, la <b>cr\u00f3nica negra <\/b>nos sorprend\u00eda con otras tantas <b>muertes impactantes,<\/b> que nos dejaban sin respiraci\u00f3n y provocaban la apertura de investigaciones policiales.\u00a0<\/p>\n<p class=\"c-paragraph\">En <b>febrero<\/b>, la actriz<b>\u00a0Michelle Trachtenberg<\/b>, conocida por su papel como Dawn en Buffy, cazavampiros, fallec\u00eda tr\u00e1gicamente, y de forma prematura, a los <b>39 a\u00f1os<\/b>. La <b>negativa de la familia a la realizaci\u00f3n de una autopsia<\/b> arguyendo motivos religiosos despert\u00f3 toda clase de especulaciones al respecto, y m\u00e1s despu\u00e9s de los <b>comentarios en los meses previos a su muerte sobre su p\u00e9rdida de peso<\/b>\u00a0y su imagen fr\u00e1gil.\u00a0<\/p>\n<p class=\"c-paragraph\">Finalmente, las autoridades compart\u00edan que las pruebas dictaminaban que <b>su muerte era producida por la diabetes mellitus\u00a0que padec\u00eda<\/b>, que se sumaba a las <b>complicaciones del trasplante de h\u00edgado<\/b> que hab\u00eda recibido un a\u00f1o antes y que fuentes cercanas a la actriz relacionaban con sus <b>problemas con el alcohol<\/b>.<\/p>\n<p class=\"c-paragraph\">El anuncio de la muerte de Trachtenberg se produc\u00eda en paralelo al del fallecimiento del oscarizado<b> Gene Hackman <\/b>(Sin perd\u00f3n, Contra el imperio de la droga), quien acaparaba el foco medi\u00e1tico al descubrirse que llevaba <b>10 d\u00edas muerto en su hogar y las extra\u00f1as circunstancias sobre ello.\u00a0<\/b><\/p>\n<p class=\"c-paragraph\">La investigaci\u00f3n dirim\u00eda que este se apagaba por\u00a0<b>una\u00a0afecci\u00f3n cardiovascular<\/b> por las complicaciones del <b>Alzheimer <\/b>avanzado que padec\u00eda, pero la situaci\u00f3n era un tanto extra\u00f1a al <b>hallarse muerto junto a su mujer, en el mismo hogar.<\/b>\u00a0La aparici\u00f3n de un bote de pastillas en el suelo junto a ella suscit\u00f3 toda clase de rumores al respecto, as\u00ed como la <b>aparici\u00f3n de uno de sus perros muertos de deshidrataci\u00f3n<\/b> e inanici\u00f3n, mientras que los otros dos se manten\u00edan con vida.<\/p>\n<p class=\"c-paragraph\">La polic\u00eda informaba de que se trataba de una\u00a0<b>doble muerte casual<\/b>, ya que<b> ella mor\u00eda de\u00a0hantavirus pulmonar<\/b>, una infecci\u00f3n rara que se transmite por excrementos o saliva de roedores, no por contagio humano com\u00fan. Un triste final para ambos.<\/p>\n<p>Un verano aciago en Hollywood\u00a0<\/p>\n<p class=\"c-paragraph\">Tan solo unos cuantos meses despu\u00e9s, ya en julio,\u00a0<b>Malcolm-Jamal Warner<\/b> (La hora de Bill Cosby)\u00a0y <b>Alon Aboutboul\u00a0<\/b>(El caballero oscuro: La leyenda renace) coincid\u00edan en el tiempo con dos muertes que se produc\u00edan en la playa. El <b>primero se ahogaba en la\u00a0Playa Grande<\/b>,\u00a0en la costa caribe\u00f1a de Lim\u00f3n (Costa Rica), cuando Warner era arrastrado al fondo del oc\u00e9ano por una corriente. El <b>segundo sufr\u00eda un paro card\u00edaco en plena playa<\/b>, ante la at\u00f3nita mirada de aquellos que presenciaban in situ su muerte.\u00a0<\/p>\n<p class=\"c-paragraph\">No habr\u00eda que esperar mucho m\u00e1s para encontrar otra muerte igual de sorprendente. Ya en agosto, el actor<b> Song Young-kyu<\/b> (La jugada ganadora), de 55 a\u00f1os, <b>aparec\u00eda muerto en el interior de su veh\u00edculo.<\/b> En el lugar de los hechos no se encontraron se\u00f1ales de violencia o crimen, ni tampoco una nota de suicidio, pero el surcoreano hab\u00eda sido detenido tan solo una semana antes por conducir ebrio y su <b>comportamiento err\u00e1tico era denunciado en el set de rodaje<\/b>, pero las causas de la sobredosis tambi\u00e9n eran rechazadas por las autoridades.<\/p>\n<p class=\"c-paragraph\">Su muerte era tremendamente misteriosa, sin que las causas llegaran a ser esclarecidas (al menos para la opini\u00f3n p\u00fablica), y podr\u00eda haber pasado desapercibida para mucho de no ser por sus <b>similitudes con el fallecimiento de\u00a0Lee Sun-kyun (Par\u00e1sitos)<\/b>, quien en <b>2023 <\/b>tambi\u00e9n aparec\u00eda muerto en el interior de su coche, con una investigaci\u00f3n tambi\u00e9n pol\u00e9mica.\u00a0<\/p>\n<p>Diciembre, otro mes para olvidar\u00a0<\/p>\n<p class=\"c-paragraph\">En tan solo un par de semanas, tres muertes han vuelto a conmocionar a todos por su car\u00e1cter fortuito y lo excepcional de estas situaciones. El 8 de diciembre, la actriz<b>\u00a0Wenne Alton Davis <\/b>(La maravillosa se\u00f1ora Maisel) era <b>atropellada por un coche en Nueva York<\/b>. La int\u00e9rprete de 60 a\u00f1os fue trasladada con\u00a0traumatismos graves en la cabeza y el cuerpo\u00a0al Hospital Monte Sina\u00ed, donde finalmente fue declarada muerta.\u00a0<\/p>\n<p class=\"c-paragraph\">Por su parte, el 12 de diciembre,\u00a0<b>Peter Greene<\/b> (Pulp Fiction, La m\u00e1scara) aparec\u00eda muerto tambi\u00e9n a los 60 a\u00f1os <b>en su apartamento en la ciudad de los rascacielos.<\/b> Su representante indicaba que no hab\u00eda signos de violencia, pero el <b>silencio en torno a lo por qu\u00e9 podr\u00eda haberse producido<\/b> dejaba numerosas inc\u00f3gnitas acerca de ello.\u00a0<\/p>\n<p class=\"c-paragraph\">Finalmente, el \u00faltimo en sumarse a esta lista nefasta era el director <b>Rob Reiner <\/b>(La princesa prometida, Cuenta conmigo), quien era <b>asesinado a cuchilladas en su hogar junto a su esposa<\/b>. Aparentemente, ambos eran encontrados por su hija, y todo apuntaba a que podr\u00eda haber sido <b>presuntamente a manos de otro de sus hijos<\/b>, quien ten\u00eda problemas de adicciones.\u00a0<\/p>\n","protected":false},"excerpt":{"rendered":"En un a\u00f1o en el que Hollywood llora la p\u00e9rdida de personalidades de la talla de David Lynch,&hellip;\n","protected":false},"author":2,"featured_media":291014,"comment_status":"","ping_status":"","sticky":false,"template":"","format":"standard","meta":{"footnotes":""},"categories":[174],"tags":[1014,255,17038,146,147,25,24,256,1505,69766,69765,69484,23],"class_list":{"0":"post-291013","1":"post","2":"type-post","3":"status-publish","4":"format-standard","5":"has-post-thumbnail","7":"category-famosos","8":"tag-actores","9":"tag-celebrities","10":"tag-directores","11":"tag-entertainment","12":"tag-entretenimiento","13":"tag-es","14":"tag-espana","15":"tag-famosos","16":"tag-hollywood","17":"tag-michelle-trachtenberg","18":"tag-muertes-impactantes","19":"tag-rob-reiner","20":"tag-spain"},"share_on_mastodon":{"url":"https:\/\/pubeurope.com\/@es\/115728769713231568","error":""},"_links":{"self":[{"href":"https:\/\/www.europesays.com\/es\/wp-json\/wp\/v2\/posts\/291013","targetHints":{"allow":["GET"]}}],"collection":[{"href":"https:\/\/www.europesays.com\/es\/wp-json\/wp\/v2\/posts"}],"about":[{"href":"https:\/\/www.europesays.com\/es\/wp-json\/wp\/v2\/types\/post"}],"author":[{"embeddable":true,"href":"https:\/\/www.europesays.com\/es\/wp-json\/wp\/v2\/users\/2"}],"replies":[{"embeddable":true,"href":"https:\/\/www.europesays.com\/es\/wp-json\/wp\/v2\/comments?post=291013"}],"version-history":[{"count":0,"href":"https:\/\/www.europesays.com\/es\/wp-json\/wp\/v2\/posts\/291013\/revisions"}],"wp:featuredmedia":[{"embeddable":true,"href":"https:\/\/www.europesays.com\/es\/wp-json\/wp\/v2\/media\/291014"}],"wp:attachment":[{"href":"https:\/\/www.europesays.com\/es\/wp-json\/wp\/v2\/media?parent=291013"}],"wp:term":[{"taxonomy":"category","embeddable":true,"href":"https:\/\/www.europesays.com\/es\/wp-json\/wp\/v2\/categories?post=291013"},{"taxonomy":"post_tag","embeddable":true,"href":"https:\/\/www.europesays.com\/es\/wp-json\/wp\/v2\/tags?post=291013"}],"curies":[{"name":"wp","href":"https:\/\/api.w.org\/{rel}","templated":true}]}}