{"id":291015,"date":"2025-12-16T10:27:18","date_gmt":"2025-12-16T10:27:18","guid":{"rendered":"https:\/\/www.europesays.com\/es\/291015\/"},"modified":"2025-12-16T10:27:18","modified_gmt":"2025-12-16T10:27:18","slug":"muere-el-artista-grancanario-luis-montull","status":"publish","type":"post","link":"https:\/\/www.europesays.com\/es\/291015\/","title":{"rendered":"Muere el artista grancanario Luis Montull"},"content":{"rendered":"<p><img fetchpriority=\"high\" class=\"v-a-img\" src=\"https:\/\/www.europesays.com\/es\/wp-content\/uploads\/2025\/12\/luis-montull.jpg\" loading=\"eager\" decoding=\"async\" alt=\"Imagen de archivo del escultor y pintor grancanario, Luis Montull.\"  width=\"1200\" height=\"840\"\/><\/p>\n<p>Imagen de archivo del escultor y pintor grancanario, Luis Montull.          Arcadio Su\u00e1rez        <\/p>\n<p>Entre sus obras, deja el conjunto escult\u00f3rico de la plaza de Espa\u00f1a, en Las Palmas de Gran Canaria<\/p>\n<p><a class=\"v-mdl-ath__fig-a\" href=\"https:\/\/www.canarias7.es\/autor\/canarias7-6545.html\" title=\"CANARIAS7\" rel=\"nofollow noopener\" target=\"_blank\"><br \/>\n<img decoding=\"async\" class=\"v-mdl-ath__img\" src=\"https:\/\/www.europesays.com\/es\/wp-content\/uploads\/2025\/08\/1754689268_701_autor-6545-foto-1.png\" alt=\"CANARIAS7\"\/><br \/>\n<\/a><\/p>\n<p class=\"v-mdl-ath__p v-mdl-ath__p--6\">\nMartes, 16 de diciembre 2025, 08:39<\/p>\n<p>| Actualizado 09:15h.<\/p>\n<p class=\"v-p\">El <a href=\"https:\/\/www.luismontull.com\/\" title=\"www.luismontull.com\" data-voc-vtm-id=\"in-text-traffic\" data-mrf-link=\"www.luismontull.com\" rel=\"nofollow noopener\" target=\"_blank\">artista pl\u00e1stico grancanario Luis Montull <\/a>ha fallecido este martes, seg\u00fan ha comunicado su propia familia a trav\u00e9s de las redes sociales.<\/p>\n<p class=\"v-p\">Entre sus obras m\u00e1s populares, sobresale el &#8216;Monumento a las actividades primitivas canarias&#8217;, situado en la plaza de Espa\u00f1a, en la capital grancanaria. Posee alrededor de 14 metros de altura, fue realizado en piedra de Tamadaba en los a\u00f1os 1975-77 y es una de las im\u00e1genes m\u00e1s fotografiadas de la ciudad. <\/p>\n<p class=\"v-p\">Luis Alem\u00e1n Montull naci\u00f3 en Las Palmas de Gran Canaria en 1934. Desde peque\u00f1o mostr\u00f3 su vocaci\u00f3n por el arte. De 1948 a 1954 asisti\u00f3 a clases de escultura y dibujo en la Escuela Luj\u00e1n P\u00e9rez. All\u00ed conoci\u00f3 a Abraham C\u00e1rdenes y mantuvo una estrecha relaci\u00f3n con el maestro.<\/p>\n<p class=\"v-p\">En 1954 viaj\u00f3 a Barcelona para continuar su aprendizaje. Asisti\u00f3 como alumno libre a la Escuela de Bellas Artes de San Jorge. Cinco a\u00f1os despu\u00e9s se traslad\u00f3 a Par\u00eds donde permanecer\u00e1 siete a\u00f1os. <\/p>\n<p><img decoding=\"async\" loading=\"lazy\" src=\"https:\/\/www.europesays.com\/es\/wp-content\/uploads\/2025\/12\/comunicado-fallecimiento-luis-montull-U23048242652ABB--650x455@Canarias7.jpeg\" class=\"v-a-img\" width=\"650\" height=\"455\" alt=\"\" data-voc-vtm-id=\"in-text-traffic\"\/><\/p>\n<p><img loading=\"lazy\" decoding=\"async\" src=\"https:\/\/www.europesays.com\/es\/wp-content\/uploads\/2025\/12\/comunicado-fallecimiento-luis-montull-U23048242652ABB--650x455@Canarias7.jpeg\" class=\"v-mdl__img-z\" width=\"650\" height=\"455\" alt=\"\"\/><\/p>\n<p class=\"v-p\">En Par\u00eds trabaj\u00f3 con el escultor Cazabaun, director de la Asociaci\u00f3n de Artistas de Francia. En 1960 expuso por vez primera en el Sal\u00f3n Puteaux. Despu\u00e9s de esta exposici\u00f3n se sucedieron algunas exposiciones colectivas junto a otros artistas espa\u00f1oles tambi\u00e9n en Par\u00eds. Tras su periplo parisino se traslad\u00f3 nuevamente a Barcelona hasta 1970, momento en el que regres\u00f3 a su ciudad natal. <\/p>\n<p class=\"v-p\">A partir de entonces se sucedieron numerosas exposiciones individuales y colectivas, as\u00ed como numerosos encargos de esculturas urbanas en todo el archipi\u00e9lago.<\/p>\n<p><a class=\"v-a-link\" href=\"https:\/\/www.canarias7.es\/cultura\/arte\/obras-luis-montull-imagenes-20251216091220-ga.html\" data-voc-vtm-id=\"in-text-traffic\" title=\"\" aria-label=\"Imagen\" rel=\"nofollow noopener\" target=\"_blank\"><br \/>\n<img decoding=\"async\" loading=\"lazy\" src=\"https:\/\/www.europesays.com\/es\/wp-content\/uploads\/2025\/12\/Montull-kJqG--1200x840@Canarias7.jpg\" class=\"v-a-img\" width=\"650\" height=\"455\" alt=\"\" data-voc-vtm-id=\"in-text-traffic\"\/><\/p>\n<p><\/a><\/p>\n<p>Reporta un error<\/p>\n","protected":false},"excerpt":{"rendered":"Imagen de archivo del escultor y pintor grancanario, Luis Montull. Arcadio Su\u00e1rez Entre sus obras, deja el conjunto&hellip;\n","protected":false},"author":2,"featured_media":291016,"comment_status":"","ping_status":"","sticky":false,"template":"","format":"standard","meta":{"footnotes":""},"categories":[173],"tags":[229,233,1830,231,230,232,234,146,147,25,24,46445,7820,69767,8938,23],"class_list":{"0":"post-291015","1":"post","2":"type-post","3":"status-publish","4":"format-standard","5":"has-post-thumbnail","7":"category-arte-y-diseno","8":"tag-arte","9":"tag-arte-y-diseno","10":"tag-artista","11":"tag-arts","12":"tag-arts-and-design","13":"tag-design","14":"tag-diseno","15":"tag-entertainment","16":"tag-entretenimiento","17":"tag-es","18":"tag-espana","19":"tag-grancanario","20":"tag-luis","21":"tag-montull","22":"tag-muere","23":"tag-spain"},"share_on_mastodon":{"url":"https:\/\/pubeurope.com\/@es\/115728774246769391","error":""},"_links":{"self":[{"href":"https:\/\/www.europesays.com\/es\/wp-json\/wp\/v2\/posts\/291015","targetHints":{"allow":["GET"]}}],"collection":[{"href":"https:\/\/www.europesays.com\/es\/wp-json\/wp\/v2\/posts"}],"about":[{"href":"https:\/\/www.europesays.com\/es\/wp-json\/wp\/v2\/types\/post"}],"author":[{"embeddable":true,"href":"https:\/\/www.europesays.com\/es\/wp-json\/wp\/v2\/users\/2"}],"replies":[{"embeddable":true,"href":"https:\/\/www.europesays.com\/es\/wp-json\/wp\/v2\/comments?post=291015"}],"version-history":[{"count":0,"href":"https:\/\/www.europesays.com\/es\/wp-json\/wp\/v2\/posts\/291015\/revisions"}],"wp:featuredmedia":[{"embeddable":true,"href":"https:\/\/www.europesays.com\/es\/wp-json\/wp\/v2\/media\/291016"}],"wp:attachment":[{"href":"https:\/\/www.europesays.com\/es\/wp-json\/wp\/v2\/media?parent=291015"}],"wp:term":[{"taxonomy":"category","embeddable":true,"href":"https:\/\/www.europesays.com\/es\/wp-json\/wp\/v2\/categories?post=291015"},{"taxonomy":"post_tag","embeddable":true,"href":"https:\/\/www.europesays.com\/es\/wp-json\/wp\/v2\/tags?post=291015"}],"curies":[{"name":"wp","href":"https:\/\/api.w.org\/{rel}","templated":true}]}}