{"id":291033,"date":"2025-12-16T10:43:17","date_gmt":"2025-12-16T10:43:17","guid":{"rendered":"https:\/\/www.europesays.com\/es\/291033\/"},"modified":"2025-12-16T10:43:17","modified_gmt":"2025-12-16T10:43:17","slug":"el-auditorio-acogera-el-proximo-dia-22-el-espectaculo-de-musica-y-danza-nostalgia-flamenca-de-la-navidad","status":"publish","type":"post","link":"https:\/\/www.europesays.com\/es\/291033\/","title":{"rendered":"El Auditorio acoger\u00e1 el pr\u00f3ximo d\u00eda 22 el espect\u00e1culo de m\u00fasica y danza Nostalgia Flamenca de la Navidad"},"content":{"rendered":"<p>El Auditorio Municipal acoger\u00e1 el pr\u00f3ximo d\u00eda 22, a las 19:00 horas, el espect\u00e1culo de m\u00fasica y danza\u00a0Nostalgia flamenca de la Navidad, un villancico creado hace m\u00e1s de 25 a\u00f1os por el escritor Jos\u00e9 Luis Olaizola, que desgrana el misterio de la Navidad a trav\u00e9s de los palos del flamenco.<\/p>\n<p>El villancico es interpretado por el ballet de Pilar Dom\u00ednguez y contar\u00e1 con la colaboraci\u00f3n especial de Teresa Mart\u00ednez y Claro Duque.<\/p>\n<p>La recaudaci\u00f3n se destinar\u00e1 \u00edntegramente a la ONG Somos Uno, que lucha contra la prostituci\u00f3n infantil en Tailandia. Las entradas tienen un precio de 10 euros y se pueden adquirir en la Escuela de Danza de Pilar Dom\u00ednguez (Fragua, 3).\u00a0<\/p>\n<p>\u00a0<\/p>\n","protected":false},"excerpt":{"rendered":"El Auditorio Municipal acoger\u00e1 el pr\u00f3ximo d\u00eda 22, a las 19:00 horas, el espect\u00e1culo de m\u00fasica y danza\u00a0Nostalgia&hellip;\n","protected":false},"author":2,"featured_media":291034,"comment_status":"","ping_status":"","sticky":false,"template":"","format":"standard","meta":{"footnotes":""},"categories":[42],"tags":[17,18,13,14,11,61,62,63,64,19,20,9,10,15,16,12,21,22,65,66,67],"class_list":{"0":"post-291033","1":"post","2":"type-post","3":"status-publish","4":"format-standard","5":"has-post-thumbnail","7":"category-internacional","8":"tag-breaking-news","9":"tag-breakingnews","10":"tag-featured-news","11":"tag-featurednews","12":"tag-headlines","13":"tag-internacional","14":"tag-international","15":"tag-international-news","16":"tag-internationalnews","17":"tag-latest-news","18":"tag-latestnews","19":"tag-news","20":"tag-noticias","21":"tag-noticias-destacadas","22":"tag-noticiasdestacadas","23":"tag-titulares","24":"tag-ultimas-noticias","25":"tag-ultimasnoticias","26":"tag-world","27":"tag-world-news","28":"tag-worldnews"},"share_on_mastodon":{"url":"https:\/\/pubeurope.com\/@es\/115728836557693790","error":""},"_links":{"self":[{"href":"https:\/\/www.europesays.com\/es\/wp-json\/wp\/v2\/posts\/291033","targetHints":{"allow":["GET"]}}],"collection":[{"href":"https:\/\/www.europesays.com\/es\/wp-json\/wp\/v2\/posts"}],"about":[{"href":"https:\/\/www.europesays.com\/es\/wp-json\/wp\/v2\/types\/post"}],"author":[{"embeddable":true,"href":"https:\/\/www.europesays.com\/es\/wp-json\/wp\/v2\/users\/2"}],"replies":[{"embeddable":true,"href":"https:\/\/www.europesays.com\/es\/wp-json\/wp\/v2\/comments?post=291033"}],"version-history":[{"count":0,"href":"https:\/\/www.europesays.com\/es\/wp-json\/wp\/v2\/posts\/291033\/revisions"}],"wp:featuredmedia":[{"embeddable":true,"href":"https:\/\/www.europesays.com\/es\/wp-json\/wp\/v2\/media\/291034"}],"wp:attachment":[{"href":"https:\/\/www.europesays.com\/es\/wp-json\/wp\/v2\/media?parent=291033"}],"wp:term":[{"taxonomy":"category","embeddable":true,"href":"https:\/\/www.europesays.com\/es\/wp-json\/wp\/v2\/categories?post=291033"},{"taxonomy":"post_tag","embeddable":true,"href":"https:\/\/www.europesays.com\/es\/wp-json\/wp\/v2\/tags?post=291033"}],"curies":[{"name":"wp","href":"https:\/\/api.w.org\/{rel}","templated":true}]}}