{"id":291057,"date":"2025-12-16T11:02:19","date_gmt":"2025-12-16T11:02:19","guid":{"rendered":"https:\/\/www.europesays.com\/es\/291057\/"},"modified":"2025-12-16T11:02:19","modified_gmt":"2025-12-16T11:02:19","slug":"nuevas-instalaciones-exteriores-de-ocio-y-deporte-en-el-centro-de-juventud-de-collado-villalba-ayuntamiento-de-collado-villalba","status":"publish","type":"post","link":"https:\/\/www.europesays.com\/es\/291057\/","title":{"rendered":"Nuevas instalaciones exteriores de ocio y deporte en el Centro de Juventud de Collado Villalba &#8211; Ayuntamiento de Collado Villalba"},"content":{"rendered":"<p><strong>La Concejal\u00eda de Infancia y Juventud del Ayuntamiento de Collado Villalba ha inaugurado nuevas instalaciones exteriores de ocio y deporte, con el objetivo de fomentar h\u00e1bitos de vida saludable, el juego al aire libre y la convivencia entre los j\u00f3venes del municipio.<\/strong><\/p>\n<p style=\"margin-left:33px; text-align:justify\">El nuevo espacio cuenta con un mini circuito de calistenia, una mesa de ping pong, una mesa de ajedrez y una mini v\u00eda de escalada infantil, dotaciones que ampl\u00edan la oferta l\u00fadica y deportiva del centro. Estas instalaciones podr\u00e1n utilizarse, en horario de 10:00 a 20:00 horas.<\/p>\n<p style=\"margin-left:33px; text-align:justify\">Para el uso de la mesa de ping pong y de ajedrez, las palas, pelotas y fichas podr\u00e1n solicitarse en el propio Centro de Juventud, previa cumplimentaci\u00f3n de una ficha, garantizando as\u00ed el correcto uso y mantenimiento del nuevo mobiliario deportivo exterior.<\/p>\n<p style=\"margin-left:33px; text-align:justify\"><img decoding=\"async\" alt=\"\" src=\"https:\/\/www.europesays.com\/es\/wp-content\/uploads\/2025\/12\/c73c0f9d-68af-71b2-ad57-10376b13f35e\"\/><br \/>\u00a0<\/p>\n<p style=\"margin-left:33px; text-align:justify\">\u201cDesde el Ayuntamiento se contin\u00faa apostando por la mejora de los espacios p\u00fablicos destinados a la infancia y la juventud, creando entornos seguros, accesibles y atractivos que promuevan la actividad f\u00edsica, el ocio saludable y la socializaci\u00f3n\u201d, ha destacado el concejal del \u00c1rea, Joel Dalda.<\/p>\n<p style=\"margin-left:33px; text-align:justify\">Para m\u00e1s informaci\u00f3n, las personas interesadas pueden dirigirse al Centro de Infancia y Juventud, situado en la calle Rinc\u00f3n de las Eras, n\u00ba 10, llamar al 918 51 24 94 o escribir al correo electr\u00f3nico \u00a0<a href=\"https:\/\/www.colladovillalba.es\/-\/mailto:centrodejuventud@ayto-colladovillalba.org\" style=\"color:blue; text-decoration:underline\" rel=\"nofollow noopener\" target=\"_blank\">centrodejuventud@ayto-colladovillalba.org<\/a><\/p>\n","protected":false},"excerpt":{"rendered":"La Concejal\u00eda de Infancia y Juventud del Ayuntamiento de Collado Villalba ha inaugurado nuevas instalaciones exteriores de ocio&hellip;\n","protected":false},"author":2,"featured_media":291058,"comment_status":"","ping_status":"","sticky":false,"template":"","format":"standard","meta":{"footnotes":""},"categories":[93],"tags":[168,69768,25,24,23,167],"class_list":{"0":"post-291057","1":"post","2":"type-post","3":"status-publish","4":"format-standard","5":"has-post-thumbnail","7":"category-deportes","8":"tag-deportes","9":"tag-destacado-portada","10":"tag-es","11":"tag-espana","12":"tag-spain","13":"tag-sports"},"share_on_mastodon":{"url":"https:\/\/pubeurope.com\/@es\/115728911182126160","error":""},"_links":{"self":[{"href":"https:\/\/www.europesays.com\/es\/wp-json\/wp\/v2\/posts\/291057","targetHints":{"allow":["GET"]}}],"collection":[{"href":"https:\/\/www.europesays.com\/es\/wp-json\/wp\/v2\/posts"}],"about":[{"href":"https:\/\/www.europesays.com\/es\/wp-json\/wp\/v2\/types\/post"}],"author":[{"embeddable":true,"href":"https:\/\/www.europesays.com\/es\/wp-json\/wp\/v2\/users\/2"}],"replies":[{"embeddable":true,"href":"https:\/\/www.europesays.com\/es\/wp-json\/wp\/v2\/comments?post=291057"}],"version-history":[{"count":0,"href":"https:\/\/www.europesays.com\/es\/wp-json\/wp\/v2\/posts\/291057\/revisions"}],"wp:featuredmedia":[{"embeddable":true,"href":"https:\/\/www.europesays.com\/es\/wp-json\/wp\/v2\/media\/291058"}],"wp:attachment":[{"href":"https:\/\/www.europesays.com\/es\/wp-json\/wp\/v2\/media?parent=291057"}],"wp:term":[{"taxonomy":"category","embeddable":true,"href":"https:\/\/www.europesays.com\/es\/wp-json\/wp\/v2\/categories?post=291057"},{"taxonomy":"post_tag","embeddable":true,"href":"https:\/\/www.europesays.com\/es\/wp-json\/wp\/v2\/tags?post=291057"}],"curies":[{"name":"wp","href":"https:\/\/api.w.org\/{rel}","templated":true}]}}