{"id":291078,"date":"2025-12-16T11:19:16","date_gmt":"2025-12-16T11:19:16","guid":{"rendered":"https:\/\/www.europesays.com\/es\/291078\/"},"modified":"2025-12-16T11:19:16","modified_gmt":"2025-12-16T11:19:16","slug":"alfredo-relano-florentino-tiene-razon-pero-llega-tarde-y-ha-estado-muy-indulgente-porque-tenia-a-laporta-de-muleta-en-la-superliga-cope","status":"publish","type":"post","link":"https:\/\/www.europesays.com\/es\/291078\/","title":{"rendered":"Alfredo Rela\u00f1o: &quot;Florentino tiene raz\u00f3n, pero llega tarde y ha estado muy indulgente porque ten\u00eda a Laporta de muleta en la Superliga&quot; &#8211; COPE"},"content":{"rendered":"<ol>\n<li><a href=\"https:\/\/news.google.com\/rss\/articles\/CBMi-wFBVV95cUxOOXlhb3VPVEc4c3VrTHExdG5CUU1XR1Z6NTljX0V2NW9BSF94RG00OEwtSXJMNXVvVFZvUVc4RldfMEhvNm1pOXFJRTQtSzNDczRNTVhUcC1KeGJpcUxjVjVBRlJKZ3pHbjZCTjQ3SFVKSTVsdzdidE5rUXF6SGl1eGRJRW5ZYWxMeXRhbUtSa1NRNXE0Y19vU3pQZ0gyNE4wZmNCSVQxdFZNSXBTSVdPUWctZ0YxVGFvNDlfVF9iU1FPVEpVcFdPaC10azY4U01lRjVLdkQyNUQxRl9xN0FVTjNQRXZRWmU2a3hleDF3S2NYUm5DZEh3eExSSdIBgAJBVV95cUxOQ0NWWkFmdHpvbGRlMTVNdmZKLWJCd3BmMVNXT3dJSmNkZkt2YXg5VHRORWJ5SlBEV1dDZFRPaVVNb3lTY1VuTUp3YlNzem1QaldwUnFBR2JvQkd4dkt5VURMRDJnVkRZX3dvejlTQWRtOXU4WG8zdmNhX2YwVEpkbThLSEowdk9qdVBBRnhTYVdUd3pScGItNUpzUVBMYlJ3VlBRUTFkTHhpOUh1REROV0ROV1U3YXdPd0xZN1FjVUFDX2tZTnMxVTV1SHNxUS1nV1pObHd1N2ZGYldrblZVNlpFdXpuSnlURW1EbUxfa2tYV09nYlFxX0d1NEEwNW5M?oc=5\" target=\"_blank\" rel=\"nofollow noopener\">Alfredo Rela\u00f1o: \u00abFlorentino tiene raz\u00f3n, pero llega tarde y ha estado muy indulgente porque ten\u00eda a Laporta de muleta en la Superliga\u00bb<\/a>&nbsp;&nbsp;COPE<\/li>\n<li><a href=\"https:\/\/news.google.com\/rss\/articles\/CBMif0FVX3lxTFBnX1RRQllwY2RsMFltekx4SzBpbWRaODJ6VExFSWdxVXMzN0FZZW5IajdET1lpTjRGMERRamoxYlFVdXZRT1A3dXRNYUZMX3g1S3BfRE9Nak1yeGdjQ0FsUXpwQzlZVHYwTERCckQ2Q0lTaE9OblVXa0EwUWgxQ3fSAZMBQVVfeXFMTnB0OGwwNDBabnVOM2gzaGpTaXM2SWJDVjl0TkRmMjQ4R09tOGdhT0NkdzQ1TXl0Z0I4bm1LUHJGOVM0cm9YdG1MTVh4UHUtVFppRjZLLTVSUlY1a0J5VHRaWWpXQkZtWTNRci1iQjRtS2dfTkpic29GYmdld29Wbk1rbk5Rc25lT3h1ZVFycEhSVXBB?oc=5\" target=\"_blank\" rel=\"nofollow noopener\">Cuatro d\u00edas que cambian el f\u00fatbol<\/a>&nbsp;&nbsp;Diario AS<\/li>\n<li><a href=\"https:\/\/news.google.com\/rss\/articles\/CBMizAFBVV95cUxQTnVpRERzSDZZUTh5MjFyYzJuTUhZRHhiZWNJUlhrVjJqTTJlcF9odG96alM5a3ZxMWt5Yl9XNlVWM3FubWhxS2RlM19PWnBfTlg3anhsaHRMNmROZG5UUWlFUTFmdnlibEZCeFoxVEJqZnVwWF9JVzA3aEtPSTNoVmJkOUE1WWc0NWZfTnNaNVV2dGRwZXZUTGRGX2NwTzBFMjh0eFo5c1pQcmtjVldvbGw0MnlpM3NMbUVDZnl2aFFZM25lNTIxclZEYkg?oc=5\" target=\"_blank\" rel=\"nofollow noopener\">Florentino P\u00e9rez sostiene la guerra del Real Madrid al Bar\u00e7a por el caso Negreira | F\u00fatbol | Deportes<\/a>&nbsp;&nbsp;EL PA\u00cdS<\/li>\n<li><a href=\"https:\/\/news.google.com\/rss\/articles\/CBMicEFVX3lxTE1oc0x4eWU4ZFhHRDdjSHp6MEsxb25GcDIyTE13SG95czU4djU4X09WM0E3aXI1TDhxQ05vUTdYak9nUjFhX3gzcVBtdmdzNVdYR2cyTFhmZXBtWDUxLTJ5c3dfaDJDOVhIaks5UHNXb1TSAXBBVV95cUxOLW1OYzUxUXdKemttaXZoT2p6bHR6V0JwUmNNT3JSLW1pVy1QV2lOTDhlX3h2a3dHa2MyYzNqZVBxWUtmbVZZcUFmZ1M0TDNWTV9DSUxlc3lWa2FjU3N4UE1iU3lhdEJPU1o1M256dHF2?oc=5\" target=\"_blank\" rel=\"nofollow noopener\">Las portadas del d\u00eda<\/a>&nbsp;&nbsp;MARCA<\/li>\n<li><a href=\"https:\/\/news.google.com\/rss\/articles\/CBMi-gFBVV95cUxQbmlfUWJWSF9ZTERfWDZSRGw0eXJfRVJwUUpXQm1SZzczbElWelIzWVJIYjVlOWlTNnhmNEFWdUYxelRYeHM2M3hScHZxT3dDMEJmR2NRaGlvZTBUelJCakRPY0FrcWxEUUxjNkx4ZVJrRlVZaGhlSlQxeGtDejFvdFJJSm1hMWREOTR5RVNXSDhWYjdvZ3B6T01hdzFaWjN6X3kydkRYVzNsQUhlOXlFT0I2RFpqd1VUbjNqc0VDRE9KOUZpRnhPaEEweHd5Z1ZBY3lqVkgyTkwydFloZG9namVkaEFaWlhIdE9zTmFmQU16RGtGbE9SV2Z30gGOAkFVX3lxTE9TSmF6c1d2TG0xYWxwMjFScTEwblh1clBnZkV3NVFBT2w5djM0cGtGTTBJR2JYeXFScXJUUWlYVjlQUEJkTk5yV0lCS1VKRUNqTDBtTVlVZ3Z4SmJRbklsLURpekJJYlMyVm1jZ3hLcHVfYUlTM3p3Z1dJQnlsNUhPQzJXcGZSWGVGNkxLS3J0VUR5dDk0MGpBYWR3QmZfenVWaHFBY2xjbHZ0XzVoNk5sUFJuMFc0NEQtemU5amx5djMwVjZnLW1qQ1hHSWVnbkhyc2p3S1dKUUdSdjZ0MkZJUWIwa3J5dW1NSkZCc29ZeF9DUVF1RHJpQ1JYekNRNUJsQ01hQlA0NHc2c3hhZw?oc=5\" target=\"_blank\" rel=\"nofollow noopener\">\u00abEl caso Negreira es injustificable, pero el llanto arbitral continuo es cansino y perjudicial para el Real Madrid\u00bb<\/a>&nbsp;&nbsp;Cadena SER<\/li>\n<\/ol>\n","protected":false},"excerpt":{"rendered":"Alfredo Rela\u00f1o: \u00abFlorentino tiene raz\u00f3n, pero llega tarde y ha estado muy indulgente porque ten\u00eda a Laporta de&hellip;\n","protected":false},"author":2,"featured_media":286036,"comment_status":"","ping_status":"","sticky":false,"template":"","format":"standard","meta":{"footnotes":""},"categories":[268],"tags":[168,25,24,280,282,281,23,167],"class_list":{"0":"post-291078","1":"post","2":"type-post","3":"status-publish","4":"format-standard","5":"has-post-thumbnail","7":"category-futbol","8":"tag-deportes","9":"tag-es","10":"tag-espana","11":"tag-football","12":"tag-futbol","13":"tag-soccer","14":"tag-spain","15":"tag-sports"},"share_on_mastodon":{"url":"https:\/\/pubeurope.com\/@es\/115728978076086283","error":""},"_links":{"self":[{"href":"https:\/\/www.europesays.com\/es\/wp-json\/wp\/v2\/posts\/291078","targetHints":{"allow":["GET"]}}],"collection":[{"href":"https:\/\/www.europesays.com\/es\/wp-json\/wp\/v2\/posts"}],"about":[{"href":"https:\/\/www.europesays.com\/es\/wp-json\/wp\/v2\/types\/post"}],"author":[{"embeddable":true,"href":"https:\/\/www.europesays.com\/es\/wp-json\/wp\/v2\/users\/2"}],"replies":[{"embeddable":true,"href":"https:\/\/www.europesays.com\/es\/wp-json\/wp\/v2\/comments?post=291078"}],"version-history":[{"count":0,"href":"https:\/\/www.europesays.com\/es\/wp-json\/wp\/v2\/posts\/291078\/revisions"}],"wp:featuredmedia":[{"embeddable":true,"href":"https:\/\/www.europesays.com\/es\/wp-json\/wp\/v2\/media\/286036"}],"wp:attachment":[{"href":"https:\/\/www.europesays.com\/es\/wp-json\/wp\/v2\/media?parent=291078"}],"wp:term":[{"taxonomy":"category","embeddable":true,"href":"https:\/\/www.europesays.com\/es\/wp-json\/wp\/v2\/categories?post=291078"},{"taxonomy":"post_tag","embeddable":true,"href":"https:\/\/www.europesays.com\/es\/wp-json\/wp\/v2\/tags?post=291078"}],"curies":[{"name":"wp","href":"https:\/\/api.w.org\/{rel}","templated":true}]}}