{"id":291080,"date":"2025-12-16T11:23:30","date_gmt":"2025-12-16T11:23:30","guid":{"rendered":"https:\/\/www.europesays.com\/es\/291080\/"},"modified":"2025-12-16T11:23:30","modified_gmt":"2025-12-16T11:23:30","slug":"la-infancia-de-joaquin-torres-con-un-padre-que-queria-ser-mas-rico-que-florentino-perez","status":"publish","type":"post","link":"https:\/\/www.europesays.com\/es\/291080\/","title":{"rendered":"La infancia de Joaqu\u00edn Torres con un padre \u00abque quer\u00eda ser m\u00e1s rico que Florentino P\u00e9rez\u00bb"},"content":{"rendered":"<p><strong><a href=\"https:\/\/theobjective.com\/gente\/2023-12-07\/joaquin-torres-postrado-cama-grave-accidente\/\" rel=\"nofollow noopener\" target=\"_blank\">Joaqu\u00edn Torres<\/a> <\/strong>no est\u00e1 pasando por el mejor momento de su vida tras su <strong>accidente <\/strong>y su <strong>divorcio<\/strong>. El arquitecto y creador de las mejores casas de La Finca ha vivido una carrera especialmente exigente, marcada por la creatividad y, sobre todo, los valores que le inculcaron sus padres desde peque\u00f1o. Probablemente, una de las etapas m\u00e1s complicadas que le ha tocado vivir ha estado relacionada con su identidad sexual, una experiencia que describe como \u00ablo m\u00e1s dif\u00edcil\u00bb, sobre todo por tener que cont\u00e1rselo a sus dos hijos, <strong>\u00c1lvaro y Manuel.<\/strong> Ahora, Torres vive su vida con total libertad, sin importarle el qu\u00e9 dir\u00e1n, aunque siendo muy consciente de todos los trances complicados que est\u00e1 teniendo que afrontar. <\/p>\n<p>Joaqu\u00edn Torres\u00a0<strong>creci\u00f3 en Madrid<\/strong>, ciudad a la que ha estado ligado pr\u00e1cticamente toda su vida y donde m\u00e1s tarde desarrollar\u00eda su carrera profesional. Su infancia transcurri\u00f3 en un entorno urbano, sin referencias a una ni\u00f1ez itinerante o internacional, lo que refuerza la idea de una educaci\u00f3n bastante cl\u00e1sica y estructurada en la capital. En cuanto a\u00a0<strong>sus padres<\/strong>, Torres ha dejado claro que proced\u00eda de un\u00a0<strong>entorno familiar exigente<\/strong>, donde se valoraban la disciplina, el esfuerzo y la responsabilidad. No ha hablado de ellos de forma individualizada ni ha dado demasiados detalles personales, pero s\u00ed ha mencionado en varias ocasiones que su educaci\u00f3n fue\u00a0<strong>rigurosa<\/strong>, algo que influy\u00f3 directamente en su car\u00e1cter perfeccionista y competitivo. Esa exigencia temprana es una constante en el relato que \u00e9l mismo hace de su forma de trabajar y de entender el \u00e9xito.<\/p>\n<p>La infancia de Joaqu\u00edn Torres en Madrid <\/p>\n<blockquote class=\"instagram-media\" data-instgrm-permalink=\"https:\/\/www.instagram.com\/p\/DR1uyMsCJZI\/?utm_source=ig_embed&amp;utm_campaign=loading\" data-instgrm-version=\"14\" style=\" background:#FFF; border:0; border-radius:3px; box-shadow:0 0 1px 0 rgba(0,0,0,0.5),0 1px 10px 0 rgba(0,0,0,0.15); margin: 1px; max-width:540px; min-width:326px; padding:0; width:99.375%; width:-webkit-calc(100% - 2px); width:calc(100% - 2px);\"\/>\n<p>No se conocen v\u00ednculos familiares directos con el mundo de la arquitectura o el arte, por lo que su vocaci\u00f3n parece haber sido\u00a0<strong>m\u00e1s una elecci\u00f3n personal que una herencia familiar<\/strong>. Desde joven mostr\u00f3 inter\u00e9s por lo creativo, el dise\u00f1o y las formas, inclinaci\u00f3n que acab\u00f3 canalizando hacia la arquitectura, aunque siempre con un enfoque muy personal y poco acad\u00e9mico en lo est\u00e9tico. En varias ocasiones, Torres ha hablado de que su infancia incluy\u00f3 cierta <strong>autoexigencia, el deseo de destacar y la necesidad de demostrar<\/strong>, rasgos que despu\u00e9s se reflejar\u00edan tanto en su carrera profesional como en su personalidad p\u00fablica. Es decir, era una familia estricta y poco dada a la exposici\u00f3n p\u00fablica. <\/p>\n<p>Su padre, Juan, naci\u00f3 en Ferrol, en La Coru\u00f1a, en 1936. Durante toda su vida dedic\u00f3 su carrera profesional al mundo empresarial. Estudi\u00f3 para ser ingeniero de Caminos y fund\u00f3, junto a <strong><a href=\"https:\/\/theobjective.com\/etiqueta\/florentino-perez\/\" rel=\"nofollow noopener\" target=\"_blank\">Florentino P\u00e9rez<\/a><\/strong>, el grupo constructor <strong>ACS <\/strong>\u2014Actividades de Construcci\u00f3n y Servicios\u2014. Tanto \u00e9l como el presidente del Real Madrid montaron los cimientos de una de las empresas m\u00e1s grandes en el mundo de la construcci\u00f3n y de los servicios urbanos. Hasta ahora, Florentino sigue siendo presidente ejecutivo de la misma. Sin duda alguna, el papel del progenitor de Joaqu\u00edn Torres fue esencial para el desarrollo y la consolidaci\u00f3n de la empresa. \u00abCuando mi padre vendi\u00f3 las acciones de la constructora en el 97 se qued\u00f3 con una\u00a0<strong>liquidez inmensa<\/strong>\u00a0y con un\u00a0<strong>patrimonio<\/strong>\u00a0que prefiero no decir porque me parecen cantidades obscenas\u00bb, cont\u00f3 el arquitecto en una entrevista a ABC. <\/p>\n<p>Juan, un padre estricto que quer\u00eda ser \u00abm\u00e1s rico que Florentino P\u00e9rez\u00bb<\/p>\n<p>Es m\u00e1s, Joaqu\u00edn confes\u00f3 que la \u00ab\u00fanica obsesi\u00f3n\u00bb de su padre era \u00abmontar una empresa para hacerse m\u00e1s rico que Florentino P\u00e9rez\u00bb. Juan tambi\u00e9n fue <strong>presidente del Metro de Madrid, profesor universitario en el IESE y presidente de distintas compa\u00f1\u00edas familiares e industriales a lo largo de su vida<\/strong>, como confirman en Jaleos. Gracias a esto, su nombre apareci\u00f3 entre las mayores fortunas de nuestro pa\u00eds. Es m\u00e1s, fue, tambi\u00e9n, un gran coleccionista de arte y patrono de distintos museos como el Reina Sof\u00eda de Madrid y el Guggenheim de Bilbao. As\u00ed, se convirti\u00f3 en vocal del patronato del Museo Nacional Centro de Arte Reina Sof\u00eda durante cuatro a\u00f1os. Y, desde 2002, era miembro de honor del Museo Guggenheim de la ciudad vasca. Tambi\u00e9n, fue acad\u00e9mico de la Real Academia de Bellas Artes de San Fernando. <\/p>\n<p><img fetchpriority=\"high\" decoding=\"async\" width=\"1024\" height=\"683\" src=\"https:\/\/www.europesays.com\/es\/wp-content\/uploads\/2025\/12\/florentino-perez-joaquin-torres-1024x683.jpg\" alt=\"\" class=\"wp-image-3891912\"  \/>Florentino P\u00e9rez, en el \u00faltimo \u2018adi\u00f3s\u2019 al padre de Joaqu\u00edn Torres. | Gtres<\/p>\n<p>Juan muri\u00f3 hace unos d\u00edas, a sus 89 a\u00f1os, despu\u00e9s de una vida, tambi\u00e9n, marcada por su etapa familiar. El hombre estuvo casado con <strong>Joaquina V\u00e9rez<\/strong>, quien muri\u00f3 en marzo de 2024, con quien tuvo cinco hijos. Su car\u00e1cter discreto se rompi\u00f3 hace un tiempo cuando decidi\u00f3 denunciar a su hermano Julio, quien \u00abse qued\u00f3 con todo\u00bb \u2014refiri\u00e9ndose a las empresas de su familia\u2014, sin dejar dinero \u00abni para pagar la calefacci\u00f3n\u00bb. Lo cierto es que este car\u00e1cter m\u00e1s aperturista con la prensa es algo que ha heredado su hijo Joaqu\u00edn, quien, aunque en un principio siempre intent\u00f3 ser bastante sincero, en cuanto a su vida personal, varios momentos de su vida le han hecho explotar frente a los medios de comunicaci\u00f3n. <\/p>\n<p>Cre\u00f3 sus propias empresas y se uni\u00f3 al presidente del Real Madrid <\/p>\n<p>Tambi\u00e9n, sus redes sociales se han convertido en una gran v\u00eda de escape para sincerarse y expresar sus sentimientos. <strong>Joaqu\u00edn Torres<\/strong>\u00a0es uno de los arquitectos espa\u00f1oles m\u00e1s conocidos de las \u00faltimas d\u00e9cadas, tanto por su trayectoria profesional como por su presencia medi\u00e1tica. Nacido en Madrid en 1970, se form\u00f3 como arquitecto y pronto destac\u00f3 por un estilo muy reconocible, basado en l\u00edneas limpias, vol\u00famenes rotundos y una concepci\u00f3n de la arquitectura como una mezcla de t\u00e9cnica, dise\u00f1o y car\u00e1cter.<\/p>\n<blockquote class=\"instagram-media\" data-instgrm-permalink=\"https:\/\/www.instagram.com\/p\/DRcRyZziElC\/?utm_source=ig_embed&amp;utm_campaign=loading\" data-instgrm-version=\"14\" style=\" background:#FFF; border:0; border-radius:3px; box-shadow:0 0 1px 0 rgba(0,0,0,0.5),0 1px 10px 0 rgba(0,0,0,0.15); margin: 1px; max-width:540px; min-width:326px; padding:0; width:99.375%; width:-webkit-calc(100% - 2px); width:calc(100% - 2px);\"\/>\n<p>Es fundador y director del estudio\u00a0<strong>A-cero<\/strong>, un despacho que alcanz\u00f3 gran proyecci\u00f3n a partir de los a\u00f1os 2000 gracias a viviendas de alto nivel, proyectos singulares y colaboraciones con clientes muy conocidos. Su arquitectura se caracteriza por una est\u00e9tica contempor\u00e1nea, minimalista y contundente, en la que el hormig\u00f3n, el vidrio y las formas geom\u00e9tricas juegan un papel central. Con A-cero ha desarrollado proyectos tanto en Espa\u00f1a como en el extranjero. M\u00e1s all\u00e1 de la arquitectura, Joaqu\u00edn Torres se convirti\u00f3 en un\u00a0<strong>personaje popular<\/strong>\u00a0gracias a la televisi\u00f3n. Programas como\u00a0Esta casa era una ruina\u00a0o\u00a0Supercasas\u00a0lo acercaron al gran p\u00fablico, mostrando su car\u00e1cter directo, exigente y perfeccionista. Esa exposici\u00f3n medi\u00e1tica lo transform\u00f3 en una figura reconocible incluso para quienes no siguen el mundo de la arquitectura.<\/p>\n<p>El a\u00f1o m\u00e1s complicado de Joaqu\u00edn Torres <\/p>\n<blockquote class=\"instagram-media\" data-instgrm-permalink=\"https:\/\/www.instagram.com\/reel\/DBQ3dtONIXJ\/?utm_source=ig_embed&amp;utm_campaign=loading\" data-instgrm-version=\"14\" style=\" background:#FFF; border:0; border-radius:3px; box-shadow:0 0 1px 0 rgba(0,0,0,0.5),0 1px 10px 0 rgba(0,0,0,0.15); margin: 1px; max-width:540px; min-width:326px; padding:0; width:99.375%; width:-webkit-calc(100% - 2px); width:calc(100% - 2px);\"\/>\n<p>En el plano personal, Torres ha hablado abiertamente de aspectos \u00edntimos de su vida, como su\u00a0<strong>homosexualidad<\/strong>, su faceta como padre de dos hijos y los momentos dif\u00edciles que ha atravesado a nivel emocional. Esa sinceridad ha contribuido a construir una imagen p\u00fablica compleja, que combina \u00e9xito profesional, vulnerabilidad y un discurso muy personal sobre el esfuerzo y la superaci\u00f3n. Estos \u00faltimos meses, como dec\u00edamos, han sido especialmente complicados para Joaqu\u00edn. En el verano de 2025 conoc\u00edamos la ruptura del arquitecto con su marido, el televisivo Ra\u00fal Prieto. Fue el propio Joaqu\u00edn quien confes\u00f3 que su marido \u00able hab\u00eda dejado\u00bb. \u00ab<strong>Esto es algo que iba a llegar en alg\u00fan momento\u2026 Para m\u00ed ha sido un palo muy grande. No lo puedo ocultar; a\u00fan no estoy bien<\/strong>\u00bb, confes\u00f3 el propio Joaqu\u00edn. <\/p>\n<p>Un tiempo antes, concretamente a finales de 2023, sufri\u00f3 un complicado<strong> accidente de tr\u00e1fico<\/strong>, mientras conduc\u00eda su moto por las calles de Madrid. El arquitecto tuvo que enfrentarse a varias fracturas en la pelvis y en el brazo, as\u00ed como a lesiones en el h\u00edgado y los pulmones, lo que hizo que tuviera que pasar por quir\u00f3fano. <\/p>\n<p>                                                    <script async src=\"\/\/www.instagram.com\/embed.js\"><\/script><\/p>\n","protected":false},"excerpt":{"rendered":"Joaqu\u00edn Torres no est\u00e1 pasando por el mejor momento de su vida tras su accidente y su divorcio.&hellip;\n","protected":false},"author":2,"featured_media":291081,"comment_status":"","ping_status":"","sticky":false,"template":"","format":"standard","meta":{"footnotes":""},"categories":[173],"tags":[229,233,231,230,255,232,234,146,147,25,24,69770,3624,3048,23],"class_list":{"0":"post-291080","1":"post","2":"type-post","3":"status-publish","4":"format-standard","5":"has-post-thumbnail","7":"category-arte-y-diseno","8":"tag-arte","9":"tag-arte-y-diseno","10":"tag-arts","11":"tag-arts-and-design","12":"tag-celebrities","13":"tag-design","14":"tag-diseno","15":"tag-entertainment","16":"tag-entretenimiento","17":"tag-es","18":"tag-espana","19":"tag-florentino-pu00e9rez","20":"tag-infancia","21":"tag-real-madrid","22":"tag-spain"},"share_on_mastodon":{"url":"https:\/\/pubeurope.com\/@es\/115728995440663308","error":""},"_links":{"self":[{"href":"https:\/\/www.europesays.com\/es\/wp-json\/wp\/v2\/posts\/291080","targetHints":{"allow":["GET"]}}],"collection":[{"href":"https:\/\/www.europesays.com\/es\/wp-json\/wp\/v2\/posts"}],"about":[{"href":"https:\/\/www.europesays.com\/es\/wp-json\/wp\/v2\/types\/post"}],"author":[{"embeddable":true,"href":"https:\/\/www.europesays.com\/es\/wp-json\/wp\/v2\/users\/2"}],"replies":[{"embeddable":true,"href":"https:\/\/www.europesays.com\/es\/wp-json\/wp\/v2\/comments?post=291080"}],"version-history":[{"count":0,"href":"https:\/\/www.europesays.com\/es\/wp-json\/wp\/v2\/posts\/291080\/revisions"}],"wp:featuredmedia":[{"embeddable":true,"href":"https:\/\/www.europesays.com\/es\/wp-json\/wp\/v2\/media\/291081"}],"wp:attachment":[{"href":"https:\/\/www.europesays.com\/es\/wp-json\/wp\/v2\/media?parent=291080"}],"wp:term":[{"taxonomy":"category","embeddable":true,"href":"https:\/\/www.europesays.com\/es\/wp-json\/wp\/v2\/categories?post=291080"},{"taxonomy":"post_tag","embeddable":true,"href":"https:\/\/www.europesays.com\/es\/wp-json\/wp\/v2\/tags?post=291080"}],"curies":[{"name":"wp","href":"https:\/\/api.w.org\/{rel}","templated":true}]}}