{"id":291100,"date":"2025-12-16T11:43:55","date_gmt":"2025-12-16T11:43:55","guid":{"rendered":"https:\/\/www.europesays.com\/es\/291100\/"},"modified":"2025-12-16T11:43:55","modified_gmt":"2025-12-16T11:43:55","slug":"sin-presupuesto-no-seria-posible-gobernar","status":"publish","type":"post","link":"https:\/\/www.europesays.com\/es\/291100\/","title":{"rendered":"Sin presupuesto no ser\u00eda posible gobernar"},"content":{"rendered":"<p class=\"paragraph\" id=\"paragraph_1\">Arag\u00f3n <strong>ir\u00e1 oficialmente a elecciones el 8 de febrero.<\/strong> El presidente, Jorge Azc\u00f3n, ha disuelto este lunes las Cortes ante la imposibilidad de llegar a un acuerdo presupuestario con Vox.<\/p>\n<p class=\"paragraph\" id=\"paragraph_2\">Ser\u00e1 la primera vez que la Comunidad vaya a las urnas de forma anticipada, poniendo fin a dos a\u00f1os y medio de legislatura marcados por los <strong>continuos desencuentros de los exsocios<\/strong>.<\/p>\n<p class=\"paragraph\" id=\"paragraph_3\">El decreto de disoluci\u00f3n ha sido aprobado esta ma\u00f1ana en Consejo de Gobierno extraordinario y se publicar\u00e1 <strong>ma\u00f1ana martes en el Bolet\u00edn Oficial de Arag\u00f3n (BOA).<\/strong><\/p>\n<p class=\"paragraph\" id=\"paragraph_4\">Durante semanas, PP y Vox han intentado alcanzar un acuerdo que diese a la Comunidad la estabilidad que necesitaba para llegar a 2027. Azc\u00f3n lleg\u00f3 a presentar un proyecto <strong>\u00abhist\u00f3rico\u00bb de 9.145 millones de euros<\/strong> con subidas de entre el 7% y el 9% en consejer\u00edas clave como Educaci\u00f3n o Sanidad, pero los de Abascal se han mantenido en sus trece exigiendo un compromiso como el de P\u00e9rez Llorca en Valencia contra la inmigraci\u00f3n ilegal y el Pacto Verde Europeo.<\/p>\n<p class=\"paragraph\" id=\"paragraph_5\">Tanto es as\u00ed que durante la ronda de contactos, el portavoz de Vox, Alejandro Nolasco, termin\u00f3 asegurando que Azc\u00f3n parec\u00eda a veces \u00abun presidente de Podemos\u00bb. La respuesta del Gobierno no se qued\u00f3 atr\u00e1s, con el consejero de Hacienda, Roberto Berm\u00fadez de Castro, reiterando una y otra vez que lo que ped\u00eda su interlocutor <strong>era imposible o, directamente, ilegal.<\/strong><\/p>\n<p class=\"paragraph\" id=\"paragraph_6\">El propio Azc\u00f3n ha comenzado su intervenci\u00f3n recalcando que ese presupuesto era el que necesitaba Arag\u00f3n, ya que no solo conten\u00eda inversiones r\u00e9cord sino que permit\u00eda seguir bajando impuestos y reducir deuda.<\/p>\n<p class=\"paragraph\" id=\"paragraph_7\">\u00abPero la oposici\u00f3n no valora el buen momento que vive la Comunidad <strong>ni est\u00e1 dispuesta a comprometerse<\/strong>\u00ab, lamentaba.<\/p>\n<p class=\"paragraph\" id=\"paragraph_8\">Durante la ronda de contactos de la semana pasada <strong>solo consigui\u00f3 sumar el voto del PAR<\/strong>. Fue ah\u00ed, ha recalcado el l\u00edder conservador, donde se vio la \u00abvoluntad real\u00bb de los partidos de aprobar el presupuesto.\u00a0<\/p>\n<p class=\"paragraph\" id=\"paragraph_9\">Azc\u00f3n ha acusado a partidos como el PSOE de inventarse \u00abexcusas peregrinas\u00bb para tumbarlo \u00abno ahora, sino m\u00e1s adelante\u00bb. \u00abLos aragoneses no somos ilusos ni ingenuos. Los aragoneses merecen mucho m\u00e1s que todo esto. No se puede mejorar su vida sin presupuesto. <strong>Estar en el Gobierno sin presupuesto no es gobernar\u00bb,<\/strong> ha subrayado, instando a Pedro S\u00e1nchez a tomar su mismo camino.<\/p>\n<p class=\"paragraph\" id=\"paragraph_10\">Por eso, convocar elecciones era \u00ablo m\u00e1s sensato\u00bb y hacerlo en solitario permitir\u00e1 \u00abponer a Arag\u00f3n en el centro del debate\u00bb, una \u00abbuena noticia\u00bb, seg\u00fan Azc\u00f3n, <strong>para el futuro de la Comunidad<\/strong>.<\/p>\n<p class=\"paragraph\" id=\"paragraph_11\">El propio presidente aragon\u00e9s se pondr\u00e1 en contacto esta tarde<strong> con Casa Real<\/strong> para hacerle llegar su decisi\u00f3n. Tambi\u00e9n se dirigir\u00e1 a S\u00e1nchez y a Feij\u00f3o.<\/p>\n<p>Arag\u00f3n, territorio clave<\/p>\n<p class=\"paragraph\" id=\"paragraph_12\">Arag\u00f3n jugar\u00e1 un papel clave en las <strong>&#8216;elecciones en cascada&#8217;<\/strong> dise\u00f1adas por el PP de Alberto N\u00fa\u00f1ez Feij\u00f3o para desgastar al Gobierno de Pedro S\u00e1nchez y sacarlo de La Moncloa.<\/p>\n<p class=\"paragraph\" id=\"paragraph_13\">La primera parada ser\u00e1 ya este domingo con las elecciones en Extremadura, Arag\u00f3n se situar\u00e1 en segundo lugar y despu\u00e9s vendr\u00e1n <strong>Castilla y Le\u00f3n y Andaluc\u00eda<\/strong>.<\/p>\n<p class=\"paragraph\" id=\"paragraph_14\">En la Comunidad, la campa\u00f1a electoral empezar\u00e1 oficialmente el <strong>viernes 23 de enero<\/strong>. Hasta entonces, el PP podr\u00e1 gobernar con normalidad, pero una vez llegue el 8-F pasar\u00e1 a estar en funciones, lo que le obligar\u00e1 a limitarse a la gesti\u00f3n ordinaria, sin posibilidad de comprometer nuevos gastos que no aparezcan en el presupuesto.<\/p>\n<p class=\"paragraph\" id=\"paragraph_15\">Azc\u00f3n llegar\u00e1 a la cita con las urnas con las encuestas a su favor. La \u00faltima encuesta de EL ESPA\u00d1OL DE ARAG\u00d3N, publicada este mismo mes, daba al PP <strong>entre 30 y 31 diputados<\/strong> y la posibilidad de elegir socio entre Vox y Arag\u00f3n-Teruel Existe.<\/p>\n<p class=\"paragraph\" id=\"paragraph_16\">De cumplirse este resultado, el bar\u00f3n aragon\u00e9s ser\u00eda uno de los pocos l\u00edderes del PP que podr\u00eda gobernar <strong>sin depender de los de Santiago Abascal, cumpliendo los deseos de G\u00e9nova<\/strong>.<\/p>\n<p>Movimientos en la izquierda<\/p>\n<p class=\"paragraph\" id=\"paragraph_17\">La disoluci\u00f3n de las Cortes obligar\u00e1 a la izquierda a mover ficha. Aqu\u00ed, todas las miradas se centran en la secretaria general del PSOE-Arag\u00f3n, Pilar Alegr\u00eda, que podr\u00eda vivir<strong> su \u00faltimo Consejo de Ministros como portavoz este martes.<\/strong><\/p>\n<p class=\"paragraph\" id=\"paragraph_18\">La previsi\u00f3n es que tambi\u00e9n deje la cartera de Educaci\u00f3n <strong>para centrarse en la campa\u00f1a de Arag\u00f3n.<\/strong> Ser\u00e1 la primera ministra que se exponga a unas elecciones desde el estallido de los esc\u00e1ndalos de Koldo, \u00c1balos, Santos Cerd\u00e1n y Leire D\u00edez, y las encuestas no auguran buenos resultados.<\/p>\n<p class=\"paragraph\" id=\"paragraph_19\">Tanto es as\u00ed que el PSOE podr\u00eda quedarse con <strong>entre 17 y 18 esca\u00f1os<\/strong> en Arag\u00f3n frente a los 23 actuales.<\/p>\n<p class=\"paragraph\" id=\"paragraph_20\">La convocatoria anticipada tambi\u00e9n har\u00e1 que la izquierda a la izquierda del PSOE <strong>deba decidir en tiempo r\u00e9cord<\/strong> c\u00f3mo se presenta a los comicios. Concurrir por separado elevar\u00eda el riesgo de que alg\u00fan partido termine qued\u00e1ndose fuera, aunque, dada la mala relaci\u00f3n entre Podemos y Sumar en el plano nacional, las alianzas parecen, una vez m\u00e1s, improbables.<\/p>\n<p class=\"paragraph\" id=\"paragraph_21\">CHA tendr\u00e1 que decidir si Jos\u00e9 Luis Soro repite como candidato -algo poco probable, de ah\u00ed que se lleve hablando meses del diputado Jorge Pueyo-, mientras que Podemos tendr\u00e1 que buscar nuevo rostro tras elegir, hace escasas semanas, <strong>a Ricard Mitjana como nuevo l\u00edder auton\u00f3mico.<\/strong><\/p>\n<p class=\"paragraph\" id=\"paragraph_22\">Lo mismo ocurrir\u00e1 en IU. Aqu\u00ed es seguro que \u00c1lvaro Sanz no volver\u00e1 a las Cortes, pudiendo recaer esa responsabilidad en la nueva coordinadora, <strong>Marta Abengochea.<\/strong><\/p>\n","protected":false},"excerpt":{"rendered":"Arag\u00f3n ir\u00e1 oficialmente a elecciones el 8 de febrero. El presidente, Jorge Azc\u00f3n, ha disuelto este lunes las&hellip;\n","protected":false},"author":2,"featured_media":291101,"comment_status":"","ping_status":"","sticky":false,"template":"","format":"standard","meta":{"footnotes":""},"categories":[5],"tags":[517,4499,17,18,54253,25,24,13,14,11,54697,19,20,9,10,15,16,23,12,21,22],"class_list":{"0":"post-291100","1":"post","2":"type-post","3":"status-publish","4":"format-standard","5":"has-post-thumbnail","7":"category-titulares","8":"tag-actualidad","9":"tag-aragon","10":"tag-breaking-news","11":"tag-breakingnews","12":"tag-elecciones-autonomicas","13":"tag-es","14":"tag-espana","15":"tag-featured-news","16":"tag-featurednews","17":"tag-headlines","18":"tag-jorge-azcon","19":"tag-latest-news","20":"tag-latestnews","21":"tag-news","22":"tag-noticias","23":"tag-noticias-destacadas","24":"tag-noticiasdestacadas","25":"tag-spain","26":"tag-titulares","27":"tag-ultimas-noticias","28":"tag-ultimasnoticias"},"share_on_mastodon":{"url":"https:\/\/pubeurope.com\/@es\/115729076247315374","error":""},"_links":{"self":[{"href":"https:\/\/www.europesays.com\/es\/wp-json\/wp\/v2\/posts\/291100","targetHints":{"allow":["GET"]}}],"collection":[{"href":"https:\/\/www.europesays.com\/es\/wp-json\/wp\/v2\/posts"}],"about":[{"href":"https:\/\/www.europesays.com\/es\/wp-json\/wp\/v2\/types\/post"}],"author":[{"embeddable":true,"href":"https:\/\/www.europesays.com\/es\/wp-json\/wp\/v2\/users\/2"}],"replies":[{"embeddable":true,"href":"https:\/\/www.europesays.com\/es\/wp-json\/wp\/v2\/comments?post=291100"}],"version-history":[{"count":0,"href":"https:\/\/www.europesays.com\/es\/wp-json\/wp\/v2\/posts\/291100\/revisions"}],"wp:featuredmedia":[{"embeddable":true,"href":"https:\/\/www.europesays.com\/es\/wp-json\/wp\/v2\/media\/291101"}],"wp:attachment":[{"href":"https:\/\/www.europesays.com\/es\/wp-json\/wp\/v2\/media?parent=291100"}],"wp:term":[{"taxonomy":"category","embeddable":true,"href":"https:\/\/www.europesays.com\/es\/wp-json\/wp\/v2\/categories?post=291100"},{"taxonomy":"post_tag","embeddable":true,"href":"https:\/\/www.europesays.com\/es\/wp-json\/wp\/v2\/tags?post=291100"}],"curies":[{"name":"wp","href":"https:\/\/api.w.org\/{rel}","templated":true}]}}