{"id":291110,"date":"2025-12-16T11:53:13","date_gmt":"2025-12-16T11:53:13","guid":{"rendered":"https:\/\/www.europesays.com\/es\/291110\/"},"modified":"2025-12-16T11:53:13","modified_gmt":"2025-12-16T11:53:13","slug":"los-lectores-de-riazor-org-optan-por-dar-oportunidad-a-los-menos-habituales-en-el-duelo-de-copa-del-rey-ante-el-mallorca","status":"publish","type":"post","link":"https:\/\/www.europesays.com\/es\/291110\/","title":{"rendered":"Los lectores de Riazor.org optan por dar oportunidad a los menos habituales en el duelo de Copa del Rey ante el Mallorca"},"content":{"rendered":"<p>El <strong>Deportivo <\/strong>aparca moment\u00e1neamente la liga tras las dos decepciones consecutivas sumadas ante su afici\u00f3n para afrontar la que ser\u00e1 su tercera eliminatoria en la presente <strong>Copa del Rey 25\/26<\/strong>. Tras superar primero al S\u00e1mano de Segunda Federaci\u00f3n en el estreno en la competici\u00f3n, y hacer lo propio posteriormente ante el Sabadell en la Nova Creu Alta, los blanquiazules se ver\u00e1n ahora las caras ante <a href=\"https:\/\/www.riazor.org\/campeones-copa-recuerdo-mallorca-deportivo\/\" rel=\"nofollow noopener\" target=\"_blank\"><strong>un Primera Divisi\u00f3n como el Mallorca<\/strong><\/a>. El choque se presenta como una ocasi\u00f3n de recuperar sensaciones y reencontrarse con una afici\u00f3n que volver\u00e1 a disfrutar de una eliminatoria copera en Riazor m\u00e1s de tres a\u00f1os despu\u00e9s.<\/p>\n<p>Para el choque de este <strong>martes a las 19:00 horas en Riazor<\/strong> ante el Mallorca <a href=\"https:\/\/www.riazor.org\/antonio-hidalgo-nos-hemos-ganado-el-derecho-de-traer-un-primera-a-riazor\/\" rel=\"nofollow noopener\" target=\"_blank\"><strong>Antonio Hidalgo<\/strong><\/a> podr\u00eda dar minutos a varios fabrilistas que se ejercitan habitualmente con el primer equipo durante la semana, caso de <strong>Hugo R\u00edos, Quique Teijo, \u00cdker Vidal, No\u00e9 Carrillo, Fabi o Nsongo Bil<\/strong>. Adem\u00e1s, el t\u00e9cnico catal\u00e1n recupera a <strong>Lucas Noubi y Diego Villares<\/strong> tras causar baja por sanci\u00f3n el pasado s\u00e1bado ante la Real Sociedad B. Son bajas confirmadas los lesionados <strong>Bachmann, Ximo Navarro y Escudero<\/strong>, a los que se une esta vez <strong>Samu Fern\u00e1ndez, citado con la selecci\u00f3n espa\u00f1ola sub-19<\/strong>.<\/p>\n<p>La alineaci\u00f3n de nuestros lectores para el Deportivo vs Mallorca<\/p>\n<p>Antonio Hidalgo podr\u00eda incluir a la ecuaci\u00f3n de cara a la confecci\u00f3n del once inicial el hecho de poder dar minutos a los menos habituales y a fabrilistas. As\u00ed las cosas, <strong>Eric Puerto<\/strong> (88% de los votos) volver\u00eda a tener su oportunidad bajo palos. La defensa ser\u00eda una linea de cuatro formada por <strong>Dani Barcia<\/strong> (75% de los votos), <strong>Lucas Noubi<\/strong> (84% de los votos), <strong>Miguel Loureiro<\/strong> (51% de los votos) y <strong>Quagliatta<\/strong> (48% de los votos).<\/p>\n<p>En la medular la opci\u00f3n preferida por nuestros usuarios pasar\u00eda por dar entrada a <strong>Gragera<\/strong> (64% de los votos) junto a <strong>Diego Villares<\/strong> (54% de los votos) y  <strong>Rub\u00e9n L\u00f3pez<\/strong> (66% de los votos).<\/p>\n<p>En la parcela ofensiva tendr\u00edan ocasi\u00f3n de reivindicarse <strong>Cristian Herrera<\/strong> (48% de los votos), <strong>Luismi Cruz<\/strong> (73% de los votos) y <strong>Mulattieri<\/strong> (49% de los votos).<\/p>\n<p>As\u00ed pues, si nuestros lectores ocupasen el lugar de Antonio Hidalgo <strong>el once inicial que presentar\u00eda el Deportivo para medirse al Mallorca<\/strong> ser\u00eda el siguiente:<br \/><img decoding=\"async\" src=\"https:\/\/www.europesays.com\/es\/wp-content\/uploads\/2025\/12\/Once-Lectores-Copa-3-Eliminatoria.jpg\" alt=\"\"\/><\/p>\n","protected":false},"excerpt":{"rendered":"El Deportivo aparca moment\u00e1neamente la liga tras las dos decepciones consecutivas sumadas ante su afici\u00f3n para afrontar la&hellip;\n","protected":false},"author":2,"featured_media":291111,"comment_status":"","ping_status":"","sticky":false,"template":"","format":"standard","meta":{"footnotes":""},"categories":[268],"tags":[168,25,24,280,282,281,23,167],"class_list":{"0":"post-291110","1":"post","2":"type-post","3":"status-publish","4":"format-standard","5":"has-post-thumbnail","7":"category-futbol","8":"tag-deportes","9":"tag-es","10":"tag-espana","11":"tag-football","12":"tag-futbol","13":"tag-soccer","14":"tag-spain","15":"tag-sports"},"share_on_mastodon":{"url":"https:\/\/pubeurope.com\/@es\/115729111898614944","error":""},"_links":{"self":[{"href":"https:\/\/www.europesays.com\/es\/wp-json\/wp\/v2\/posts\/291110","targetHints":{"allow":["GET"]}}],"collection":[{"href":"https:\/\/www.europesays.com\/es\/wp-json\/wp\/v2\/posts"}],"about":[{"href":"https:\/\/www.europesays.com\/es\/wp-json\/wp\/v2\/types\/post"}],"author":[{"embeddable":true,"href":"https:\/\/www.europesays.com\/es\/wp-json\/wp\/v2\/users\/2"}],"replies":[{"embeddable":true,"href":"https:\/\/www.europesays.com\/es\/wp-json\/wp\/v2\/comments?post=291110"}],"version-history":[{"count":0,"href":"https:\/\/www.europesays.com\/es\/wp-json\/wp\/v2\/posts\/291110\/revisions"}],"wp:featuredmedia":[{"embeddable":true,"href":"https:\/\/www.europesays.com\/es\/wp-json\/wp\/v2\/media\/291111"}],"wp:attachment":[{"href":"https:\/\/www.europesays.com\/es\/wp-json\/wp\/v2\/media?parent=291110"}],"wp:term":[{"taxonomy":"category","embeddable":true,"href":"https:\/\/www.europesays.com\/es\/wp-json\/wp\/v2\/categories?post=291110"},{"taxonomy":"post_tag","embeddable":true,"href":"https:\/\/www.europesays.com\/es\/wp-json\/wp\/v2\/tags?post=291110"}],"curies":[{"name":"wp","href":"https:\/\/api.w.org\/{rel}","templated":true}]}}