{"id":291112,"date":"2025-12-16T11:54:11","date_gmt":"2025-12-16T11:54:11","guid":{"rendered":"https:\/\/www.europesays.com\/es\/291112\/"},"modified":"2025-12-16T11:54:11","modified_gmt":"2025-12-16T11:54:11","slug":"te-dan-una-paliza-y-al-hospital-asi-no-molestas","status":"publish","type":"post","link":"https:\/\/www.europesays.com\/es\/291112\/","title":{"rendered":"\u201cTe dan una paliza y al hospital. As\u00ed no molestas\u201d"},"content":{"rendered":"<p data-gtm-element-container=\"modulo-texto-link\" class=\"paragraph\">\u201cEl Cielo acredita su legalidad y respalda su actividad con documentaci\u00f3n oficial\u201d. As\u00ed de tajante afirmaba <a href=\"https:\/\/www.lavanguardia.com\/topics\/kiko-hernandez\" target=\"_blank\" rel=\"nofollow noopener\">Kiko Hern\u00e1ndez<\/a> que el local de eventos que regenta con su marido, el actor Fran Ant\u00f3n, ten\u00eda todos los papeles y licencias pertinentes en regla.<\/p>\n<p data-gtm-element-container=\"modulo-texto-link\" class=\"paragraph\">Sin embargo, no es lo que piensan las autoridades de la ciudad aut\u00f3noma de Melilla, que ordenaron a la Polic\u00eda Local clausurar el local hace unos d\u00edas \u201csin previo aviso\u201d, como denunciaron ambos empresarios. Un movimiento que dejaba a Fran Ant\u00f3n sin otra opci\u00f3n que encadenarse a las puertas de su negocio e <a href=\"https:\/\/www.lavanguardia.com\/television\/20251210\/11348938\/fran-anton-marido-kiko-hernandez-huelga-hambre-iniciado-melilla-salvar-local-unica-solucion-mmn.html\" target=\"_blank\" rel=\"nofollow noopener\">iniciar una huelga de hambre<\/a>, iniciativa a la que se un\u00eda su marido pocas horas despu\u00e9s.<\/p>\n<p>                <img loading=\"lazy\" decoding=\"async\" data-full-src=\"https:\/\/www.lavanguardia.com\/uploads\/2025\/12\/12\/693bec629fcc2.jpeg\" alt=\"Kiko Hern\u00e1ndez vol\u00f3 desde Madrid para unirse a su marido.\" width=\"449\" height=\"777\" src=\"https:\/\/www.europesays.com\/es\/wp-content\/uploads\/2025\/12\/693bec629fcc2.jpeg\" class=\"lazy\"\/><\/p>\n<p class=\"caption-title \">Kiko Hern\u00e1ndez vol\u00f3 desde Madrid para unirse a su marido.<\/p>\n<p>                    instagram.com\/kikohernandeztv<\/p>\n<p data-gtm-element-container=\"modulo-texto-link\" class=\"paragraph\">\u201cSeguiremos luchando solo por dignidad y hasta que nuestro cuerpo aguante\u201d, aseguraba el colaborador a trav\u00e9s de sus Historias de Instagram. Sin embargo, sus peores temores se hicieron realidad. El televisivo tuvo que trasladarse al hospital tras caerse y lesionarse el brazo. Su marido, pocas horas despu\u00e9s, fue atendido por los servicios de emergencia.<\/p>\n<p data-gtm-element-container=\"modulo-texto-link\" class=\"paragraph\">Hern\u00e1ndez asegur\u00f3 en declaraciones a No Somos Nadie que hab\u00eda recibido amenazas de todo tipo por parte de \u201cuna persona muy importante\u201d de la localidad y estaban siendo presionados para abandonar el local, despu\u00e9s de que la gesti\u00f3n portuaria fuese vendida a un conglomerado empresarial mexicano por parte del ayuntamiento.<\/p>\n<p>Kiko Hern\u00e1ndez colabor\u00f3 con el anterior gobierno local y tem\u00eda represalias: \u201cLo estoy pagando\u201d, asegur\u00f3<\/p>\n<p data-gtm-element-container=\"modulo-texto-link\" class=\"paragraph\">\u201cM\u00e1s de 500.000 euros invertidos en un local donde no nos dejan entrar ni para recuperar cosas. Material escolar de las peques, ordenadores, medicaci\u00f3n&#8230; Esto jam\u00e1s pensaba que lo vivir\u00eda en la vida\u201d, lamentaba el colaborador.<\/p>\n<p data-gtm-element-container=\"modulo-texto-link\" class=\"paragraph\">Kiko Hern\u00e1ndez hab\u00eda denunciado previamente una compa\u00f1a contra \u00e9l, tambi\u00e9n que hab\u00eda sufrido distintos ataques hom\u00f3fobos. El que fuese concursante de la segunda edici\u00f3n de Gran Hermano y su marido aseguraron que iban a permanecer all\u00ed hasta que el asunto se solucionase. Sin embargo, no han podido continuar; el televisivo ha recibido presuntamente una brutal agresi\u00f3n en las \u00faltimas horas que le ha hecho acudir de nuevo a los servicios de urgencias del hospital.<\/p>\n<p>                <img loading=\"lazy\" decoding=\"async\" data-full-src=\"https:\/\/www.lavanguardia.com\/uploads\/2025\/12\/12\/693beb6344d5f.jpeg\" alt=\"Kiko Hern\u00e1ndez manda todo apoyo a su marido.\" width=\"449\" height=\"742\" src=\"https:\/\/www.europesays.com\/es\/wp-content\/uploads\/2025\/12\/693beb6344d5f.jpeg\" class=\"lazy\"\/><\/p>\n<p class=\"caption-title \">Kiko Hern\u00e1ndez manda todo apoyo a su marido.<\/p>\n<p>                    instagram.com\/kikohernandeztv<\/p>\n<p data-gtm-element-container=\"modulo-texto-link\" class=\"paragraph\">\u201cAs\u00ed se terminan las huelgas de hambre aqu\u00ed. Te dan una paliza y al hospital. As\u00ed no molestas\u201d, explicaba, horas despu\u00e9s, mostrando el parte m\u00e9dico. En el documento se puede leer c\u00f3mo ha sido v\u00edctima de una agresi\u00f3n con manos y piernas a base de pu\u00f1etazos y patadas \u201cpor un desconocido en la v\u00eda p\u00fablica\u201d. Adem\u00e1s, Kiko Hern\u00e1ndez sufri\u00f3 un traumatismo craneoencef\u00e1lico leve tras ser empujado contra una pared en ese mismo episodio violento. Los hechos han sido denunciados.<\/p>\n<p data-gtm-element-container=\"modulo-texto-link\" class=\"paragraph\">Seg\u00fan el colaborador, su agresor es una persona muy conocida en Melilla y con \u201cv\u00ednculos muy fuertes con un partido de esta ciudad\u201d. Adem\u00e1s, ha contado su versi\u00f3n de los hechos, asegurando que su agresor lleg\u00f3 el pasado viernes de madrugada con <a href=\"https:\/\/www.lavanguardia.com\/television\/programacion-tv\/cuatro\" target=\"_blank\" rel=\"noopener noreferrer nofollow\">cuatro<\/a> personas m\u00e1s, con objeto de parar la huelga de hambre de Kiko y su marido.<\/p>\n<p>Fran Ant\u00f3n: \u201cSe acab\u00f3 la huelga de hambre. El atentado contra una empleada nuestra no tiene sentido\u201d<\/p>\n<p data-gtm-element-container=\"modulo-texto-link\" class=\"paragraph\">\u201cSe dedica en elecciones a vender votos por correo de un partido pol\u00edtico. Ese es su oficio\u201d, le acusa Kiko Hern\u00e1ndez. \u201cAhora que digan que no hemos estado en huelga una semana aguantando todo esto. No caben m\u00e1s tontos en Espa\u00f1a\u201d, ha a\u00f1adido.<\/p>\n<p data-gtm-element-container=\"modulo-texto-link\" class=\"paragraph\">El colaborador insiste en que incluso tuvo que proteger a su empleada de 60 a\u00f1os por estos agresores, temiendo que acabaran presuntamente con la vida de ella. Por suerte, todo qued\u00f3 en un susto. \u201cMenos mal y gracias a la Guardia Civil\u201d, conclu\u00eda en la red social.<\/p>\n<p>                <img loading=\"lazy\" decoding=\"async\" data-full-src=\"https:\/\/www.lavanguardia.com\/uploads\/2023\/10\/23\/65362950567a4.jpeg\" alt=\"Fran Ant\u00f3n y Kiko Hern\u00e1ndez ser\u00e1n protagonistas de un proyecto muy especial.\" width=\"449\" height=\"492\" src=\"https:\/\/www.europesays.com\/es\/wp-content\/uploads\/2025\/12\/65362950567a4.jpeg\" class=\"lazy\"\/><\/p>\n<p class=\"caption-title \">Kiko Hern\u00e1ndez termin\u00f3 en el hospital tras la presunta agresi\u00f3n.<\/p>\n<p>                    Terceros<\/p>\n<p data-gtm-element-container=\"modulo-texto-link\" class=\"paragraph\">Kiko Hern\u00e1ndez ha vuelto al trabajo en Madrid, despu\u00e9s de emitir un comunicado en el que se constata que todo est\u00e1 en orden respecto a la terraza bar de la que est\u00e1n al frente desde hace un a\u00f1o en Melilla.<\/p>\n<p data-gtm-element-container=\"modulo-texto-link\" class=\"paragraph\">\u201cEl espacio El Cielo desarrolla su actividad con plena cobertura legal y administrativa, tal y como queda acreditado en la documentaci\u00f3n presentada ante las autoridades competentes y en las informaciones publicadas recientemente en medios de comunicaci\u00f3n locales\u201d.<\/p>\n<p>                <img loading=\"lazy\" decoding=\"async\" data-full-src=\"https:\/\/www.lavanguardia.com\/uploads\/2025\/12\/16\/6941310592751.jpeg\" alt=\"Kiko Hern\u00e1ndez y Fran Ant\u00f3n emiten un comunicado de prensa conjunto.\" width=\"449\" height=\"721\" src=\"https:\/\/www.europesays.com\/es\/wp-content\/uploads\/2025\/12\/6941310592751.jpeg\" class=\"lazy\"\/><\/p>\n<p class=\"caption-title \">Kiko Hern\u00e1ndez y Fran Ant\u00f3n emiten un comunicado de prensa conjunto.<\/p>\n<p>                    instagram.com\/kikohernandeztv<\/p>\n<p data-gtm-element-container=\"modulo-texto-link\" class=\"paragraph\">Como se\u00f1ala el documento, \u201ctodos los documentos exigidos obran en poder de las administraciones correspondientes y han sido aportados conforme a la legislaci\u00f3n vigente\u201d. Por \u00faltimo, celebran poder continuar con su actividad con normalidad, tras la pol\u00e9mica, a trav\u00e9s de una l\u00ednea de gesti\u00f3n que est\u00e1 basada en \u201cla transparencia, el rigor administrativo, el respeto institucional\u201d.\u00a0<\/p>\n<p><script async src=\"\/\/www.instagram.com\/embed.js\"><\/script><\/p>\n","protected":false},"excerpt":{"rendered":"\u201cEl Cielo acredita su legalidad y respalda su actividad con documentaci\u00f3n oficial\u201d. As\u00ed de tajante afirmaba Kiko Hern\u00e1ndez&hellip;\n","protected":false},"author":2,"featured_media":291113,"comment_status":"","ping_status":"","sticky":false,"template":"","format":"standard","meta":{"footnotes":""},"categories":[174],"tags":[255,146,147,25,24,256,23],"class_list":{"0":"post-291112","1":"post","2":"type-post","3":"status-publish","4":"format-standard","5":"has-post-thumbnail","7":"category-famosos","8":"tag-celebrities","9":"tag-entertainment","10":"tag-entretenimiento","11":"tag-es","12":"tag-espana","13":"tag-famosos","14":"tag-spain"},"share_on_mastodon":{"url":"https:\/\/pubeurope.com\/@es\/115729115894470945","error":""},"_links":{"self":[{"href":"https:\/\/www.europesays.com\/es\/wp-json\/wp\/v2\/posts\/291112","targetHints":{"allow":["GET"]}}],"collection":[{"href":"https:\/\/www.europesays.com\/es\/wp-json\/wp\/v2\/posts"}],"about":[{"href":"https:\/\/www.europesays.com\/es\/wp-json\/wp\/v2\/types\/post"}],"author":[{"embeddable":true,"href":"https:\/\/www.europesays.com\/es\/wp-json\/wp\/v2\/users\/2"}],"replies":[{"embeddable":true,"href":"https:\/\/www.europesays.com\/es\/wp-json\/wp\/v2\/comments?post=291112"}],"version-history":[{"count":0,"href":"https:\/\/www.europesays.com\/es\/wp-json\/wp\/v2\/posts\/291112\/revisions"}],"wp:featuredmedia":[{"embeddable":true,"href":"https:\/\/www.europesays.com\/es\/wp-json\/wp\/v2\/media\/291113"}],"wp:attachment":[{"href":"https:\/\/www.europesays.com\/es\/wp-json\/wp\/v2\/media?parent=291112"}],"wp:term":[{"taxonomy":"category","embeddable":true,"href":"https:\/\/www.europesays.com\/es\/wp-json\/wp\/v2\/categories?post=291112"},{"taxonomy":"post_tag","embeddable":true,"href":"https:\/\/www.europesays.com\/es\/wp-json\/wp\/v2\/tags?post=291112"}],"curies":[{"name":"wp","href":"https:\/\/api.w.org\/{rel}","templated":true}]}}