{"id":291118,"date":"2025-12-16T11:58:12","date_gmt":"2025-12-16T11:58:12","guid":{"rendered":"https:\/\/www.europesays.com\/es\/291118\/"},"modified":"2025-12-16T11:58:12","modified_gmt":"2025-12-16T11:58:12","slug":"yo-queria-ser-lady-gaga-de-pequena","status":"publish","type":"post","link":"https:\/\/www.europesays.com\/es\/291118\/","title":{"rendered":"Yo quer\u00eda ser Lady Gaga de peque\u00f1a"},"content":{"rendered":"<p class=\"paragraph-atom&#10;        &#10;        B-510-400-550-N B-525-400-700-N--md&#10;        &#10;        \">\n    <strong>Lara Blanco, conocida art\u00edsticamente como <\/strong><a href=\"https:\/\/www.diariodecadiz.es\/cadizfornia\/judeline-cautiva-duende-publico-concert_0_2004474342.html\" target=\"_blank\" rel=\"nofollow noopener\">Judeline<\/a>, ha cumplido un sue\u00f1o para ella y es que acaba de <strong>protagonizar su primera portada de la revista Vogue<\/strong>. Este tipo de hitos suelen marcar un antes y un despu\u00e9s en la carrera de los artistas, as\u00ed sucedi\u00f3 con Amaia, Bad Gyal, Aitana o Rosal\u00eda. A sus<strong> 22 a\u00f1os, esta gaditana nacida en Jerez de la Frontera y criada en Barbate<\/strong>, se convierte en la nueva artista andaluza en protagonizar esta portada ic\u00f3nica.\n    <\/p>\n<p class=\"paragraph-atom&#10;        &#10;        B-510-400-550-N B-525-400-700-N--md&#10;        &#10;        \">\n    Tras siete a\u00f1os de comenzar su carrera musical, Judeline aparece en Vogue en un momento especialmente importante para ella. La artista ya ha actuado en <strong>festivales internacionales como <\/strong><a href=\"https:\/\/www.diariodecadiz.es\/cadiz\/gaditana-judeline-conquista-coachella-2025_0_2003731473.html\" target=\"_blank\" rel=\"nofollow noopener\">Coachella<\/a>, ha firmado <strong>colaboraciones con nombres globales como Sega Bodega<\/strong> y se ha convertido en una habitual del front row de desfiles de moda fuera de Espa\u00f1a. Vogue la consagra ahora como <strong>icono pop y de estilo<\/strong>, algo que ven\u00eda gest\u00e1ndose de forma natural gracias a una propuesta art\u00edstica personal y reconocible.\n    <\/p>\n<p>                                                            <img decoding=\"async\" loading=\"lazy\" src=\"https:\/\/www.europesays.com\/es\/wp-content\/uploads\/2025\/12\/ac7b0aa5-4328-41ee-85fa-85612d8849bc_source-aspect-ratio_1600w_0.jpg\" alt=\"Judeline en la portada de enero 2026 de Vogue Espa\u00f1a\" title=\"Judeline en la portada de enero 2026 de Vogue Espa\u00f1a\" height=\"2600\" width=\"1916\"\/><\/p>\n<p>            Judeline en la portada de enero 2026 de Vogue Espa\u00f1a<br \/>\n                    \/ Kate Bellm<\/p>\n<p>        Un reportaje on\u00edrico en Mallorca<\/p>\n<p class=\"paragraph-atom&#10;        &#10;        B-510-400-550-N B-525-400-700-N--md&#10;        &#10;        \">\n    El reportaje, de est\u00e9tica on\u00edrica, ha sido realizado en <strong>diversas localizaciones de Mallorca<\/strong> y fotografiado por la brit\u00e1nica <strong>Kate Bellm<\/strong>, gran conocedora de la isla y alma del Hotel Coraz\u00f3n. A las im\u00e1genes se suma una entrevista en profundidad en la que Judeline se muestra reflexiva y honesta, inmersa en pleno proceso creativo y acompa\u00f1ada, de forma muy presente, por su madre, <strong>Nuria Castrelo<\/strong>, figura clave en su evoluci\u00f3n personal y art\u00edstica.\n    <\/p>\n<p>        Judeline habla de las dificultades en el mundo de la m\u00fasica<\/p>\n<p class=\"paragraph-atom&#10;        &#10;        B-510-400-550-N B-525-400-700-N--md&#10;        &#10;        \">\n    La artista gaditana se sincera durante la entrevista acerca de lo que supone hacer m\u00fasica y cu\u00e1les son las <strong>dificultades reales de la propia industria musical<\/strong>. \u00abCon Bodhiria, he descubierto lo duro que es hacer un disco. La de cosas que no son m\u00fasica que una tiene que hacer: hablar de dinero, algo que siempre me ha resultado inc\u00f3modo; tener cuidado con tus contratos o tener muy presente la forma de comunicar el proyecto\u2026Aunque <strong>hubo un momento en el que odiaba el disco<\/strong>. Te lo digo de verdad. No lo pod\u00eda soportar\u00bb, afirma la joven.\n    <\/p>\n<p class=\"paragraph-atom&#10;        &#10;        B-510-400-550-N B-525-400-700-N--md&#10;        &#10;        \">\n    Una vez finalizado el proyecto ha podido ver las cosas con perspectiva y le ha permitido <strong>reconectar con el \u00e1lbum y sentirse orgullosa del resultado<\/strong> aunque admite que \u00abel camino fue jodido\u00bb.\n    <\/p>\n<p>        Reflexiones acerca del \u00e9xito<\/p>\n<p class=\"paragraph-atom&#10;        &#10;        B-510-400-550-N B-525-400-700-N--md&#10;        &#10;        \">\n    Uno de los ejes principales de la entrevista es la reflexi\u00f3n que hace la cantante acerca del \u00e9xito. Judeline admite que creci\u00f3 con un modelo determinado de lo que supon\u00eda tener \u00e9xito para una mujer en la industria y en su imaginario estaba la estrelad del pop. <strong>\u00abYo quer\u00eda ser Lady Gaga de peque\u00f1a. <\/strong>Me mor\u00eda con Katy Perry o con Avril Lavigne. A la mujer siempre le dicen que la \u00fanica forma v\u00e1lida de triunfar es esta cosa de estrella del pop, pero hay much\u00edsimas otras maneras de hacerlo\u00bb.\n    <\/p>\n<p class=\"paragraph-atom&#10;        &#10;        B-510-400-550-N B-525-400-700-N--md&#10;        &#10;        \">\n    El camino que ella ha experimentado le ha dado la oportunidad de entender que <strong>esta manera no era la \u00fanica de definir como \u00e9xito la carrera que estaba desarrollando<\/strong>. \u00abEl saber que yo tambi\u00e9n puedo valer para muchos tipos de \u00e9xito distintos\u00bb, afirma la joven.\n    <\/p>\n<p class=\"paragraph-atom&#10;        &#10;        B-510-400-550-N B-525-400-700-N--md&#10;        &#10;        \">\n    La cantante cuestiona<strong> la presi\u00f3n constante por ir siempre \u00aba m\u00e1s\u00bb<\/strong> y deja la puerta abierta a formatos m\u00e1s \u00edntimos, incluso a un disco de folk o a un enfoque m\u00e1s narrativo. Para ella, el verdadero valor del <strong>\u00e9xito est\u00e1 en la versatilidad<\/strong>, no en la escala ni en la expectativa externa.\n    <\/p>\n<p>        Sexualidad, moda y una identidad sin filtros<\/p>\n<p class=\"paragraph-atom&#10;        &#10;        B-510-400-550-N B-525-400-700-N--md&#10;        &#10;        \">\n    Judeline tambi\u00e9n habla sin tapujos sobre la <strong>sexualidad<\/strong>, un tema central en su \u00faltimo EP, VERANO SAUDADE, que utiliza como v\u00eda de expresi\u00f3n art\u00edstica. Tambi\u00e9n se detiene en su relaci\u00f3n con la moda, que define como un aprendizaje ligado a su llegada a Madrid: compra habitualmente en <strong>Vinted<\/strong> y confiesa su debilidad por piezas noventeras de Dolce &amp; Gabbana.\n    <\/p>\n<p>        \u00bfCu\u00e1l es el origen de su nombre art\u00edstico?<\/p>\n<p class=\"paragraph-atom&#10;        &#10;        B-510-400-550-N B-525-400-700-N--md&#10;        &#10;        \">\n    La inspiraci\u00f3n para obtener <strong>Judeline como su nombre art\u00edstico es gracias a una referencia musical de su infancia<\/strong>, as\u00ed lo explic\u00f3 su madre, Nuria Castrelo. \u00abComo su padre es m\u00fasico, siempre procuraba cuidarle mucho el o\u00eddo y le pon\u00eda en bucle a <strong>Los Beatles<\/strong> <strong>[el nombre art\u00edstico de Judeline tiene origen en la canci\u00f3n Hey Jude]<\/strong>. De hecho, <strong>su primer tema, Peque\u00f1o Lucero, lo hizo con unos siete a\u00f1os, <\/strong>y est\u00e1 dedicado a un perro suyo que se perdi\u00f3 y al que nunca encontramos. Muy lindo\u00bb, comenta la madre de la artista.\n    <\/p>\n","protected":false},"excerpt":{"rendered":"Lara Blanco, conocida art\u00edsticamente como Judeline, ha cumplido un sue\u00f1o para ella y es que acaba de protagonizar&hellip;\n","protected":false},"author":2,"featured_media":291119,"comment_status":"","ping_status":"","sticky":false,"template":"","format":"standard","meta":{"footnotes":""},"categories":[170],"tags":[4328,146,147,25,24,21719,4640,4639,184,185,8127,338,27714,1738,8643,23,32810],"class_list":{"0":"post-291118","1":"post","2":"type-post","3":"status-publish","4":"format-standard","5":"has-post-thumbnail","7":"category-musica","8":"tag-cantante","9":"tag-entertainment","10":"tag-entretenimiento","11":"tag-es","12":"tag-espana","13":"tag-gaditana","14":"tag-gaga","15":"tag-lady","16":"tag-music","17":"tag-musica","18":"tag-pequena","19":"tag-portada","20":"tag-queria","21":"tag-revista","22":"tag-ser","23":"tag-spain","24":"tag-vogue"},"share_on_mastodon":{"url":"https:\/\/pubeurope.com\/@es\/115729131471359152","error":""},"_links":{"self":[{"href":"https:\/\/www.europesays.com\/es\/wp-json\/wp\/v2\/posts\/291118","targetHints":{"allow":["GET"]}}],"collection":[{"href":"https:\/\/www.europesays.com\/es\/wp-json\/wp\/v2\/posts"}],"about":[{"href":"https:\/\/www.europesays.com\/es\/wp-json\/wp\/v2\/types\/post"}],"author":[{"embeddable":true,"href":"https:\/\/www.europesays.com\/es\/wp-json\/wp\/v2\/users\/2"}],"replies":[{"embeddable":true,"href":"https:\/\/www.europesays.com\/es\/wp-json\/wp\/v2\/comments?post=291118"}],"version-history":[{"count":0,"href":"https:\/\/www.europesays.com\/es\/wp-json\/wp\/v2\/posts\/291118\/revisions"}],"wp:featuredmedia":[{"embeddable":true,"href":"https:\/\/www.europesays.com\/es\/wp-json\/wp\/v2\/media\/291119"}],"wp:attachment":[{"href":"https:\/\/www.europesays.com\/es\/wp-json\/wp\/v2\/media?parent=291118"}],"wp:term":[{"taxonomy":"category","embeddable":true,"href":"https:\/\/www.europesays.com\/es\/wp-json\/wp\/v2\/categories?post=291118"},{"taxonomy":"post_tag","embeddable":true,"href":"https:\/\/www.europesays.com\/es\/wp-json\/wp\/v2\/tags?post=291118"}],"curies":[{"name":"wp","href":"https:\/\/api.w.org\/{rel}","templated":true}]}}