{"id":291128,"date":"2025-12-16T12:03:08","date_gmt":"2025-12-16T12:03:08","guid":{"rendered":"https:\/\/www.europesays.com\/es\/291128\/"},"modified":"2025-12-16T12:03:08","modified_gmt":"2025-12-16T12:03:08","slug":"el-cometa-interestelar-3i-atlas-alcanza-este-viernes-su-punto-mas-cercano-a-la-tierra-las-claves","status":"publish","type":"post","link":"https:\/\/www.europesays.com\/es\/291128\/","title":{"rendered":"El cometa interestelar 3I\/ATLAS alcanza este viernes su punto m\u00e1s cercano a la Tierra, las claves"},"content":{"rendered":"<p>\n         Publicado<br \/>\n            16\/12\/2025 &#8211; 11:48 CET\n            <\/p>\n<p>El cometa interestelar 3I\/ATLAS, que ha capturado la imaginaci\u00f3n en todo el mundo, har\u00e1 su m\u00e1ximo acercamiento a la Tierra el viernes, 19 de diciembre, y ofrecer\u00e1 a los astr\u00f3nomos una breve ventana para observar a este raro visitante procedente de otra galaxia.<\/p>\n<p>El tercer objeto interestelar confirmado que se ha registrado, 3I\/ATLAS no se acercar\u00e1 a menos de 269 millones de kil\u00f3metros de la Tierra, casi el doble de la distancia media entre la Tierra y el Sol, seg\u00fan la Agencia Espacial Europea (ESA).<\/p>\n<p>Los cient\u00edficos aseguran que no supone ning\u00fan peligro para la Tierra ni para otros planetas al atravesar el interior del sistema solar.<\/p>\n<p>Detectado por primera vez el uno de julio por el telescopio del sistema Asteroid Terrestrial-impact Last Alert System (ATLAS) en R\u00edo Hurtado, Chile, las caracter\u00edsticas y la trayectoria inusuales del cometa han desatado furor en internet y han dado pie a varias teor\u00edas, incluida la de que <a href=\"https:\/\/www.euronews.com\/next\/2025\/11\/03\/was-3iatlas-sent-by-aliens-why-the-comet-from-another-world-continues-to-baffle\" rel=\"nofollow noopener\" target=\"_blank\"><strong>fue enviado por extraterrestres<\/strong><\/a>.<\/p>\n<p>\u00bfQu\u00e9 esperan observar los astr\u00f3nomos?<\/p>\n<p>Los cometas interestelares son extremadamente raros, aut\u00e9nticos forasteros de nuestra galaxia que guardan pistas sobre c\u00f3mo se forman los mundos mucho m\u00e1s all\u00e1 de los confines de nuestro sistema solar.<\/p>\n<p>Observar uno de estos objetos desde tan cerca es una oportunidad excepcional para estudiar su coma, el halo luminoso de gas y polvo que se desprende cuando el cometa se calienta por el Sol.<\/p>\n<p>Esto puede aportar nueva informaci\u00f3n sobre c\u00f3mo se forman los cometas y los planetas alrededor de otras estrellas del universo.<\/p>\n<p>Los cient\u00edficos ya han obtenido im\u00e1genes sin precedentes de 3I\/ATLAS con telescopios terrestres, incluido el telescopio de rayos X XMM-Newton de la ESA.<\/p>\n<p>Las primeras im\u00e1genes de un cometa interestelar observadas en luz de rayos X revelaron un resplandor difuso de rayos X alrededor del n\u00facleo del cometa, lo que despeja un misterio que se arrastraba desde hace a\u00f1os acerca de si los cometas interestelares brillan en rayos X como los de nuestro propio sistema solar.<\/p>\n<p>\u00bfC\u00f3mo seguir el paso de 3I\/ATLAS por la Tierra?<\/p>\n<p>Para los aficionados, por desgracia, la trayectoria de 3I\/ATLAS sigue estando demasiado lejos de la Tierra para verlo a simple vista.<\/p>\n<p>La buena noticia es que en su punto m\u00e1s cercano se podr\u00e1 ver en el cielo antes del amanecer, incluso con un telescopio peque\u00f1o. Seg\u00fan la NASA, seguir\u00e1 siendo observable hasta la primavera de 2026 y se parecer\u00e1 a una estrella algo m\u00e1s brillante.<\/p>\n<p>Puede consultar la posici\u00f3n exacta de 3I\/ATLAS en tiempo real en el <a href=\"https:\/\/neotools.neo.s2p.esa.int\/ovt\" target=\"_blank\" rel=\"noreferrer nofollow noopener\"><strong>mapa interactivo de la ESA<\/strong><\/a>.<\/p>\n<p>Tambi\u00e9n puede seguir la aproximaci\u00f3n de 3I\/ATLAS en l\u00ednea en una<a href=\"https:\/\/www.youtube.com\/watch?v=ficGuvPxV0s\" target=\"_blank\" rel=\"noreferrer nofollow noopener\"> <strong>retransmisi\u00f3n gratuita<\/strong><\/a> organizada por el Virtual Telescope Project. Si el tiempo lo permite, el directo empezar\u00e1 a las 05:00 CET (04:00 UTC) el 19 de diciembre.<\/p>\n","protected":false},"excerpt":{"rendered":"Publicado 16\/12\/2025 &#8211; 11:48 CET El cometa interestelar 3I\/ATLAS, que ha capturado la imaginaci\u00f3n en todo el mundo,&hellip;\n","protected":false},"author":2,"featured_media":291129,"comment_status":"","ping_status":"","sticky":false,"template":"","format":"standard","meta":{"footnotes":""},"categories":[81],"tags":[49141,119,123,124,25,24,58069,642,117,121,122,23,118,120],"class_list":{"0":"post-291128","1":"post","2":"type-post","3":"status-publish","4":"format-standard","5":"has-post-thumbnail","7":"category-ciencia-y-tecnologia","8":"tag-agencia-espacial-europea","9":"tag-ciencia","10":"tag-ciencia-y-tecnologia","11":"tag-cienciaytecnologia","12":"tag-es","13":"tag-espana","14":"tag-investigacion-espacial","15":"tag-nasa","16":"tag-science","17":"tag-science-and-technology","18":"tag-scienceandtechnology","19":"tag-spain","20":"tag-technology","21":"tag-tecnologia"},"share_on_mastodon":{"url":"","error":""},"_links":{"self":[{"href":"https:\/\/www.europesays.com\/es\/wp-json\/wp\/v2\/posts\/291128","targetHints":{"allow":["GET"]}}],"collection":[{"href":"https:\/\/www.europesays.com\/es\/wp-json\/wp\/v2\/posts"}],"about":[{"href":"https:\/\/www.europesays.com\/es\/wp-json\/wp\/v2\/types\/post"}],"author":[{"embeddable":true,"href":"https:\/\/www.europesays.com\/es\/wp-json\/wp\/v2\/users\/2"}],"replies":[{"embeddable":true,"href":"https:\/\/www.europesays.com\/es\/wp-json\/wp\/v2\/comments?post=291128"}],"version-history":[{"count":0,"href":"https:\/\/www.europesays.com\/es\/wp-json\/wp\/v2\/posts\/291128\/revisions"}],"wp:featuredmedia":[{"embeddable":true,"href":"https:\/\/www.europesays.com\/es\/wp-json\/wp\/v2\/media\/291129"}],"wp:attachment":[{"href":"https:\/\/www.europesays.com\/es\/wp-json\/wp\/v2\/media?parent=291128"}],"wp:term":[{"taxonomy":"category","embeddable":true,"href":"https:\/\/www.europesays.com\/es\/wp-json\/wp\/v2\/categories?post=291128"},{"taxonomy":"post_tag","embeddable":true,"href":"https:\/\/www.europesays.com\/es\/wp-json\/wp\/v2\/tags?post=291128"}],"curies":[{"name":"wp","href":"https:\/\/api.w.org\/{rel}","templated":true}]}}