{"id":291132,"date":"2025-12-16T12:05:19","date_gmt":"2025-12-16T12:05:19","guid":{"rendered":"https:\/\/www.europesays.com\/es\/291132\/"},"modified":"2025-12-16T12:05:19","modified_gmt":"2025-12-16T12:05:19","slug":"la-revista-cabiria-rinde-homenaje-a-luis-bunuel-en-su-edicion-numero-19","status":"publish","type":"post","link":"https:\/\/www.europesays.com\/es\/291132\/","title":{"rendered":"La revista Cabiria rinde homenaje a Luis Bu\u00f1uel en su edici\u00f3n n\u00famero 19"},"content":{"rendered":"<p>\t\t\t\t\t<a href=\"https:\/\/www.dpteruel.es\/DPTweb\/wp-content\/uploads\/2025\/12\/cabiria-19-1.jpeg\" rel=\"nofollow noopener\" target=\"_blank\"><img fetchpriority=\"high\" decoding=\"async\" aria-describedby=\"caption-attachment-50662\" class=\"size-medium wp-image-50662\" src=\"https:\/\/www.europesays.com\/es\/wp-content\/uploads\/2025\/12\/cabiria-19-1-300x225.jpeg\" alt=\"\" width=\"300\" height=\"225\"\/><\/a><\/p>\n<p id=\"caption-attachment-50662\" class=\"wp-caption-text\">De derecha a izquierda, Beatriz Mart\u00edn, Gonzalo Mont\u00f3n, Inmaculada Plaza y Nacho Navarro.<\/p>\n<p align=\"justify\">La revista Cabiria, publicaci\u00f3n anual del Cine Maravillas de Teruel patrocinada desde 2020 por el Instituto de Estudios Turolenses (IET) de la Diputaci\u00f3n de Teruel, llega a su n\u00famero 19 en 2025 y dedica buena parte de sus p\u00e1ginas a rendir homenaje al cineasta universal nacido en Calanda, Luis Bu\u00f1uel, en el 125 aniversario de su nacimiento. Por ello, adem\u00e1s de las secciones habituales, este n\u00famero recoge una amplia selecci\u00f3n de art\u00edculos escritos por diversas personalidades del \u00e1mbito cinematogr\u00e1fico y audiovisual acerca de su obra y figura.<\/p>\n<p align=\"justify\">La presentaci\u00f3n de la edici\u00f3n de este a\u00f1o tendr\u00e1 lugar el pr\u00f3ximo jueves, 18 de diciembre, a las 19 horas en el Cine Maravillas. Sin embargo, su director, Gonzalo Mont\u00f3n, ha adelantado su contenido en rueda de prensa ofrecida en la Diputaci\u00f3n Provincial de Teruel, acompa\u00f1ado por la vicepresidenta de la instituci\u00f3n y delegada del IET, Beatriz Mart\u00edn, la directora del instituto, Inmaculada Plaza y Nacho Navarro, gerente del Cine Maravillas y tambi\u00e9n colaborador de la publicaci\u00f3n.<\/p>\n<p align=\"justify\">La revista, cuya misi\u00f3n es profundizar en el s\u00e9ptimo arte y difundir la cultura de Teruel, recoge en este n\u00famero diversos testimonios que explican de forma amena y cercana la conexi\u00f3n o la deuda que mantienen con el cineasta turolense y su cine. En la secci\u00f3n \u2018Bu\u00f1uel yo. Homenaje a Luis Bu\u00f1uel\u2019 encontramos la firma de escritores, cr\u00edticos de cine y periodistas, pero tambi\u00e9n de directores de cine, realizadores de audiovisuales, profesores y estudiantes de comunicaci\u00f3n audiovisual, responsables y colaboradores del proyecto Desaf\u00edo Bu\u00f1uel, periodistas, el cantautor \u00c1ngel Petisme o el gerente del Cine Maravillas y editor de Cabiria Nacho Navarro. Una amalgama de puntos de vista que nos acercan a la figura de Bu\u00f1uel, uno de los directores m\u00e1s influyentes del siglo pasado.<\/p>\n<p align=\"justify\">\u00abEstamos muy contentos, como supongo que estar\u00e1n los que intervienen, casi 50 colaboradores, de diferentes secciones, entre textos e ilustraciones. Hemos pensado dedicarle a Luis Bu\u00f1uel un homenaje por el 125 aniversario de su nacimiento, estuvimos hablando con diversas personas que admiraran y fueran apasionados de Bu\u00f1uel. Ha quedado un homenaje muy lindo y cari\u00f1oso, con unos textos breves que denotaran o expresaran la admiraci\u00f3n que sienten por Bu\u00f1uel, bajo el t\u00edtulo Bu\u00f1uel y yo, no s\u00f3lo es hablar de Bue\u00f1uel sino de la relaci\u00f3n que ellos tienen con su figura, emocional y sentimental\u201d ha explicado <strong>Gonzalo Mont\u00f3n.<\/strong><\/p>\n<p align=\"justify\">Por su parte, <strong>Nacho Navarro<\/strong> ha resumido la trayectoria de Cabiria: \u201cLa revista ha avanzado en estos 19 n\u00fameros, y me siento muy contento porque toda esta revista, con casi 50 colaboradores, quiz\u00e1 sea un poco la consecuencia de ese trabajo que se ha ido llevando y de mantenerlo, porque ha habido a\u00f1os muy duros y al final gracias al IET que nos permite el poder publicarla en papel es muy importante, aunque luego est\u00e9 subida en internet y se pueda descargar, pero que exista una copia en papel, lo que es el amor al libro, yo creo que es muy importante\u201d.<\/p>\n<p align=\"justify\">Desde el IET y la DPT destacan la proyecci\u00f3n alcanzada por la revista, llegando a pa\u00edses como Francia, Italia, Cuba, M\u00e9xico y Estados Unidos, especialmente a trav\u00e9s de festivales internacionales. <strong>\u200bBeatriz Mart\u00edn<\/strong> se ha mostrado orgullosa de las figuras referentes de la provincia de Teruel, \u201ccomo lo es el cineasta universal, rompedor, sorprendente, creador de escuela, autor cuya aportaci\u00f3n al bagaje cultural del s\u00e9ptimo arte es indiscutible, Luis Bu\u00f1uel. Donde adem\u00e1s, sus ra\u00edces turolenses y la influencia de la provincia, se plasman en distintos elementos propios de su filmograf\u00eda, que podemos reconocer y que nos gusta se\u00f1alar con orgullo turolense: lo es el sonido del tambor del Bajo Arag\u00f3n, quiz\u00e1 el m\u00e1s conocido, pero tambi\u00e9n algunas de nuestras tradiciones, del paisaje o de la cultura rural\u201d.<\/p>\n<blockquote>\n<p align=\"justify\">\u00abEstamos seguras de que la revista Cabiria es el lugar id\u00f3neo para recoger todas estas palabras sobre Bu\u00f1uel con ra\u00edces en la provincia, fruto del empe\u00f1o y el talento de muchos turolenses, y tambi\u00e9n otros colaboradores, y con la proyecci\u00f3n que merece el trabajo bien hecho, que es el que atesora la revista en cuanto a difusi\u00f3n cultural\u201d ha resaltado Mart\u00edn.<\/p>\n<\/blockquote>\n<p align=\"justify\"><strong>Inmaculada Plaza<\/strong> ha a\u00f1adido que el IET quer\u00eda \u00abponer en valor esta divulgaci\u00f3n del s\u00e9ptimo arte de la mano de Gonzalo y Nacho que cada a\u00f1o nos van deleitando y permiti\u00e9ndonos descubrir y aprender nuevas cosas sobre el cine. Tambi\u00e9n desatacar de la revista la apuesta por ese formato mixto, que en internet se puede descargar gratuitamente, con lo que podemos llegar a cualquier persona de cualquier parte del planeta, pero hemos mantenido el formato de papel que a determinado p\u00fablico m\u00e1s tradicional nos gusta y lo vamos a disfrutar. Como IET de este n\u00famero podr\u00edamos destacar bastantes cosas que nos motivan, pero por decir una, destacar el descubrimiento que nos permite realizar de la realidad turolense a trav\u00e9s de la secci\u00f3n de los cines turolenses de anta\u00f1o o descubriendo an\u00e9cdotas que van a sorprender\u201d.<\/p>\n<p>Otras secciones<br \/>\n<a href=\"https:\/\/www.dpteruel.es\/DPTweb\/wp-content\/uploads\/2025\/12\/cabiria-19-2.jpeg\" rel=\"nofollow noopener\" target=\"_blank\"><img loading=\"lazy\" decoding=\"async\" aria-describedby=\"caption-attachment-50663\" class=\"size-medium wp-image-50663\" src=\"https:\/\/www.europesays.com\/es\/wp-content\/uploads\/2025\/12\/cabiria-19-2-300x225.jpeg\" alt=\"\" width=\"300\" height=\"225\"\/><\/a><\/p>\n<p id=\"caption-attachment-50663\" class=\"wp-caption-text\">Presentaci\u00f3n de la publicaci\u00f3n.<\/p>\n<p align=\"justify\">Este nuevo n\u00famero de la publicaci\u00f3n tiene otras secciones con las que podemos conocer la historia y curiosidades de salas de cine de distintas poblaciones turolenses, como \u2018Las salas de cine de Calanda\u2019, firmado por V\u00edctor Mart\u00edn Aldea Gracia, escritor, fot\u00f3grafo y colaborador en distintas publicaciones; \u2018El Cine Victoria de Teruel\u2019, de Jos\u00e9 Seraf\u00edn Aldecoa Calvo, profesor y autor de numerosos trabajos de car\u00e1cter hist\u00f3rico; o \u2018El cine de Urrea de Ga\u00e9n\u2019, de la mano de \u00c1ngel Gonzalvo Vallesp\u00ed, estudioso de cine, profesor y autor de guiones, y Jes\u00fas Tena P\u00e9rez, colaborador de Festifal y autor.<\/p>\n<p align=\"justify\">Carlos Gurpegui Vidal, miembro asociado de la Academia de las Artes y las Ciencias Cinematogr\u00e1ficas de Espa\u00f1a con casi cuarenta a\u00f1os como educomunicador, y experto en dise\u00f1o de estrategias de comunicaci\u00f3n audiovisual y alfabetizaci\u00f3n digital, entrevista a la periodista Carmen Marta-Lazo, primera catedr\u00e1tica de Periodismo de la Universidad de Zaragoza y vicerrectora de Comunicaci\u00f3n e Identidad Institucional.<\/p>\n<p align=\"justify\">Cabiria cuenta con la colaboraci\u00f3n de la cineasta, documentalista, productora y gestora cultural, Vicky Calavia, quien dedica unas p\u00e1ginas a \u2018Emilio Casanova, escultor de sue\u00f1os\u2019. Elena G\u00f3mez Mart\u00ednez, podcaster y escritora, escribe \u2018Del monstruo al mito: actores que reinventaron la criatura\u2019. El profesor, historiador y periodista, Clemente de Pablos Miguel, se adentra en \u2018Bohemian Rhapsody: El cine como inspiraci\u00f3n de la canci\u00f3n m\u00e1s barroca de Queen\u2019, \u2018Bob Esponja\u2019 y \u2018La Comedia del Arte\u2019.<\/p>\n<p align=\"justify\">Sobre \u2018Bu\u00f1uel en Hollywood. Conocimiento, aprendizaje y estrecheces en la Meca del cine Pintor y escultor de origen turolense\u2019 escribe Javier Hern\u00e1ndez-Gracia, comunicador, historiador del Arte y amante del cine, especialista en la historia del cine musical espa\u00f1ol. Francisco L\u00e1zaro Polo, profesor e investigador, dedica unas l\u00edneas a \u2018Hemingway, el puente de Albarrac\u00edn y la novela\/ pel\u00edcula \u2018Por qui\u00e9n doblan las campanas\u2019.<\/p>\n<p align=\"justify\">Por su parte, Pablo P\u00e9rez Rubio, cr\u00edtico cinematogr\u00e1fico, autor y escritor sobre el cine, participa con el art\u00edculo \u2018Ni Arcadia ni Puerto Hurraco: el retorno a lo rural del cine espa\u00f1ol. El caso de Teruel\u2019. Tambi\u00e9n se suma a este n\u00famero Juan Villalba Sebasti\u00e1n, que escribe sobre \u2018Marilyn Monroe, Bu\u00f1uel, Goya y \u2018El \u00e1ngel exterminador\u2019.<\/p>\n<p align=\"justify\">El propio director de la revista, Gonzalo Mont\u00f3n Mu\u00f1oz, y el editor de la misma y gerente del Cine Maravillas, Nacho Navarro, nos adentran en la figura de \u2018Emilio Casanova. La forja laboriosa de un videocreador\u2019. Mientras, Jos\u00e9 Luis Mu\u00f1oz Bejarano (profesor, Acad\u00e9mico de la Artes y las Ciencias Cinematogr\u00e1ficas de Espa\u00f1a, codirector de festivales) aporta sus conocimientos sobre \u2018Ense\u00f1ar a mirar: cine, pantallas y alfabetizaci\u00f3n audiovisual\u2019.<\/p>\n<p align=\"justify\">Asimismo, en las p\u00e1ginas de Cabiria encontraremos la cr\u00f3nica del VIII Rally cinematogr\u00e1fico Desafio Bu\u00f1uel ,a cargo de Guillermo Chapa (director, adem\u00e1s de asesor y jurado del Rally).<\/p>\n<p align=\"justify\">Tambi\u00e9n hay p\u00e1ginas para adentrarse en el relato, como \u2018Alteraci\u00f3n de la rutina\u2019 de Antonio Castellote Bravo (profesor, escritor y guionista, entre otros de cortos y documentales del cineasta turolense Jos\u00e9 Miguel Iranzo), \u2018Festival Can\u00edbal\u2019 de Kakel Barraca M\u00e9ndez (aficionada al cine y la literatura), o \u2018No olvides la c\u00e1mara\u2019, de H\u00e9ctor Mont\u00f3n Julve (graduado en Filosof\u00eda y en Historia y Ciencias de la M\u00fasica y cofundador de Numinis. Revista de Filosof\u00eda).<\/p>\n<p align=\"justify\">Las ilustraciones corren a cargo de Carolina Ca\u00f1ada (portada), Toni Alcaine, Germ\u00e1n Alcaine D\u00edaz, Virginia Sierra (Piti), Javier Hern\u00e1ndez-Gracia, David Sancho, Carola Hinojosa Torres y Maggie Ballest\u00edn Manrique. El dise\u00f1o y la impresi\u00f3n son de la empresa turolense TerueliGR\u00e1fica.<\/p>\n<p align=\"justify\">Todos los n\u00fameros de Cabiria est\u00e1n disponibles para leer y descargar en formato PDF a trav\u00e9s de las p\u00e1ginas web del Instituto de Estudios Turolenses y del Cine Maravillas, facilitando su difusi\u00f3n y acceso a un p\u00fablico m\u00e1s amplio.<\/p>\n<p align=\"justify\"><strong>BEATRIZ MART\u00cdN. Vicepresidenta y diputada delegada del IET<\/strong><\/p>\n<p><a href=\"https:\/\/www.dpteruel.es\/DPTweb\/wp-content\/uploads\/2025\/12\/bea-martin.mp3\" rel=\"nofollow noopener\" target=\"_blank\">https:\/\/www.dpteruel.es\/DPTweb\/wp-content\/uploads\/2025\/12\/bea-martin.mp3<\/a><\/p>\n<p>\u00a0<\/p>\n<p><strong>INMACULADA PLAZA. Directora del IET<\/strong><\/p>\n<p><a href=\"https:\/\/www.dpteruel.es\/DPTweb\/wp-content\/uploads\/2025\/12\/inma-plaza.mp3\" rel=\"nofollow noopener\" target=\"_blank\">https:\/\/www.dpteruel.es\/DPTweb\/wp-content\/uploads\/2025\/12\/inma-plaza.mp3<\/a><\/p>\n","protected":false},"excerpt":{"rendered":"De derecha a izquierda, Beatriz Mart\u00edn, Gonzalo Mont\u00f3n, Inmaculada Plaza y Nacho Navarro. La revista Cabiria, publicaci\u00f3n anual&hellip;\n","protected":false},"author":2,"featured_media":291133,"comment_status":"","ping_status":"","sticky":false,"template":"","format":"standard","meta":{"footnotes":""},"categories":[42],"tags":[17,18,69775,209,13,14,11,14742,61,62,63,64,19,20,9,10,15,16,1738,12,21,22,65,66,67],"class_list":{"0":"post-291132","1":"post","2":"type-post","3":"status-publish","4":"format-standard","5":"has-post-thumbnail","7":"category-internacional","8":"tag-breaking-news","9":"tag-breakingnews","10":"tag-cabiria","11":"tag-cultura","12":"tag-featured-news","13":"tag-featurednews","14":"tag-headlines","15":"tag-iet","16":"tag-internacional","17":"tag-international","18":"tag-international-news","19":"tag-internationalnews","20":"tag-latest-news","21":"tag-latestnews","22":"tag-news","23":"tag-noticias","24":"tag-noticias-destacadas","25":"tag-noticiasdestacadas","26":"tag-revista","27":"tag-titulares","28":"tag-ultimas-noticias","29":"tag-ultimasnoticias","30":"tag-world","31":"tag-world-news","32":"tag-worldnews"},"share_on_mastodon":{"url":"https:\/\/pubeurope.com\/@es\/115729159337839633","error":""},"_links":{"self":[{"href":"https:\/\/www.europesays.com\/es\/wp-json\/wp\/v2\/posts\/291132","targetHints":{"allow":["GET"]}}],"collection":[{"href":"https:\/\/www.europesays.com\/es\/wp-json\/wp\/v2\/posts"}],"about":[{"href":"https:\/\/www.europesays.com\/es\/wp-json\/wp\/v2\/types\/post"}],"author":[{"embeddable":true,"href":"https:\/\/www.europesays.com\/es\/wp-json\/wp\/v2\/users\/2"}],"replies":[{"embeddable":true,"href":"https:\/\/www.europesays.com\/es\/wp-json\/wp\/v2\/comments?post=291132"}],"version-history":[{"count":0,"href":"https:\/\/www.europesays.com\/es\/wp-json\/wp\/v2\/posts\/291132\/revisions"}],"wp:featuredmedia":[{"embeddable":true,"href":"https:\/\/www.europesays.com\/es\/wp-json\/wp\/v2\/media\/291133"}],"wp:attachment":[{"href":"https:\/\/www.europesays.com\/es\/wp-json\/wp\/v2\/media?parent=291132"}],"wp:term":[{"taxonomy":"category","embeddable":true,"href":"https:\/\/www.europesays.com\/es\/wp-json\/wp\/v2\/categories?post=291132"},{"taxonomy":"post_tag","embeddable":true,"href":"https:\/\/www.europesays.com\/es\/wp-json\/wp\/v2\/tags?post=291132"}],"curies":[{"name":"wp","href":"https:\/\/api.w.org\/{rel}","templated":true}]}}