{"id":291134,"date":"2025-12-16T12:06:19","date_gmt":"2025-12-16T12:06:19","guid":{"rendered":"https:\/\/www.europesays.com\/es\/291134\/"},"modified":"2025-12-16T12:06:19","modified_gmt":"2025-12-16T12:06:19","slug":"toma-de-posesion-de-dos-nuevos-jefes-de-dotacion-oficial-de-bomberos-en-el-servicio-contra-incendios-salvamento-y-proteccion-civil","status":"publish","type":"post","link":"https:\/\/www.europesays.com\/es\/291134\/","title":{"rendered":"Toma de posesi\u00f3n de dos nuevos Jefes de Dotaci\u00f3n Oficial de Bomberos en el Servicio Contra Incendios, Salvamento y Protecci\u00f3n Civil"},"content":{"rendered":"<p>Toma de posesi\u00f3n de dos nuevos Jefes de Dotaci\u00f3n Oficial de Bomberos en el Servicio Contra Incendios, Salvamento y Protecci\u00f3n Civil \u2013 Excmo. Ayuntamiento de Baza<\/p>\n<p> &#13;<br \/>\n&#13;<br \/>\n&#13;<br \/>\n&#13;<\/p>\n<p>&#13;<br \/>\n\t\t&#13;<br \/>\n\t\tUtilizamos cookies para asegurar que damos la mejor experiencia al usuario en nuestra web. Si sigues utilizando este sitio asumiremos que est\u00e1s de acuerdo.<a href=\"#\" id=\"cn-accept-cookie\" data-cookie-set=\"accept\" class=\"cn-set-cookie cn-button\" aria-label=\"Vale\" style=\"background-color: #00a99d\">Vale<\/a><a href=\"https:\/\/ayuntamientodebaza.es\/?page_id=1255\" target=\"_blank\" id=\"cn-more-info\" class=\"cn-more-info cn-button\" aria-label=\"Pol\u00edtica de cookies\" style=\"background-color: #00a99d\" rel=\"nofollow noopener\">Pol\u00edtica de cookies<\/a><\/p>\n<p>\t\t&#13;<\/p>\n","protected":false},"excerpt":{"rendered":"Toma de posesi\u00f3n de dos nuevos Jefes de Dotaci\u00f3n Oficial de Bomberos en el Servicio Contra Incendios, Salvamento&hellip;\n","protected":false},"author":2,"featured_media":291135,"comment_status":"","ping_status":"","sticky":false,"template":"","format":"standard","meta":{"footnotes":""},"categories":[8],"tags":[17,18,25,24,13,14,11,19,20,9,10,15,16,23,12,21,22],"class_list":{"0":"post-291134","1":"post","2":"type-post","3":"status-publish","4":"format-standard","5":"has-post-thumbnail","7":"category-espana","8":"tag-breaking-news","9":"tag-breakingnews","10":"tag-es","11":"tag-espana","12":"tag-featured-news","13":"tag-featurednews","14":"tag-headlines","15":"tag-latest-news","16":"tag-latestnews","17":"tag-news","18":"tag-noticias","19":"tag-noticias-destacadas","20":"tag-noticiasdestacadas","21":"tag-spain","22":"tag-titulares","23":"tag-ultimas-noticias","24":"tag-ultimasnoticias"},"share_on_mastodon":{"url":"https:\/\/pubeurope.com\/@es\/115729162849285232","error":""},"_links":{"self":[{"href":"https:\/\/www.europesays.com\/es\/wp-json\/wp\/v2\/posts\/291134","targetHints":{"allow":["GET"]}}],"collection":[{"href":"https:\/\/www.europesays.com\/es\/wp-json\/wp\/v2\/posts"}],"about":[{"href":"https:\/\/www.europesays.com\/es\/wp-json\/wp\/v2\/types\/post"}],"author":[{"embeddable":true,"href":"https:\/\/www.europesays.com\/es\/wp-json\/wp\/v2\/users\/2"}],"replies":[{"embeddable":true,"href":"https:\/\/www.europesays.com\/es\/wp-json\/wp\/v2\/comments?post=291134"}],"version-history":[{"count":0,"href":"https:\/\/www.europesays.com\/es\/wp-json\/wp\/v2\/posts\/291134\/revisions"}],"wp:featuredmedia":[{"embeddable":true,"href":"https:\/\/www.europesays.com\/es\/wp-json\/wp\/v2\/media\/291135"}],"wp:attachment":[{"href":"https:\/\/www.europesays.com\/es\/wp-json\/wp\/v2\/media?parent=291134"}],"wp:term":[{"taxonomy":"category","embeddable":true,"href":"https:\/\/www.europesays.com\/es\/wp-json\/wp\/v2\/categories?post=291134"},{"taxonomy":"post_tag","embeddable":true,"href":"https:\/\/www.europesays.com\/es\/wp-json\/wp\/v2\/tags?post=291134"}],"curies":[{"name":"wp","href":"https:\/\/api.w.org\/{rel}","templated":true}]}}