{"id":291138,"date":"2025-12-16T12:11:12","date_gmt":"2025-12-16T12:11:12","guid":{"rendered":"https:\/\/www.europesays.com\/es\/291138\/"},"modified":"2025-12-16T12:11:12","modified_gmt":"2025-12-16T12:11:12","slug":"tecnologia-de-vanguardia-en-un-club-historico","status":"publish","type":"post","link":"https:\/\/www.europesays.com\/es\/291138\/","title":{"rendered":"tecnolog\u00eda de vanguardia en un club hist\u00f3rico"},"content":{"rendered":"<p data-gtm-element-container=\"modulo-texto-link\" class=\"paragraph\"><strong>Peralada <\/strong>es uno de los pueblos <strong>medievales <\/strong>m\u00e1s <strong>magn\u00e9ticos <\/strong>del <strong>Alt Empord\u00e0<\/strong> y quien lo visita se lo lleva en el <strong>recuerdo <\/strong>para siempre. Lo saben sus <strong>habitantes<\/strong>, los <strong>viajeros <\/strong>y los <strong>turistas<\/strong>, y tambi\u00e9n los aficionados al <strong>golf<\/strong>, un <strong>deporte <\/strong>presente en este municipio desde que el <strong>Golf Club Perelada<\/strong> abri\u00f3 sus puertas. Es uno de los campos m\u00e1s <strong>prestigiosos <\/strong>y <strong>consolidados <\/strong>de la <strong>Costa Brava<\/strong>, y vive un momento de <strong>transformaci\u00f3n <\/strong>impulsado por las nuevas <strong>reglas <\/strong>del <strong>juego <\/strong>que impone el <strong>cambio clim\u00e1tico<\/strong>.<\/p>\n<p data-gtm-element-container=\"modulo-texto-link\" class=\"paragraph\">\u201cEl a\u00f1o 2024 estuvo marcado por una <strong>sequ\u00eda <\/strong>y unas <strong>temperaturas <\/strong>altas fuera de lo com\u00fan\u00bb, recuerda la <strong>directora <\/strong>de las instalaciones, <strong>N\u00faria Bech<\/strong>, \u201cy nos dimos cuenta de que era necesario <strong>replantear <\/strong>por completo la <strong>gesti\u00f3n <\/strong>del <strong>agua<\/strong>\u201d. Adem\u00e1s de seguir utilizando agua <strong>reciclada<\/strong>, actualmente se est\u00e1 trabajando para instalar un sistema <strong>inteligente<\/strong>, <strong>eficiente <\/strong>y <strong>dom\u00f3tico <\/strong>capaz de aplicar agua de manera <strong>selectiva <\/strong>all\u00ed donde realmente importa: <strong>calles <\/strong>y <strong>greens<\/strong>. La zona de juego estar\u00e1 siempre en perfectas <strong>condiciones<\/strong>, incluso en \u00e9pocas de <strong>escasez de lluvias<\/strong>.<\/p>\n<blockquote>\n<p>        \u00abEl a\u00f1o 2024 estuvo marcado por una sequ\u00eda y unas temperaturas altas fuera de lo com\u00fan y nos dimos cuenta de que era necesario replantear por completo la gesti\u00f3n del agua.\u00bb<\/p>\n<p>            N\u00faria BechDirectora Golf Perelada<\/p>\n<\/blockquote>\n<p data-gtm-element-container=\"modulo-texto-link\" class=\"paragraph\">Aprovechando las circunstancias, la direcci\u00f3n del club comenta que tiene previsto realizar <strong>podas <\/strong>y <strong>ajustes <\/strong>en el <strong>recorrido <\/strong>para <strong>suavizar <\/strong>el juego sin perder su car\u00e1cter <strong>competitivo<\/strong>. \u201cNuestra intenci\u00f3n es <strong>mejorar <\/strong>el <strong>circuito <\/strong>y que todos los jugadores puedan disfrutarlo al m\u00e1ximo con un servicio <strong>impecable<\/strong>\u201d, explica Bech.<\/p>\n<p>                <img loading=\"lazy\" decoding=\"async\" data-full-src=\"https:\/\/www.mundodeportivo.com\/uploads\/2025\/11\/25\/6925e46d2770d.jpeg\" alt=\"El nuevo sistema de riego de \u00faltima generaci\u00f3n ser\u00e1 capaz de regar de manera selectiva.\" width=\"449\" height=\"235\" src=\"https:\/\/www.europesays.com\/es\/wp-content\/uploads\/2025\/12\/6925e46d2770d.jpeg\" class=\"lazy\"\/><\/p>\n<p class=\"caption-title \">El club estrenar\u00e1 un sistema de riego selectivo de \u00faltima generaci\u00f3n.\u00a0<\/p>\n<p>                    Golf Perelada<\/p>\n<p>La apertura al mercado internacional<\/p>\n<p data-gtm-element-container=\"modulo-texto-link\" class=\"paragraph\">La <strong>trayectoria <\/strong>del Golf Perelada est\u00e1 marcada por una <strong>visi\u00f3n <\/strong>a <strong>largo plazo<\/strong>. N\u00faria Bech la ha vivido en primera persona desde sus inicios. \u201c<strong>Empec\u00e9 <\/strong>a trabajar en <strong>recepci\u00f3n<\/strong> y he visto <strong>crecer <\/strong>el club desde <strong>cero<\/strong>. Aqu\u00ed siempre hemos hecho las cosas<strong> poco a poco<\/strong>, con <strong>coherencia <\/strong>y <strong>pensando <\/strong>en el <strong>futuro<\/strong>\u201d.<\/p>\n<p data-gtm-element-container=\"modulo-texto-link\" class=\"paragraph\">Las instalaciones <strong>abrieron <\/strong>al p\u00fablico en <strong>1993 <\/strong>y, durante los primeros a\u00f1os, no dispon\u00edan de alojamiento. La <strong>inauguraci\u00f3n <\/strong>del <strong>hotel <\/strong>en <strong>2001 <\/strong>supuso un <strong>salto <\/strong>enorme y desbloque\u00f3 su <strong>potencial internacional<\/strong>. \u201cNos permiti\u00f3 <strong>superar <\/strong>la marcada <strong>estacionalidad <\/strong>de la Costa Brava, <strong>alojar <\/strong>torneos de <strong>prestigio <\/strong>durante todo el a\u00f1o y <strong>consolidar <\/strong>el <strong>atractivo <\/strong>para <strong>mercados <\/strong>clave\u201d. Como el <strong>franc\u00e9s<\/strong> y el <strong>n\u00f3rdico<\/strong>, que buscan <strong>destinos <\/strong>de <strong>calidad <\/strong>y buen <strong>clima <\/strong>en meses con menor afluencia tur\u00edstica.<\/p>\n<blockquote class=\"instagram-media\" data-instgrm-captioned=\"\" data-instgrm-version=\"6\" style=\"background: #FFF; border: 0; border-radius: 3px; box-shadow: 0 0 1px 0 rgba(0,&#10;0, 0, 0.5), 0 1px 10px 0 rgba(0, 0, 0, 0.15); margin: 1px; max-width: 658px; padding: 0;&#10;width: 99.375%; width: -webkit-calc(100% - 2px); width: calc(100% - 2px);\">\n<\/blockquote>\n<blockquote>\n<p>        \u00abEl hotel nos permiti\u00f3 superar la marcada estacionalidad de la Costa Brava, alojar torneos de prestigio durante todo el a\u00f1o y consolidar el atractivo para mercados clave.\u00bb<\/p>\n<p>            N\u00faria BechDirectora Golf Club Perelada<\/p>\n<\/blockquote>\n<p>El golf es solo la excusa<br \/>\nSolo hay que echar un vistazo a la agenda anual para comprobar que el Golf Club Perelada no es solo un club de golf, sino que se engrandece gracias a las sinergias con el hotel de 5 estrellas, la bodega, el castillo del siglo XIV, el casino y la oferta gastron\u00f3mica de todo el Grupo Perelada.\u00a0<br \/>Estas son algunas de las propuestas m\u00e1s destacadas:\u00a0<\/p>\n<p>&#8211;\u00a0 \u201cPoker en Swing\u201d. Combina golf por la ma\u00f1ana y p\u00f3quer por la tarde.<\/p>\n<p>&#8211; \u201cTasta Swing\u201d. Fusiona el juego con la gastronom\u00eda y el vino de Perelada.<\/p>\n<p>&#8211; \u00abGolfy Week Catalonia\u00bb. Se desarrolla por varios campos de la Costa Brava y culmina en el castillo con una gran cena.<\/p>\n<p>\u201cEl golf es solo la excusa\u201d, resume Bech, \u201cpuedes venir a jugar, pero disfrutas de mucho m\u00e1s\u201d.<\/p>\n<p>Buscando el relevo con nuevas promesas<\/p>\n<p data-gtm-element-container=\"modulo-texto-link\" class=\"paragraph\">El <strong>compromiso <\/strong>del club con la <strong>formaci\u00f3n <\/strong>es otra pieza clave. Participa en el programa \u201c<strong>Golf a les escoles<\/strong>\u201d con la escuela de Peralada, gracias al cual los alumnos de <strong>primaria <\/strong>reciben <strong>clases <\/strong>de golf dentro del horario de <strong>Educaci\u00f3n F\u00edsica<\/strong>. Para quienes muestran inter\u00e9s y quieren seguir aprendiendo, se programan <strong>cursos infantiles <\/strong>los s\u00e1bados.\u00a0<\/p>\n<p data-gtm-element-container=\"modulo-texto-link\" class=\"paragraph\">Con un perfil de cliente actual del <strong>60 % s\u00e9nior<\/strong> y <strong>40 % m\u00e1s joven<\/strong>, esta iniciativa ayuda a crear un <strong>v\u00ednculo <\/strong>emocional con el <strong>territorio<\/strong>, ampliar la <strong>base <\/strong>de practicantes y buscar el siempre deseado <strong>relevo<\/strong>. \u201cSi los ni\u00f1os aprenden en nuestros campos, ya no ven el golf como un <strong>deporte <\/strong>lejano o exclusivo. Queremos que forme parte de su d\u00eda a d\u00eda\u201d.<\/p>\n<blockquote>\n<p>        \u00abSi los ni\u00f1os aprenden en nuestros campos ya no ven el golf como un deporte lejano o exclusivo. Queremos que forme parte de su d\u00eda a d\u00eda\u00bb<\/p>\n<p>            N\u00faria BechDirectora Golf Club Perelada<\/p>\n<\/blockquote>\n<blockquote class=\"instagram-media\" data-instgrm-captioned=\"\" data-instgrm-version=\"6\" style=\"background: #FFF; border: 0; border-radius: 3px; box-shadow: 0 0 1px 0 rgba(0,&#10;0, 0, 0.5), 0 1px 10px 0 rgba(0, 0, 0, 0.15); margin: 1px; max-width: 658px; padding: 0;&#10;width: 99.375%; width: -webkit-calc(100% - 2px); width: calc(100% - 2px);\">\n<\/blockquote>\n<p data-gtm-element-container=\"modulo-texto-link\" class=\"paragraph\">En el \u00e1mbito <strong>corporativo<\/strong>, el club propone <strong>actividades <\/strong>innovadoras que coordinan reuniones de <strong>trabajo <\/strong>con din\u00e1micas de <strong>team building<\/strong> e <strong>iniciaci\u00f3n <\/strong>al golf, pensadas para ser l\u00fadicas y divertidas incluso para <strong>principiantes<\/strong>.<\/p>\n<p><a href=\"https:\/\/www.mundodeportivo.com\/clubs-mundo\/unete\/20250929\/1002541096\/unete.html\" target=\"_blank\" rel=\"nofollow noopener\">\u00bfQUIERES DAR VISIBILIDAD A TU CLUB? ENTRA AQU\u00cd<\/a><\/p>\n<p>La excelencia en el horizonte<\/p>\n<p data-gtm-element-container=\"modulo-texto-link\" class=\"paragraph\">El <strong>equipo <\/strong>del <a href=\"https:\/\/www.golfperalada.com\/es\" rel=\"nofollow noreferrer noopener\" target=\"_blank\">Golf Club Perelada<\/a> mira hacia el <strong>futuro <\/strong>con la celebraci\u00f3n de la <strong>Ryder Cup de 2031<\/strong> en Catalunya en el <strong>horizonte<\/strong>. Y se ha propuesto para entonces <strong>subir <\/strong>de <strong>nivel <\/strong>para conseguir la <strong>excelencia <\/strong>en todos sus servicios y que la <strong>Costa Brava <\/strong>merezca ser <strong>destino <\/strong>mundial de este <strong>deporte<\/strong>. Y no se trata de hacer ruido, asegura Bech, se trata de hacer bien las cosas.<\/p>\n","protected":false},"excerpt":{"rendered":"Peralada es uno de los pueblos medievales m\u00e1s magn\u00e9ticos del Alt Empord\u00e0 y quien lo visita se lo&hellip;\n","protected":false},"author":2,"featured_media":291139,"comment_status":"","ping_status":"","sticky":false,"template":"","format":"standard","meta":{"footnotes":""},"categories":[275],"tags":[168,25,24,329,23,167],"class_list":{"0":"post-291138","1":"post","2":"type-post","3":"status-publish","4":"format-standard","5":"has-post-thumbnail","7":"category-golf","8":"tag-deportes","9":"tag-es","10":"tag-espana","11":"tag-golf","12":"tag-spain","13":"tag-sports"},"share_on_mastodon":{"url":"https:\/\/pubeurope.com\/@es\/115729182985356017","error":""},"_links":{"self":[{"href":"https:\/\/www.europesays.com\/es\/wp-json\/wp\/v2\/posts\/291138","targetHints":{"allow":["GET"]}}],"collection":[{"href":"https:\/\/www.europesays.com\/es\/wp-json\/wp\/v2\/posts"}],"about":[{"href":"https:\/\/www.europesays.com\/es\/wp-json\/wp\/v2\/types\/post"}],"author":[{"embeddable":true,"href":"https:\/\/www.europesays.com\/es\/wp-json\/wp\/v2\/users\/2"}],"replies":[{"embeddable":true,"href":"https:\/\/www.europesays.com\/es\/wp-json\/wp\/v2\/comments?post=291138"}],"version-history":[{"count":0,"href":"https:\/\/www.europesays.com\/es\/wp-json\/wp\/v2\/posts\/291138\/revisions"}],"wp:featuredmedia":[{"embeddable":true,"href":"https:\/\/www.europesays.com\/es\/wp-json\/wp\/v2\/media\/291139"}],"wp:attachment":[{"href":"https:\/\/www.europesays.com\/es\/wp-json\/wp\/v2\/media?parent=291138"}],"wp:term":[{"taxonomy":"category","embeddable":true,"href":"https:\/\/www.europesays.com\/es\/wp-json\/wp\/v2\/categories?post=291138"},{"taxonomy":"post_tag","embeddable":true,"href":"https:\/\/www.europesays.com\/es\/wp-json\/wp\/v2\/tags?post=291138"}],"curies":[{"name":"wp","href":"https:\/\/api.w.org\/{rel}","templated":true}]}}