{"id":291146,"date":"2025-12-16T12:16:10","date_gmt":"2025-12-16T12:16:10","guid":{"rendered":"https:\/\/www.europesays.com\/es\/291146\/"},"modified":"2025-12-16T12:16:10","modified_gmt":"2025-12-16T12:16:10","slug":"partes-medicos-eray-comert-stole-dimitrievski-y-danjuma","status":"publish","type":"post","link":"https:\/\/www.europesays.com\/es\/291146\/","title":{"rendered":"PARTES M\u00c9DICOS | ERAY C\u00d6MERT, STOLE DIMITRIEVSKI Y DANJUMA"},"content":{"rendered":"<p><strong>PARTE M\u00c9DICO \u2013 ERAY C\u00d6MERT<\/strong><\/p>\n<p>Tras las pruebas efectuadas, el jugador del Valencia CF, Eray C\u00f6mert padece una lesi\u00f3n en la musculatura abdominal sufrida durante el partido del pasado s\u00e1bado frente al Atl\u00e9tico de Madrid.<\/p>\n<p>El central valencianista seguir\u00e1 tratamiento m\u00e9dico, fisioter\u00e1pico y de readaptaci\u00f3n en la Ciudad Deportiva hasta mejor\u00eda cl\u00ednica.<\/p>\n<p>            <img decoding=\"async\" src=\"https:\/\/www.europesays.com\/es\/wp-content\/uploads\/2025\/12\/eray.jpg\" class=\"image\" alt=\"\"\/><\/p>\n<p><strong>PARTE M\u00c9DICO \u2013 STOLE DIMITRIEVSKI<\/strong><\/p>\n<p>El jugador Stole Dimitrievski padece una lesi\u00f3n en la musculatura aductora de su muslo derecho.<\/p>\n<p>El portero valencianista seguir\u00e1 tratamiento m\u00e9dico, fisioter\u00e1pico y de readaptaci\u00f3n en la Ciudad Deportiva hasta mejor\u00eda cl\u00ednica.<\/p>\n<p>            <img decoding=\"async\" src=\"https:\/\/www.europesays.com\/es\/wp-content\/uploads\/2025\/12\/stoleok.jpg\" class=\"image\" alt=\"\"\/><\/p>\n<p><strong>PARTE M\u00c9DICO &#8211; ARNAUT DANJUMA<\/strong><\/p>\n<p>El jugador Arnaut Danjuma padece unas molestias en el tobillo izquierdo, que le impiden viajar con el resto del equipo a Gij\u00f3n.<\/p>\n<p>El delantero seguir\u00e1 tratamiento m\u00e9dico y de fisioterapia en la Ciudad Deportiva hasta mejor\u00eda cl\u00ednica.<\/p>\n<p>            <img decoding=\"async\" src=\"https:\/\/www.europesays.com\/es\/wp-content\/uploads\/2025\/12\/danjuma.jpg\" class=\"image\" alt=\"\"\/><\/p>\n<p>\n                            Copyright 2013-2025 Valencia Club de F\u00fatbol. Se permite el uso del contenido editorial del art\u00edculo siempre y cuando se haga referencia a su fuente, adem\u00e1s de contener el siguiente enlace: www.valenciacf.com. Fotograf\u00edas de L\u00e1zaro de la Pe\u00f1a, no se permite su reutilizaci\u00f3n.<\/p>\n","protected":false},"excerpt":{"rendered":"PARTE M\u00c9DICO \u2013 ERAY C\u00d6MERT Tras las pruebas efectuadas, el jugador del Valencia CF, Eray C\u00f6mert padece una&hellip;\n","protected":false},"author":2,"featured_media":291147,"comment_status":"","ping_status":"","sticky":false,"template":"","format":"standard","meta":{"footnotes":""},"categories":[268],"tags":[168,25,24,280,282,281,23,167],"class_list":{"0":"post-291146","1":"post","2":"type-post","3":"status-publish","4":"format-standard","5":"has-post-thumbnail","7":"category-futbol","8":"tag-deportes","9":"tag-es","10":"tag-espana","11":"tag-football","12":"tag-futbol","13":"tag-soccer","14":"tag-spain","15":"tag-sports"},"share_on_mastodon":{"url":"https:\/\/pubeurope.com\/@es\/115729203022192846","error":""},"_links":{"self":[{"href":"https:\/\/www.europesays.com\/es\/wp-json\/wp\/v2\/posts\/291146","targetHints":{"allow":["GET"]}}],"collection":[{"href":"https:\/\/www.europesays.com\/es\/wp-json\/wp\/v2\/posts"}],"about":[{"href":"https:\/\/www.europesays.com\/es\/wp-json\/wp\/v2\/types\/post"}],"author":[{"embeddable":true,"href":"https:\/\/www.europesays.com\/es\/wp-json\/wp\/v2\/users\/2"}],"replies":[{"embeddable":true,"href":"https:\/\/www.europesays.com\/es\/wp-json\/wp\/v2\/comments?post=291146"}],"version-history":[{"count":0,"href":"https:\/\/www.europesays.com\/es\/wp-json\/wp\/v2\/posts\/291146\/revisions"}],"wp:featuredmedia":[{"embeddable":true,"href":"https:\/\/www.europesays.com\/es\/wp-json\/wp\/v2\/media\/291147"}],"wp:attachment":[{"href":"https:\/\/www.europesays.com\/es\/wp-json\/wp\/v2\/media?parent=291146"}],"wp:term":[{"taxonomy":"category","embeddable":true,"href":"https:\/\/www.europesays.com\/es\/wp-json\/wp\/v2\/categories?post=291146"},{"taxonomy":"post_tag","embeddable":true,"href":"https:\/\/www.europesays.com\/es\/wp-json\/wp\/v2\/tags?post=291146"}],"curies":[{"name":"wp","href":"https:\/\/api.w.org\/{rel}","templated":true}]}}