{"id":291148,"date":"2025-12-16T12:17:09","date_gmt":"2025-12-16T12:17:09","guid":{"rendered":"https:\/\/www.europesays.com\/es\/291148\/"},"modified":"2025-12-16T12:17:09","modified_gmt":"2025-12-16T12:17:09","slug":"maria-del-monte-sobre-el-proceso-judicial-al-que-se-enfrenta-su-sobrino-por-el-asalto-a-su-casa-todo-se-acabara-todo","status":"publish","type":"post","link":"https:\/\/www.europesays.com\/es\/291148\/","title":{"rendered":"Mar\u00eda del Monte sobre el proceso judicial al que se enfrenta su sobrino por el asalto a su casa: \u00abTodo se acabar\u00e1, todo\u00bb"},"content":{"rendered":"<p data-journey-content=\"true\" data-node-id=\"3\" class=\"css-6wxqfj emevuu60\"><strong data-node-id=\"3.0\">Mar\u00eda del Monte no ha querido faltar a uno de los eventos musicales del a\u00f1o: la gala Billboard de Starlite Madrid<\/strong>. \u00abYo  suelo escuchar mucha m\u00fasica y muy variada, pero este a\u00f1o yo creo que ha habido necesidad escuchar m\u00fasica m\u00e1s alegre. Creo que las necesidades internas, al fin y al cabo, salen a la vista y creo que todo el mundo ha necesitado un poquito de alegr\u00eda a la hora de escuchar m\u00fasica\u00bb, comentaba a su llegada al evento. Este 2025 no ha sido f\u00e1cil para la cantante. <strong data-node-id=\"3.2\">El pasado octubre se supo que la Fiscal\u00eda de Sevilla <a href=\"https:\/\/www.diezminutos.es\/famosos-corazon\/famosos-espanoles\/a68882379\/primeras-imagenes-antonio-tejado-peticion-carcel-fiscalia\/\" target=\"_blank\" data-vars-ga-outbound-link=\"https:\/\/www.diezminutos.es\/famosos-corazon\/famosos-espanoles\/a68882379\/primeras-imagenes-antonio-tejado-peticion-carcel-fiscalia\/\" data-vars-ga-ux-element=\"Hyperlink\" data-vars-ga-call-to-action=\"solicitaba una pena total de 30 a\u00f1os de prisi\u00f3n\" data-node-id=\"3.2.1\" class=\"body-link css-177bzfx emevuu60\" rel=\"nofollow noopener\">solicitaba una pena total de 30 a\u00f1os de prisi\u00f3n<\/a><\/strong> y la defensa de Mar\u00eda del Monte 28 a\u00f1os para Antonio Tejado por su implicaci\u00f3n en <a href=\"https:\/\/www.diezminutos.es\/famosos-corazon\/famosos-espanoles\/a44918796\/maria-del-monte-asalto-casa-sevilla-inmaculada-casal\/\" target=\"_blank\" data-vars-ga-outbound-link=\"https:\/\/www.diezminutos.es\/famosos-corazon\/famosos-espanoles\/a44918796\/maria-del-monte-asalto-casa-sevilla-inmaculada-casal\/\" data-vars-ga-ux-element=\"Hyperlink\" data-vars-ga-call-to-action=\"el robo cometido en el chal\u00e9 de su t\u00eda\" data-node-id=\"3.4\" class=\"body-link css-177bzfx emevuu60\" rel=\"nofollow noopener\">el robo cometido en el chal\u00e9 de su t\u00eda<\/a> en agosto de 2023. El juicio est\u00e1 previsto que tenga lugar en los \u00faltimos meses del a\u00f1o 2026 o incluso en los primeros del a\u00f1o 2027. \u00abTodo se acabar\u00e1, todo\u00bb, afirma la artista cuando le preguntan por el tema que ha dado un giro a su vida personal.<\/p>\n<p data-journey-content=\"true\" data-node-id=\"6\" class=\"css-6wxqfj emevuu60\"><strong data-node-id=\"6.0\">La cantante reconoce que las Navidades son fechas complicadas<\/strong>. \u00abPor narices te obligan a mirar como a un \u00e1lbum de fotograf\u00eda, que yo normalmente lo suelo tener muy presente siempre, pero estas fechas es como si te pusieran delante y te hicieran&#8230; Pero bueno, <strong data-node-id=\"6.2\">yo creo que hay que echarle un poquito de valor a todo,<\/strong> de pensar en que viene gente peque\u00f1aja y que lo mismo que nos ense\u00f1aron a nosotros nos toca transmitir y trasladar. A mis padres les faltaron los suyos y no por ello dejaron de darme alegr\u00eda\u00bb, coment\u00f3 Mar\u00eda del Monte. <\/p>\n<p><img draggable=\"true\" alt=\"maria del monte en la gala starlite madrid\" title=\"Maria del Monte en la gala Starlite Madrid\" loading=\"lazy\" width=\"4800\" height=\"7200\" decoding=\"async\" data-nimg=\"1\" style=\"color:transparent;width:100%;height:auto;\"   src=\"https:\/\/www.europesays.com\/es\/wp-content\/uploads\/2025\/12\/maria-del-monte-starlite-69411bb60e12c.jpg\" class=\"css-0 e1g79fud0\"\/><\/p>\n<p>Gtres<\/p>\n<p>Mar\u00eda del Monte evita hablar de su sobrino, Antonio Tejado<\/p>\n<p data-journey-content=\"true\" data-node-id=\"10\" class=\"css-6wxqfj emevuu60\"><strong data-node-id=\"10.0\">La artista atraviesa una dura situaci\u00f3n personal desde agosto de 2023 <\/strong>cuando sufri\u00f3 un asalto en su chal\u00e9 de Gines (Sevilla) y meses despu\u00e9s se conoci\u00f3 <a href=\"https:\/\/www.diezminutos.es\/famosos-corazon\/famosos-espanoles\/a46708810\/antonio-tejado-sobrino-maria-del-monte-detenido-robo-casa-tia\/\" target=\"_blank\" data-vars-ga-outbound-link=\"https:\/\/www.diezminutos.es\/famosos-corazon\/famosos-espanoles\/a46708810\/antonio-tejado-sobrino-maria-del-monte-detenido-robo-casa-tia\/\" data-vars-ga-ux-element=\"Hyperlink\" data-vars-ga-call-to-action=\"la supuesta implicaci\u00f3n de su sobrino, Antonio Tejado\" data-node-id=\"10.2\" class=\"body-link css-177bzfx emevuu60\" rel=\"nofollow noopener\">la supuesta implicaci\u00f3n de su sobrino, Antonio Tejado<\/a>, en el robo. Un tema del que prefiere mantenerse al margen. \u00abYo entiendo que es vuestro trabajo. S\u00e9 que lo hac\u00e9is con much\u00edsimo respeto. Una no tiene m\u00e1s remedio que entender que los dem\u00e1s est\u00e1n cumpliendo con su obligaci\u00f3n, pero <strong data-node-id=\"10.4\">frente al derecho a preguntar tambi\u00e9n est\u00e1 el derecho a no poder responder o no querer <\/strong>o&#8230; ll\u00e1malo como quiera\u00bb, respond\u00eda la cantante sobre el tema. Y zanjaba: \u00abTodo se acabar\u00e1. Todo\u00bb. <\/p>\n<p data-journey-content=\"true\" data-node-id=\"14\" class=\"css-6wxqfj emevuu60\">Antes de que acabe el a\u00f1o, <a href=\"https:\/\/www.diezminutos.es\/famosos-corazon\/famosos-espanoles\/a69381260\/antonio-tejado-claves-caso-robo-maria-del-monte\/\" target=\"_blank\" data-vars-ga-outbound-link=\"https:\/\/www.diezminutos.es\/famosos-corazon\/famosos-espanoles\/a69381260\/antonio-tejado-claves-caso-robo-maria-del-monte\/\" data-vars-ga-ux-element=\"Hyperlink\" data-vars-ga-call-to-action=\"el sobrino de Mar\u00eda del Monte debe presentar su escrito\" data-node-id=\"14.1\" class=\"body-link css-177bzfx emevuu60\" rel=\"nofollow noopener\">el sobrino de Mar\u00eda del Monte debe presentar su escrito<\/a> de defensa para el juicio por el asalto al chal\u00e9 de la artista, que no est\u00e1 previsto que se celebre hasta finales de 2026 o principios del 2027. <strong data-node-id=\"14.3\">La cantante, que habr\u00eda pedido no coincidir en el juicio con su sobrino<\/strong>, solo pide una cosa a 2026 y no tiene nada que ver con el robo que sufri\u00f3. \u00abSolo le pido \u00fanica y exclusivamente lo imprescindible, salud. Lo dem\u00e1s lo buscamos nosotros, en mayor o menor medida, pero salud\u00bb, afirm\u00f3 rotunda.<\/p>\n<p data-journey-content=\"true\" data-node-id=\"16\" class=\"css-6wxqfj emevuu60\"><strong data-node-id=\"16.0\">Al hacer balance de 2025, Mar\u00eda del Monte reflexion\u00f3: \u00abYo creo que todo el mundo tiene altibajos en su vida<\/strong> y, sin lugar a dudas, habr\u00e1 mucha gente que est\u00e9 mucho peor que yo. Entonces siempre hay que mirar la parte buena de lo que tienes y ver que no necesitas\u00bb. Y asegur\u00f3 que estar rodeada de gente que la quiere es su gran logro. \u00ab<strong data-node-id=\"16.2\">Tengo muchas personas favoritas. Son todas esas que est\u00e1n pendientes de m\u00ed<\/strong>, que no me dejan que me caiga\u00bb, coment\u00f3 la cantante. Entre esas personas est\u00e1 <a href=\"https:\/\/www.diezminutos.es\/famosos-corazon\/famosos-espanoles\/a69191573\/inmaculada-casal-entrevista-mujer-maria-del-monte-valeria-vegas\/\" target=\"_blank\" data-vars-ga-outbound-link=\"https:\/\/www.diezminutos.es\/famosos-corazon\/famosos-espanoles\/a69191573\/inmaculada-casal-entrevista-mujer-maria-del-monte-valeria-vegas\/\" data-vars-ga-ux-element=\"Hyperlink\" data-vars-ga-call-to-action=\"su mujer, Inmaculada Casa\" data-node-id=\"16.4\" class=\"body-link css-177bzfx emevuu60\" rel=\"nofollow noopener\">su mujer, Inmaculada Casa<\/a>l, que tambi\u00e9n estaba en el chal\u00e9 cuando se produjo el asalto.<\/p>\n<p><img src=\"https:\/\/www.europesays.com\/es\/wp-content\/uploads\/2025\/12\/1765887429_209_edf7d479-6cd4-48bc-8600-bcfd6ef75c9d_1734435678.jpg\" alt=\"Headshot of Magdalena Pi\u00f1ero\" title=\"Headshot of Magdalena Pi\u00f1ero\" width=\"100%\" height=\"100%\" decoding=\"async\" loading=\"lazy\" class=\"css-o0wq4v ev8dhu53\"\/><\/p>\n<p>Magdalena Pi\u00f1ero es periodista experta en coraz\u00f3n, celebridades y sociedad. Licenciada en Periodismo por la Universidad de Sevilla, se mud\u00f3 a Madrid para cursar el M\u00e1ster de Periodismo de la Agencia EFE. Hizo pr\u00e1cticas en la secci\u00f3n de Tribunales y en la de Sociedad y Televisi\u00f3n. En ambas disfrut\u00f3 mucho, pero fue en la segunda en la que descubri\u00f3 que cubrir el estreno de la serie de televisi\u00f3n del momento y entrevistar a sus protagonistas le apasionaba mucho m\u00e1s de lo que jam\u00e1s hubiera imaginado. Sonr\u00ede al recordar sus primeras ruedas de prensa, entre ellas &#8216;El programa de Ana Rosa&#8217;.<br \/>\nLleva m\u00e1s de una d\u00e9cada trabajando en la web de Diezminutos.es, pero es una nost\u00e1lgica y recuerda con cari\u00f1o su etapa en el formato de papel de la revista, en la que estuvo colaborando. Un tiempo en el que ha visto y trabajado en las noticias m\u00e1s destacadas del panorama nacional como la boda de Pilar Rubio y Sergio Ramos; el divorcio de Paula Echavarr\u00eda y David Bustamante; y acontecimientos hist\u00f3ricos como la coronaci\u00f3n de Felipe VI como rey de Espa\u00f1a.<br \/>\nAdem\u00e1s del coraz\u00f3n, le encanta la moda y la belleza. De ah\u00ed que ponga el mismo entusiasmo escribiendo sobre los looks de la Reina Letizia que sobre la crema favorita de Isasaweis. Tiene ojo cl\u00ednico para detectar si dos famosas han llevado el mismo vestido y hacer un tema sobre cu\u00e1l de ellas lo lleva mejor.<br \/>\nEn sus ratos libres, adem\u00e1s de seguir form\u00e1ndose en las \u00faltimas novedades digitales para aplicarlas en su trabajo, le encanta ver realities como &#8216;Supervivientes&#8217; y &#8216;Soy Georgina&#8217; (comparte con Georgina Rodr\u00edguez su amor por los ib\u00e9ricos), programas de coraz\u00f3n y todo lo que se emita en la parrilla televisiva de lo que pueda sacar un buen salseo. \u00bfLa excusa que pone siempre para verlos sin que la molesten? : \u00abLo hago por trabajo\u00bb.<\/p>\n","protected":false},"excerpt":{"rendered":"Mar\u00eda del Monte no ha querido faltar a uno de los eventos musicales del a\u00f1o: la gala Billboard&hellip;\n","protected":false},"author":2,"featured_media":291149,"comment_status":"","ping_status":"","sticky":false,"template":"","format":"standard","meta":{"footnotes":""},"categories":[174],"tags":[255,253,146,147,25,24,256,23],"class_list":{"0":"post-291148","1":"post","2":"type-post","3":"status-publish","4":"format-standard","5":"has-post-thumbnail","7":"category-famosos","8":"tag-celebrities","9":"tag-discover","10":"tag-entertainment","11":"tag-entretenimiento","12":"tag-es","13":"tag-espana","14":"tag-famosos","15":"tag-spain"},"share_on_mastodon":{"url":"https:\/\/pubeurope.com\/@es\/115729206113019614","error":""},"_links":{"self":[{"href":"https:\/\/www.europesays.com\/es\/wp-json\/wp\/v2\/posts\/291148","targetHints":{"allow":["GET"]}}],"collection":[{"href":"https:\/\/www.europesays.com\/es\/wp-json\/wp\/v2\/posts"}],"about":[{"href":"https:\/\/www.europesays.com\/es\/wp-json\/wp\/v2\/types\/post"}],"author":[{"embeddable":true,"href":"https:\/\/www.europesays.com\/es\/wp-json\/wp\/v2\/users\/2"}],"replies":[{"embeddable":true,"href":"https:\/\/www.europesays.com\/es\/wp-json\/wp\/v2\/comments?post=291148"}],"version-history":[{"count":0,"href":"https:\/\/www.europesays.com\/es\/wp-json\/wp\/v2\/posts\/291148\/revisions"}],"wp:featuredmedia":[{"embeddable":true,"href":"https:\/\/www.europesays.com\/es\/wp-json\/wp\/v2\/media\/291149"}],"wp:attachment":[{"href":"https:\/\/www.europesays.com\/es\/wp-json\/wp\/v2\/media?parent=291148"}],"wp:term":[{"taxonomy":"category","embeddable":true,"href":"https:\/\/www.europesays.com\/es\/wp-json\/wp\/v2\/categories?post=291148"},{"taxonomy":"post_tag","embeddable":true,"href":"https:\/\/www.europesays.com\/es\/wp-json\/wp\/v2\/tags?post=291148"}],"curies":[{"name":"wp","href":"https:\/\/api.w.org\/{rel}","templated":true}]}}